{"id":7056,"date":"2023-02-06T15:18:24","date_gmt":"2023-02-06T14:18:24","guid":{"rendered":"http:\/\/www.italiaeconomiaonline.it\/web\/?p=7056"},"modified":"2023-02-06T15:18:24","modified_gmt":"2023-02-06T14:18:24","slug":"urso-stasera-a-stoccolma-per-il-vertice-ue-sulla-politica-industriale-con-il-commissario-breton","status":"publish","type":"post","link":"https:\/\/www.italiaeconomiaonline.it\/web\/urso-stasera-a-stoccolma-per-il-vertice-ue-sulla-politica-industriale-con-il-commissario-breton\/","title":{"rendered":"Urso stasera a Stoccolma per il vertice UE sulla politica industriale con il Commissario Breton"},"content":{"rendered":"<p>Il ministro delle Imprese e del Made in Italy Adolfo Urso sar\u00e0 questa sera a Stoccolma per partecipare al primo Consiglio competitivit\u00e0 sotto la presidenza svedese particolarmente significativo in vista del Consiglio d\u2019Europa del 9-10 febbraio che esaminer\u00e0 il documento della Commissione dal titolo\u00a0 \u201ca Green Deal Industrial Plan for the Net-Zero Age\u201d.<\/p>\n<p>Alla riunione parteciper\u00e0 anche il Commissario europeo al mercato interno e ai servizi, Thierry Breton, titolare del dossier pi\u00f9 importante su cui si stanno misurando le istituzioni europee: come rispondere alla sfida americana dell\u2019IRA e alla competizione globale sempre pi\u00f9 forte della Cina.<\/p>\n<p>Il \u201cvertice\u201d sar\u00e0 anche l\u2019occasione per una serie di incontri bilaterali: il primo, questa sera, con il ministro svedese del Clima e delle Imprese, Ebba Busch, che presiede il Consiglio nel semestre svedese e con lo stesso Commissario Breton che Urso aveva gi\u00e0 incontrato a Roma in dicembre proprio su questo dossier. Nella giornata di domani sono previsti altri bilaterali, tra i quali con il ministro portoghese dell\u2019Economia e della Transizione Digitale, Pedro Siza Vieira.<\/p>\n<p>La visita del Ministro segue quella del Presidente del Consiglio Giorgia Meloni, venerd\u00ec scorso a Stoccolma con il Ministro degli Affari europei Raffale Fitto, in cui si \u00e8 svolto anche il primo incontro con il Premier svedese, Ulf Kristersson che da gennaio ha assunto anche la presidenza di turno della Ue.<\/p>\n<p>Urso e il viceministro Valentini hanno gi\u00e0 avuto\u00a0 nei giorni scorsi numerosi incontri e colloqui bilaterali con diversi colleghi europei, al fine di illustrare il \u201cnon paper\u201d nazionale della Presidenza del Consiglio sul documento della Commissione.\u00a0 Il Ministro ha incontrato i ministri tedeschi Robert Habeck responsabile dell\u2019Economia e Volker Wissings ministro per le infrastrutture digitali, il ministro Ceco dell\u2019industria e del Commercio, Jozef Sikela e il ministro allo Sviluppo economico ungherese M\u00e1rton Nagy.\u00a0 Sempre oggi per il viceministro Valentino Valentini sono previsti colloqui con gli omologhi ministri di Croazia, Austria e Spagna e nei giorni scorsi ha parlato con i ministri di Grecia, Bulgaria e Romania.<\/p>\n<p>&nbsp;<\/p>\n<p>Durante gli incontri Urso e Valentini hanno evidenziato come il Documento della Commissione sia una base di partenza importante ma non sufficiente, e che serve una maggiore ambizione per rispondere alle sfide globali. Per questo motivo, il governo italiano ritiene necessario una ampia convergenza di obiettivi e strumenti al fine di deliberare una politica industriale europea assertiva, competitiva e solidale.<\/p>\n<p>&nbsp;<\/p>\n<p>Quattro gli aspetti significativi:<\/p>\n<p>1 \u2013 agire in una logica di \u201c<b>pacchetto sull\u2019industria<\/b>\u201d, in linea peraltro con la posizione espressa dal Presidente del Consiglio europeo, Charles Michel. La discussione sugli aiuti di Stato (Temporary Crisis and Transition Framework) deve aver luogo contestualmente a quella sulla revisione della governance economica e sulla necessit\u00e0 di costruire una capacit\u00e0 fiscale centrale, sulla scorta dell\u2019esperienza positiva di NextGenerationEU e\/o SURE. La decisione deve essere complessiva per essere davvero unitaria e quindi efficace;<\/p>\n<p>2 \u2013 migliorare la proposta di<b>\u00a0revisione delle regole europee sugli aiuti di Stato<\/b>\u00a0per garantire un\u2019effettiva ed efficace semplificazione e velocizzazione delle procedure, premessa necessaria per una reale competitivit\u00e0 delle imprese europee. Questo \u00e8 tanto pi\u00f9 importante per i settori strategici, sui quali si misura la competitivit\u00e0 globale (es: semiconduttori, materie prime, energia, difesa e aerospazio, strumenti bio e ad alta tecnologia). In tale contesto occorre garantire che non vi siano differenti potenzialit\u00e0 nell\u2019utilizzo degli strumenti che di fatto favoriscano i paesi con maggior capacit\u00e0 fiscale, con il rischio di frammentare il Mercato Interno e di aumentare il divario socio economico tra paesi e aree dell\u2019Unione;<\/p>\n<p>3 &#8211;\u00a0<span class=\"xmprfx_apple-tab-span\">\u00a0\u00a0\u00a0\u00a0\u00a0\u00a0\u00a0<\/span>affermare il\u00a0<b>principio di solidariet\u00e0<\/b>, che \u00e8 a fondamento della casa comune europea, sulla base dell\u2019esperienza di successo del Programma SURE, al fine di consentire agli Stati membri l\u2019accesso al credito a condizioni paritetiche, da utilizzare a beneficio delle imprese e quindi dell\u2019occupazione nei settori chiave dell\u2019economia, delle due transizioni (verde e digitale) e ai fini del perseguimento dell\u2019autonomia strategica dell\u2019UE;<\/p>\n<p>4 \u2013 definire i settori da supportare e le modalit\u00e0 di finanziamento, funzionamento e tempistiche di attivazione del\u00a0<b>Fondo sovrano europeo<\/b>, per sostenere il sistema delle imprese\u00a0 in una logica di coesione e competitivit\u00e0.<\/p>\n<p align=\"center\"><b>\u00a0<\/b><\/p>\n<p align=\"center\"><b>\u00a0<\/b><\/p>\n<p class=\"xmprfx_MsoNormal\">\n","protected":false},"excerpt":{"rendered":"<p>Il ministro delle Imprese e del Made in Italy Adolfo Urso sar\u00e0 questa sera a Stoccolma per partecipare al primo Consiglio competitivit\u00e0 sotto la presidenza svedese particolarmente significativo in vista del Consiglio d\u2019Europa del 9-10 febbraio che esaminer\u00e0 il documento della Commissione dal titolo\u00a0 \u201ca Green Deal Industrial Plan for the Net-Zero Age\u201d. Alla riunione [&hellip;]<\/p>\n","protected":false},"author":1,"featured_media":5259,"comment_status":"closed","ping_status":"open","sticky":false,"template":"","format":"standard","meta":{"footnotes":""},"categories":[56],"tags":[],"yoast_head":"<!-- This site is optimized with the Yoast SEO plugin v22.2 - https:\/\/yoast.com\/wordpress\/plugins\/seo\/ -->\n<title>Urso stasera a Stoccolma per il vertice UE sulla politica industriale con il Commissario Breton -<\/title>\n<meta name=\"robots\" content=\"index, follow, max-snippet:-1, max-image-preview:large, max-video-preview:-1\" \/>\n<link rel=\"canonical\" href=\"https:\/\/www.italiaeconomiaonline.it\/web\/urso-stasera-a-stoccolma-per-il-vertice-ue-sulla-politica-industriale-con-il-commissario-breton\/\" \/>\n<meta property=\"og:locale\" content=\"it_IT\" \/>\n<meta property=\"og:type\" content=\"article\" \/>\n<meta property=\"og:title\" content=\"Urso stasera a Stoccolma per il vertice UE sulla politica industriale con il Commissario Breton -\" \/>\n<meta property=\"og:description\" content=\"Il ministro delle Imprese e del Made in Italy Adolfo Urso sar\u00e0 questa sera a Stoccolma per partecipare al primo Consiglio competitivit\u00e0 sotto la presidenza svedese particolarmente significativo in vista del Consiglio d\u2019Europa del 9-10 febbraio che esaminer\u00e0 il documento della Commissione dal titolo\u00a0 \u201ca Green Deal Industrial Plan for the Net-Zero Age\u201d. Alla riunione [&hellip;]\" \/>\n<meta property=\"og:url\" content=\"https:\/\/www.italiaeconomiaonline.it\/web\/urso-stasera-a-stoccolma-per-il-vertice-ue-sulla-politica-industriale-con-il-commissario-breton\/\" \/>\n<meta property=\"og:site_name\" content=\"ItaliaEconomiaOnline\" \/>\n<meta property=\"article:published_time\" content=\"2023-02-06T14:18:24+00:00\" \/>\n<meta property=\"og:image\" content=\"https:\/\/www.italiaeconomiaonline.it\/web\/wp-content\/uploads\/2021\/01\/Schermata-2021-01-29-alle-12.22.45.png\" \/>\n\t<meta property=\"og:image:width\" content=\"1246\" \/>\n\t<meta property=\"og:image:height\" content=\"684\" \/>\n\t<meta property=\"og:image:type\" content=\"image\/png\" \/>\n<meta name=\"author\" content=\"ladyitaliaeconomia\" \/>\n<meta name=\"twitter:card\" content=\"summary_large_image\" \/>\n<meta name=\"twitter:label1\" content=\"Scritto da\" \/>\n\t<meta name=\"twitter:data1\" content=\"ladyitaliaeconomia\" \/>\n\t<meta name=\"twitter:label2\" content=\"Tempo di lettura stimato\" \/>\n\t<meta name=\"twitter:data2\" content=\"3 minuti\" \/>\n<script type=\"application\/ld+json\" class=\"yoast-schema-graph\">{\"@context\":\"https:\/\/schema.org\",\"@graph\":[{\"@type\":\"WebPage\",\"@id\":\"https:\/\/www.italiaeconomiaonline.it\/web\/urso-stasera-a-stoccolma-per-il-vertice-ue-sulla-politica-industriale-con-il-commissario-breton\/\",\"url\":\"https:\/\/www.italiaeconomiaonline.it\/web\/urso-stasera-a-stoccolma-per-il-vertice-ue-sulla-politica-industriale-con-il-commissario-breton\/\",\"name\":\"Urso stasera a Stoccolma per il vertice UE sulla politica industriale con il Commissario Breton -\",\"isPartOf\":{\"@id\":\"https:\/\/www.italiaeconomiaonline.it\/web\/#website\"},\"primaryImageOfPage\":{\"@id\":\"https:\/\/www.italiaeconomiaonline.it\/web\/urso-stasera-a-stoccolma-per-il-vertice-ue-sulla-politica-industriale-con-il-commissario-breton\/#primaryimage\"},\"image\":{\"@id\":\"https:\/\/www.italiaeconomiaonline.it\/web\/urso-stasera-a-stoccolma-per-il-vertice-ue-sulla-politica-industriale-con-il-commissario-breton\/#primaryimage\"},\"thumbnailUrl\":\"https:\/\/www.italiaeconomiaonline.it\/web\/wp-content\/uploads\/2021\/01\/Schermata-2021-01-29-alle-12.22.45.png\",\"datePublished\":\"2023-02-06T14:18:24+00:00\",\"dateModified\":\"2023-02-06T14:18:24+00:00\",\"author\":{\"@id\":\"https:\/\/www.italiaeconomiaonline.it\/web\/#\/schema\/person\/909a49cce752523b020fbc37d5ab1c31\"},\"breadcrumb\":{\"@id\":\"https:\/\/www.italiaeconomiaonline.it\/web\/urso-stasera-a-stoccolma-per-il-vertice-ue-sulla-politica-industriale-con-il-commissario-breton\/#breadcrumb\"},\"inLanguage\":\"it-IT\",\"potentialAction\":[{\"@type\":\"ReadAction\",\"target\":[\"https:\/\/www.italiaeconomiaonline.it\/web\/urso-stasera-a-stoccolma-per-il-vertice-ue-sulla-politica-industriale-con-il-commissario-breton\/\"]}]},{\"@type\":\"ImageObject\",\"inLanguage\":\"it-IT\",\"@id\":\"https:\/\/www.italiaeconomiaonline.it\/web\/urso-stasera-a-stoccolma-per-il-vertice-ue-sulla-politica-industriale-con-il-commissario-breton\/#primaryimage\",\"url\":\"https:\/\/www.italiaeconomiaonline.it\/web\/wp-content\/uploads\/2021\/01\/Schermata-2021-01-29-alle-12.22.45.png\",\"contentUrl\":\"https:\/\/www.italiaeconomiaonline.it\/web\/wp-content\/uploads\/2021\/01\/Schermata-2021-01-29-alle-12.22.45.png\",\"width\":1246,\"height\":684},{\"@type\":\"BreadcrumbList\",\"@id\":\"https:\/\/www.italiaeconomiaonline.it\/web\/urso-stasera-a-stoccolma-per-il-vertice-ue-sulla-politica-industriale-con-il-commissario-breton\/#breadcrumb\",\"itemListElement\":[{\"@type\":\"ListItem\",\"position\":1,\"name\":\"Home\",\"item\":\"https:\/\/www.italiaeconomiaonline.it\/web\/\"},{\"@type\":\"ListItem\",\"position\":2,\"name\":\"Urso stasera a Stoccolma per il vertice UE sulla politica industriale con il Commissario Breton\"}]},{\"@type\":\"WebSite\",\"@id\":\"https:\/\/www.italiaeconomiaonline.it\/web\/#website\",\"url\":\"https:\/\/www.italiaeconomiaonline.it\/web\/\",\"name\":\"ItaliaEconomiaOnline\",\"description\":\"Quotidiano Economico Online\",\"potentialAction\":[{\"@type\":\"SearchAction\",\"target\":{\"@type\":\"EntryPoint\",\"urlTemplate\":\"https:\/\/www.italiaeconomiaonline.it\/web\/?s={search_term_string}\"},\"query-input\":\"required name=search_term_string\"}],\"inLanguage\":\"it-IT\"},{\"@type\":\"Person\",\"@id\":\"https:\/\/www.italiaeconomiaonline.it\/web\/#\/schema\/person\/909a49cce752523b020fbc37d5ab1c31\",\"name\":\"ladyitaliaeconomia\",\"image\":{\"@type\":\"ImageObject\",\"inLanguage\":\"it-IT\",\"@id\":\"https:\/\/www.italiaeconomiaonline.it\/web\/#\/schema\/person\/image\/\",\"url\":\"https:\/\/secure.gravatar.com\/avatar\/cedca10ce7416a579b9fa6bce9c0a8f2?s=96&d=mm&r=g\",\"contentUrl\":\"https:\/\/secure.gravatar.com\/avatar\/cedca10ce7416a579b9fa6bce9c0a8f2?s=96&d=mm&r=g\",\"caption\":\"ladyitaliaeconomia\"},\"url\":\"https:\/\/www.italiaeconomiaonline.it\/web\/author\/ladyitaliaeconomia\/\"}]}<\/script>\n<!-- \/ Yoast SEO plugin. -->","yoast_head_json":{"title":"Urso stasera a Stoccolma per il vertice UE sulla politica industriale con il Commissario Breton -","robots":{"index":"index","follow":"follow","max-snippet":"max-snippet:-1","max-image-preview":"max-image-preview:large","max-video-preview":"max-video-preview:-1"},"canonical":"https:\/\/www.italiaeconomiaonline.it\/web\/urso-stasera-a-stoccolma-per-il-vertice-ue-sulla-politica-industriale-con-il-commissario-breton\/","og_locale":"it_IT","og_type":"article","og_title":"Urso stasera a Stoccolma per il vertice UE sulla politica industriale con il Commissario Breton -","og_description":"Il ministro delle Imprese e del Made in Italy Adolfo Urso sar\u00e0 questa sera a Stoccolma per partecipare al primo Consiglio competitivit\u00e0 sotto la presidenza svedese particolarmente significativo in vista del Consiglio d\u2019Europa del 9-10 febbraio che esaminer\u00e0 il documento della Commissione dal titolo\u00a0 \u201ca Green Deal Industrial Plan for the Net-Zero Age\u201d. Alla riunione [&hellip;]","og_url":"https:\/\/www.italiaeconomiaonline.it\/web\/urso-stasera-a-stoccolma-per-il-vertice-ue-sulla-politica-industriale-con-il-commissario-breton\/","og_site_name":"ItaliaEconomiaOnline","article_published_time":"2023-02-06T14:18:24+00:00","og_image":[{"width":1246,"height":684,"url":"https:\/\/www.italiaeconomiaonline.it\/web\/wp-content\/uploads\/2021\/01\/Schermata-2021-01-29-alle-12.22.45.png","type":"image\/png"}],"author":"ladyitaliaeconomia","twitter_card":"summary_large_image","twitter_misc":{"Scritto da":"ladyitaliaeconomia","Tempo di lettura stimato":"3 minuti"},"schema":{"@context":"https:\/\/schema.org","@graph":[{"@type":"WebPage","@id":"https:\/\/www.italiaeconomiaonline.it\/web\/urso-stasera-a-stoccolma-per-il-vertice-ue-sulla-politica-industriale-con-il-commissario-breton\/","url":"https:\/\/www.italiaeconomiaonline.it\/web\/urso-stasera-a-stoccolma-per-il-vertice-ue-sulla-politica-industriale-con-il-commissario-breton\/","name":"Urso stasera a Stoccolma per il vertice UE sulla politica industriale con il Commissario Breton -","isPartOf":{"@id":"https:\/\/www.italiaeconomiaonline.it\/web\/#website"},"primaryImageOfPage":{"@id":"https:\/\/www.italiaeconomiaonline.it\/web\/urso-stasera-a-stoccolma-per-il-vertice-ue-sulla-politica-industriale-con-il-commissario-breton\/#primaryimage"},"image":{"@id":"https:\/\/www.italiaeconomiaonline.it\/web\/urso-stasera-a-stoccolma-per-il-vertice-ue-sulla-politica-industriale-con-il-commissario-breton\/#primaryimage"},"thumbnailUrl":"https:\/\/www.italiaeconomiaonline.it\/web\/wp-content\/uploads\/2021\/01\/Schermata-2021-01-29-alle-12.22.45.png","datePublished":"2023-02-06T14:18:24+00:00","dateModified":"2023-02-06T14:18:24+00:00","author":{"@id":"https:\/\/www.italiaeconomiaonline.it\/web\/#\/schema\/person\/909a49cce752523b020fbc37d5ab1c31"},"breadcrumb":{"@id":"https:\/\/www.italiaeconomiaonline.it\/web\/urso-stasera-a-stoccolma-per-il-vertice-ue-sulla-politica-industriale-con-il-commissario-breton\/#breadcrumb"},"inLanguage":"it-IT","potentialAction":[{"@type":"ReadAction","target":["https:\/\/www.italiaeconomiaonline.it\/web\/urso-stasera-a-stoccolma-per-il-vertice-ue-sulla-politica-industriale-con-il-commissario-breton\/"]}]},{"@type":"ImageObject","inLanguage":"it-IT","@id":"https:\/\/www.italiaeconomiaonline.it\/web\/urso-stasera-a-stoccolma-per-il-vertice-ue-sulla-politica-industriale-con-il-commissario-breton\/#primaryimage","url":"https:\/\/www.italiaeconomiaonline.it\/web\/wp-content\/uploads\/2021\/01\/Schermata-2021-01-29-alle-12.22.45.png","contentUrl":"https:\/\/www.italiaeconomiaonline.it\/web\/wp-content\/uploads\/2021\/01\/Schermata-2021-01-29-alle-12.22.45.png","width":1246,"height":684},{"@type":"BreadcrumbList","@id":"https:\/\/www.italiaeconomiaonline.it\/web\/urso-stasera-a-stoccolma-per-il-vertice-ue-sulla-politica-industriale-con-il-commissario-breton\/#breadcrumb","itemListElement":[{"@type":"ListItem","position":1,"name":"Home","item":"https:\/\/www.italiaeconomiaonline.it\/web\/"},{"@type":"ListItem","position":2,"name":"Urso stasera a Stoccolma per il vertice UE sulla politica industriale con il Commissario Breton"}]},{"@type":"WebSite","@id":"https:\/\/www.italiaeconomiaonline.it\/web\/#website","url":"https:\/\/www.italiaeconomiaonline.it\/web\/","name":"ItaliaEconomiaOnline","description":"Quotidiano Economico Online","potentialAction":[{"@type":"SearchAction","target":{"@type":"EntryPoint","urlTemplate":"https:\/\/www.italiaeconomiaonline.it\/web\/?s={search_term_string}"},"query-input":"required name=search_term_string"}],"inLanguage":"it-IT"},{"@type":"Person","@id":"https:\/\/www.italiaeconomiaonline.it\/web\/#\/schema\/person\/909a49cce752523b020fbc37d5ab1c31","name":"ladyitaliaeconomia","image":{"@type":"ImageObject","inLanguage":"it-IT","@id":"https:\/\/www.italiaeconomiaonline.it\/web\/#\/schema\/person\/image\/","url":"https:\/\/secure.gravatar.com\/avatar\/cedca10ce7416a579b9fa6bce9c0a8f2?s=96&d=mm&r=g","contentUrl":"https:\/\/secure.gravatar.com\/avatar\/cedca10ce7416a579b9fa6bce9c0a8f2?s=96&d=mm&r=g","caption":"ladyitaliaeconomia"},"url":"https:\/\/www.italiaeconomiaonline.it\/web\/author\/ladyitaliaeconomia\/"}]}},"_links":{"self":[{"href":"https:\/\/www.italiaeconomiaonline.it\/web\/wp-json\/wp\/v2\/posts\/7056"}],"collection":[{"href":"https:\/\/www.italiaeconomiaonline.it\/web\/wp-json\/wp\/v2\/posts"}],"about":[{"href":"https:\/\/www.italiaeconomiaonline.it\/web\/wp-json\/wp\/v2\/types\/post"}],"author":[{"embeddable":true,"href":"https:\/\/www.italiaeconomiaonline.it\/web\/wp-json\/wp\/v2\/users\/1"}],"replies":[{"embeddable":true,"href":"https:\/\/www.italiaeconomiaonline.it\/web\/wp-json\/wp\/v2\/comments?post=7056"}],"version-history":[{"count":1,"href":"https:\/\/www.italiaeconomiaonline.it\/web\/wp-json\/wp\/v2\/posts\/7056\/revisions"}],"predecessor-version":[{"id":7057,"href":"https:\/\/www.italiaeconomiaonline.it\/web\/wp-json\/wp\/v2\/posts\/7056\/revisions\/7057"}],"wp:featuredmedia":[{"embeddable":true,"href":"https:\/\/www.italiaeconomiaonline.it\/web\/wp-json\/wp\/v2\/media\/5259"}],"wp:attachment":[{"href":"https:\/\/www.italiaeconomiaonline.it\/web\/wp-json\/wp\/v2\/media?parent=7056"}],"wp:term":[{"taxonomy":"category","embeddable":true,"href":"https:\/\/www.italiaeconomiaonline.it\/web\/wp-json\/wp\/v2\/categories?post=7056"},{"taxonomy":"post_tag","embeddable":true,"href":"https:\/\/www.italiaeconomiaonline.it\/web\/wp-json\/wp\/v2\/tags?post=7056"}],"curies":[{"name":"wp","href":"https:\/\/api.w.org\/{rel}","templated":true}]}}