{"id":7069,"date":"2023-02-22T22:16:14","date_gmt":"2023-02-22T21:16:14","guid":{"rendered":"http:\/\/www.italiaeconomiaonline.it\/web\/?p=7069"},"modified":"2023-02-22T22:16:14","modified_gmt":"2023-02-22T21:16:14","slug":"ucraina-anp-cia-alla-marcia-della-pace-perugiassisi-in-notturna","status":"publish","type":"post","link":"https:\/\/www.italiaeconomiaonline.it\/web\/ucraina-anp-cia-alla-marcia-della-pace-perugiassisi-in-notturna\/","title":{"rendered":"Ucraina: Anp-Cia alla Marcia della pace PerugiAssisi in notturna"},"content":{"rendered":"<p class=\"xmprfx_MsoNormal\">Dire ancora una volta tutti insieme \u201cno\u201d alla guerra in Ucraina. Con questo scopo, i pensionati di Cia-Agricoltori Italiani aderiscono alla nuova Marcia della Pace PerugiAssisi, la prima in notturna, dalla mezzanotte del 23 febbraio alle 6 del 24 febbraio, a un anno esatto dallo scoppio del conflitto.<\/p>\n<p class=\"xmprfx_MsoNormal\">\u00a0\u00a0\u00a0\u00a0\u00a0\u00a0\u00a0\u00a0\u00a0\u00a0\u00a0 \u201cUn anno intero dove abbiamo assistito a morte, distruzione e sofferenze -sottolinea il presidente nazionale di Anp-Cia, Alessandro Del Carlo, insieme al presidente umbro Alfio Bicchi, nella lettera di adesione inviata a Flavio Lotti, coordinatore nazionale Tavola della Pace e comitato promotore Marcia PerugiAssisi-. C\u2019\u00e8 una preoccupazione crescente perch\u00e9 si registra un aumento delle tensioni, con il pericolo di entrare in una spirale di violenza non pi\u00f9 controllabile\u201d.<\/p>\n<p class=\"xmprfx_MsoNormal\">\u00a0\u00a0\u00a0\u00a0\u00a0\u00a0\u00a0\u00a0\u00a0\u00a0\u00a0 Per questo, si legge nella lettera dell\u2019Associazione nazionale pensionati, \u201csono molto importanti le iniziative per chiedere che si attivino canali diplomatici veri, e che le istituzioni internazionali, a cominciare dall\u2019Ue e dall\u2019Onu, mettano tutto il loro peso politico per far cessare le armi e aprire una seria trattativa di pace\u201d.<\/p>\n<p class=\"xmprfx_MsoNormal\">\u00a0\u00a0\u00a0\u00a0\u00a0\u00a0\u00a0\u00a0\u00a0\u00a0\u00a0 Di recente, ricordano Del Carlo e Bicchi, \u201cnell\u2019ambito della IX Conferenza Economica di Cia, abbiamo avuto la testimonianza diretta di un\u2019agricoltrice ucraina che ha raccontato la devastazione di campi, allevamenti, aziende. Un danno enorme, anche dal punto di vista economico\u201d in un Paese fondamentale \u201cper la produzione di cereali, la cui mancanza potrebbe avere conseguenze gravi sull\u2019approvvigionamento alimentare globale\u201d.<\/p>\n<p class=\"xmprfx_MsoNormal\">\u00a0\u00a0\u00a0\u00a0\u00a0\u00a0\u00a0\u00a0\u00a0\u00a0\u00a0 \u201cFermare la guerra, aprire subito una trattativa di pace, ristabilire il principio di rispetto e autodeterminazione dei popoli -conclude la lettera- sono i principi che Anp-Cia ha messo in evidenza nel suo \u2018Manifesto della Pace\u2019 presentato proprio ad Assisi a fine novembre\u201d il quale \u201coltre a ribadire i principi e i valori a cui ci ispiriamo, ha il significato di un impegno concreto che oggi vogliamo manifestare anche nella partecipazione alla Marcia\u201d al grido \u201cIn piedi costruttori di pace\u201d.<\/p>\n<p class=\"xmprfx_MsoNormal\">\n<div>\n<div class=\"xmprfx_gmail_signature\" dir=\"ltr\" data-smartmail=\"gmail_signature\">\n<div dir=\"ltr\">\n<div dir=\"ltr\">\n<div dir=\"ltr\">\n<div dir=\"ltr\">\n<div dir=\"ltr\">\n<div dir=\"ltr\">\n<div dir=\"ltr\">\n<div dir=\"ltr\">\n<div dir=\"ltr\">\n<div dir=\"ltr\">\n<p class=\"xmprfx_MsoNormal\">\n<p>&nbsp;<\/p>\n<p>&nbsp;<\/p>\n<p class=\"xmprfx_MsoNormal\">\n<p>_________________<\/p>\n<p>&nbsp;<\/p>\n<\/div>\n<\/div>\n<\/div>\n<\/div>\n<\/div>\n<\/div>\n<\/div>\n<\/div>\n<\/div>\n<\/div>\n<\/div>\n<\/div>\n","protected":false},"excerpt":{"rendered":"<p>Dire ancora una volta tutti insieme \u201cno\u201d alla guerra in Ucraina. Con questo scopo, i pensionati di Cia-Agricoltori Italiani aderiscono alla nuova Marcia della Pace PerugiAssisi, la prima in notturna, dalla mezzanotte del 23 febbraio alle 6 del 24 febbraio, a un anno esatto dallo scoppio del conflitto. \u00a0\u00a0\u00a0\u00a0\u00a0\u00a0\u00a0\u00a0\u00a0\u00a0\u00a0 \u201cUn anno intero dove abbiamo assistito [&hellip;]<\/p>\n","protected":false},"author":1,"featured_media":2032,"comment_status":"closed","ping_status":"open","sticky":false,"template":"","format":"standard","meta":{"footnotes":""},"categories":[56],"tags":[],"yoast_head":"<!-- This site is optimized with the Yoast SEO plugin v22.2 - https:\/\/yoast.com\/wordpress\/plugins\/seo\/ -->\n<title>Ucraina: Anp-Cia alla Marcia della pace PerugiAssisi in notturna -<\/title>\n<meta name=\"robots\" content=\"index, follow, max-snippet:-1, max-image-preview:large, max-video-preview:-1\" \/>\n<link rel=\"canonical\" href=\"https:\/\/www.italiaeconomiaonline.it\/web\/ucraina-anp-cia-alla-marcia-della-pace-perugiassisi-in-notturna\/\" \/>\n<meta property=\"og:locale\" content=\"it_IT\" \/>\n<meta property=\"og:type\" content=\"article\" \/>\n<meta property=\"og:title\" content=\"Ucraina: Anp-Cia alla Marcia della pace PerugiAssisi in notturna -\" \/>\n<meta property=\"og:description\" content=\"Dire ancora una volta tutti insieme \u201cno\u201d alla guerra in Ucraina. Con questo scopo, i pensionati di Cia-Agricoltori Italiani aderiscono alla nuova Marcia della Pace PerugiAssisi, la prima in notturna, dalla mezzanotte del 23 febbraio alle 6 del 24 febbraio, a un anno esatto dallo scoppio del conflitto. \u00a0\u00a0\u00a0\u00a0\u00a0\u00a0\u00a0\u00a0\u00a0\u00a0\u00a0 \u201cUn anno intero dove abbiamo assistito [&hellip;]\" \/>\n<meta property=\"og:url\" content=\"https:\/\/www.italiaeconomiaonline.it\/web\/ucraina-anp-cia-alla-marcia-della-pace-perugiassisi-in-notturna\/\" \/>\n<meta property=\"og:site_name\" content=\"ItaliaEconomiaOnline\" \/>\n<meta property=\"article:published_time\" content=\"2023-02-22T21:16:14+00:00\" \/>\n<meta property=\"og:image\" content=\"https:\/\/www.italiaeconomiaonline.it\/web\/wp-content\/uploads\/2019\/11\/impresa-lavoro-ufficio-banca.jpg\" \/>\n\t<meta property=\"og:image:width\" content=\"960\" \/>\n\t<meta property=\"og:image:height\" content=\"640\" \/>\n\t<meta property=\"og:image:type\" content=\"image\/jpeg\" \/>\n<meta name=\"author\" content=\"ladyitaliaeconomia\" \/>\n<meta name=\"twitter:card\" content=\"summary_large_image\" \/>\n<meta name=\"twitter:label1\" content=\"Scritto da\" \/>\n\t<meta name=\"twitter:data1\" content=\"ladyitaliaeconomia\" \/>\n\t<meta name=\"twitter:label2\" content=\"Tempo di lettura stimato\" \/>\n\t<meta name=\"twitter:data2\" content=\"2 minuti\" \/>\n<script type=\"application\/ld+json\" class=\"yoast-schema-graph\">{\"@context\":\"https:\/\/schema.org\",\"@graph\":[{\"@type\":\"WebPage\",\"@id\":\"https:\/\/www.italiaeconomiaonline.it\/web\/ucraina-anp-cia-alla-marcia-della-pace-perugiassisi-in-notturna\/\",\"url\":\"https:\/\/www.italiaeconomiaonline.it\/web\/ucraina-anp-cia-alla-marcia-della-pace-perugiassisi-in-notturna\/\",\"name\":\"Ucraina: Anp-Cia alla Marcia della pace PerugiAssisi in notturna -\",\"isPartOf\":{\"@id\":\"https:\/\/www.italiaeconomiaonline.it\/web\/#website\"},\"primaryImageOfPage\":{\"@id\":\"https:\/\/www.italiaeconomiaonline.it\/web\/ucraina-anp-cia-alla-marcia-della-pace-perugiassisi-in-notturna\/#primaryimage\"},\"image\":{\"@id\":\"https:\/\/www.italiaeconomiaonline.it\/web\/ucraina-anp-cia-alla-marcia-della-pace-perugiassisi-in-notturna\/#primaryimage\"},\"thumbnailUrl\":\"https:\/\/www.italiaeconomiaonline.it\/web\/wp-content\/uploads\/2019\/11\/impresa-lavoro-ufficio-banca.jpg\",\"datePublished\":\"2023-02-22T21:16:14+00:00\",\"dateModified\":\"2023-02-22T21:16:14+00:00\",\"author\":{\"@id\":\"https:\/\/www.italiaeconomiaonline.it\/web\/#\/schema\/person\/909a49cce752523b020fbc37d5ab1c31\"},\"breadcrumb\":{\"@id\":\"https:\/\/www.italiaeconomiaonline.it\/web\/ucraina-anp-cia-alla-marcia-della-pace-perugiassisi-in-notturna\/#breadcrumb\"},\"inLanguage\":\"it-IT\",\"potentialAction\":[{\"@type\":\"ReadAction\",\"target\":[\"https:\/\/www.italiaeconomiaonline.it\/web\/ucraina-anp-cia-alla-marcia-della-pace-perugiassisi-in-notturna\/\"]}]},{\"@type\":\"ImageObject\",\"inLanguage\":\"it-IT\",\"@id\":\"https:\/\/www.italiaeconomiaonline.it\/web\/ucraina-anp-cia-alla-marcia-della-pace-perugiassisi-in-notturna\/#primaryimage\",\"url\":\"https:\/\/www.italiaeconomiaonline.it\/web\/wp-content\/uploads\/2019\/11\/impresa-lavoro-ufficio-banca.jpg\",\"contentUrl\":\"https:\/\/www.italiaeconomiaonline.it\/web\/wp-content\/uploads\/2019\/11\/impresa-lavoro-ufficio-banca.jpg\",\"width\":960,\"height\":640},{\"@type\":\"BreadcrumbList\",\"@id\":\"https:\/\/www.italiaeconomiaonline.it\/web\/ucraina-anp-cia-alla-marcia-della-pace-perugiassisi-in-notturna\/#breadcrumb\",\"itemListElement\":[{\"@type\":\"ListItem\",\"position\":1,\"name\":\"Home\",\"item\":\"https:\/\/www.italiaeconomiaonline.it\/web\/\"},{\"@type\":\"ListItem\",\"position\":2,\"name\":\"Ucraina: Anp-Cia alla Marcia della pace PerugiAssisi in notturna\"}]},{\"@type\":\"WebSite\",\"@id\":\"https:\/\/www.italiaeconomiaonline.it\/web\/#website\",\"url\":\"https:\/\/www.italiaeconomiaonline.it\/web\/\",\"name\":\"ItaliaEconomiaOnline\",\"description\":\"Quotidiano Economico Online\",\"potentialAction\":[{\"@type\":\"SearchAction\",\"target\":{\"@type\":\"EntryPoint\",\"urlTemplate\":\"https:\/\/www.italiaeconomiaonline.it\/web\/?s={search_term_string}\"},\"query-input\":\"required name=search_term_string\"}],\"inLanguage\":\"it-IT\"},{\"@type\":\"Person\",\"@id\":\"https:\/\/www.italiaeconomiaonline.it\/web\/#\/schema\/person\/909a49cce752523b020fbc37d5ab1c31\",\"name\":\"ladyitaliaeconomia\",\"image\":{\"@type\":\"ImageObject\",\"inLanguage\":\"it-IT\",\"@id\":\"https:\/\/www.italiaeconomiaonline.it\/web\/#\/schema\/person\/image\/\",\"url\":\"https:\/\/secure.gravatar.com\/avatar\/cedca10ce7416a579b9fa6bce9c0a8f2?s=96&d=mm&r=g\",\"contentUrl\":\"https:\/\/secure.gravatar.com\/avatar\/cedca10ce7416a579b9fa6bce9c0a8f2?s=96&d=mm&r=g\",\"caption\":\"ladyitaliaeconomia\"},\"url\":\"https:\/\/www.italiaeconomiaonline.it\/web\/author\/ladyitaliaeconomia\/\"}]}<\/script>\n<!-- \/ Yoast SEO plugin. -->","yoast_head_json":{"title":"Ucraina: Anp-Cia alla Marcia della pace PerugiAssisi in notturna -","robots":{"index":"index","follow":"follow","max-snippet":"max-snippet:-1","max-image-preview":"max-image-preview:large","max-video-preview":"max-video-preview:-1"},"canonical":"https:\/\/www.italiaeconomiaonline.it\/web\/ucraina-anp-cia-alla-marcia-della-pace-perugiassisi-in-notturna\/","og_locale":"it_IT","og_type":"article","og_title":"Ucraina: Anp-Cia alla Marcia della pace PerugiAssisi in notturna -","og_description":"Dire ancora una volta tutti insieme \u201cno\u201d alla guerra in Ucraina. Con questo scopo, i pensionati di Cia-Agricoltori Italiani aderiscono alla nuova Marcia della Pace PerugiAssisi, la prima in notturna, dalla mezzanotte del 23 febbraio alle 6 del 24 febbraio, a un anno esatto dallo scoppio del conflitto. \u00a0\u00a0\u00a0\u00a0\u00a0\u00a0\u00a0\u00a0\u00a0\u00a0\u00a0 \u201cUn anno intero dove abbiamo assistito [&hellip;]","og_url":"https:\/\/www.italiaeconomiaonline.it\/web\/ucraina-anp-cia-alla-marcia-della-pace-perugiassisi-in-notturna\/","og_site_name":"ItaliaEconomiaOnline","article_published_time":"2023-02-22T21:16:14+00:00","og_image":[{"width":960,"height":640,"url":"https:\/\/www.italiaeconomiaonline.it\/web\/wp-content\/uploads\/2019\/11\/impresa-lavoro-ufficio-banca.jpg","type":"image\/jpeg"}],"author":"ladyitaliaeconomia","twitter_card":"summary_large_image","twitter_misc":{"Scritto da":"ladyitaliaeconomia","Tempo di lettura stimato":"2 minuti"},"schema":{"@context":"https:\/\/schema.org","@graph":[{"@type":"WebPage","@id":"https:\/\/www.italiaeconomiaonline.it\/web\/ucraina-anp-cia-alla-marcia-della-pace-perugiassisi-in-notturna\/","url":"https:\/\/www.italiaeconomiaonline.it\/web\/ucraina-anp-cia-alla-marcia-della-pace-perugiassisi-in-notturna\/","name":"Ucraina: Anp-Cia alla Marcia della pace PerugiAssisi in notturna -","isPartOf":{"@id":"https:\/\/www.italiaeconomiaonline.it\/web\/#website"},"primaryImageOfPage":{"@id":"https:\/\/www.italiaeconomiaonline.it\/web\/ucraina-anp-cia-alla-marcia-della-pace-perugiassisi-in-notturna\/#primaryimage"},"image":{"@id":"https:\/\/www.italiaeconomiaonline.it\/web\/ucraina-anp-cia-alla-marcia-della-pace-perugiassisi-in-notturna\/#primaryimage"},"thumbnailUrl":"https:\/\/www.italiaeconomiaonline.it\/web\/wp-content\/uploads\/2019\/11\/impresa-lavoro-ufficio-banca.jpg","datePublished":"2023-02-22T21:16:14+00:00","dateModified":"2023-02-22T21:16:14+00:00","author":{"@id":"https:\/\/www.italiaeconomiaonline.it\/web\/#\/schema\/person\/909a49cce752523b020fbc37d5ab1c31"},"breadcrumb":{"@id":"https:\/\/www.italiaeconomiaonline.it\/web\/ucraina-anp-cia-alla-marcia-della-pace-perugiassisi-in-notturna\/#breadcrumb"},"inLanguage":"it-IT","potentialAction":[{"@type":"ReadAction","target":["https:\/\/www.italiaeconomiaonline.it\/web\/ucraina-anp-cia-alla-marcia-della-pace-perugiassisi-in-notturna\/"]}]},{"@type":"ImageObject","inLanguage":"it-IT","@id":"https:\/\/www.italiaeconomiaonline.it\/web\/ucraina-anp-cia-alla-marcia-della-pace-perugiassisi-in-notturna\/#primaryimage","url":"https:\/\/www.italiaeconomiaonline.it\/web\/wp-content\/uploads\/2019\/11\/impresa-lavoro-ufficio-banca.jpg","contentUrl":"https:\/\/www.italiaeconomiaonline.it\/web\/wp-content\/uploads\/2019\/11\/impresa-lavoro-ufficio-banca.jpg","width":960,"height":640},{"@type":"BreadcrumbList","@id":"https:\/\/www.italiaeconomiaonline.it\/web\/ucraina-anp-cia-alla-marcia-della-pace-perugiassisi-in-notturna\/#breadcrumb","itemListElement":[{"@type":"ListItem","position":1,"name":"Home","item":"https:\/\/www.italiaeconomiaonline.it\/web\/"},{"@type":"ListItem","position":2,"name":"Ucraina: Anp-Cia alla Marcia della pace PerugiAssisi in notturna"}]},{"@type":"WebSite","@id":"https:\/\/www.italiaeconomiaonline.it\/web\/#website","url":"https:\/\/www.italiaeconomiaonline.it\/web\/","name":"ItaliaEconomiaOnline","description":"Quotidiano Economico Online","potentialAction":[{"@type":"SearchAction","target":{"@type":"EntryPoint","urlTemplate":"https:\/\/www.italiaeconomiaonline.it\/web\/?s={search_term_string}"},"query-input":"required name=search_term_string"}],"inLanguage":"it-IT"},{"@type":"Person","@id":"https:\/\/www.italiaeconomiaonline.it\/web\/#\/schema\/person\/909a49cce752523b020fbc37d5ab1c31","name":"ladyitaliaeconomia","image":{"@type":"ImageObject","inLanguage":"it-IT","@id":"https:\/\/www.italiaeconomiaonline.it\/web\/#\/schema\/person\/image\/","url":"https:\/\/secure.gravatar.com\/avatar\/cedca10ce7416a579b9fa6bce9c0a8f2?s=96&d=mm&r=g","contentUrl":"https:\/\/secure.gravatar.com\/avatar\/cedca10ce7416a579b9fa6bce9c0a8f2?s=96&d=mm&r=g","caption":"ladyitaliaeconomia"},"url":"https:\/\/www.italiaeconomiaonline.it\/web\/author\/ladyitaliaeconomia\/"}]}},"_links":{"self":[{"href":"https:\/\/www.italiaeconomiaonline.it\/web\/wp-json\/wp\/v2\/posts\/7069"}],"collection":[{"href":"https:\/\/www.italiaeconomiaonline.it\/web\/wp-json\/wp\/v2\/posts"}],"about":[{"href":"https:\/\/www.italiaeconomiaonline.it\/web\/wp-json\/wp\/v2\/types\/post"}],"author":[{"embeddable":true,"href":"https:\/\/www.italiaeconomiaonline.it\/web\/wp-json\/wp\/v2\/users\/1"}],"replies":[{"embeddable":true,"href":"https:\/\/www.italiaeconomiaonline.it\/web\/wp-json\/wp\/v2\/comments?post=7069"}],"version-history":[{"count":1,"href":"https:\/\/www.italiaeconomiaonline.it\/web\/wp-json\/wp\/v2\/posts\/7069\/revisions"}],"predecessor-version":[{"id":7070,"href":"https:\/\/www.italiaeconomiaonline.it\/web\/wp-json\/wp\/v2\/posts\/7069\/revisions\/7070"}],"wp:featuredmedia":[{"embeddable":true,"href":"https:\/\/www.italiaeconomiaonline.it\/web\/wp-json\/wp\/v2\/media\/2032"}],"wp:attachment":[{"href":"https:\/\/www.italiaeconomiaonline.it\/web\/wp-json\/wp\/v2\/media?parent=7069"}],"wp:term":[{"taxonomy":"category","embeddable":true,"href":"https:\/\/www.italiaeconomiaonline.it\/web\/wp-json\/wp\/v2\/categories?post=7069"},{"taxonomy":"post_tag","embeddable":true,"href":"https:\/\/www.italiaeconomiaonline.it\/web\/wp-json\/wp\/v2\/tags?post=7069"}],"curies":[{"name":"wp","href":"https:\/\/api.w.org\/{rel}","templated":true}]}}