{"id":7133,"date":"2023-04-04T14:33:41","date_gmt":"2023-04-04T12:33:41","guid":{"rendered":"https:\/\/www.italiaeconomiaonline.it\/web\/?p=7133"},"modified":"2023-04-04T14:33:41","modified_gmt":"2023-04-04T12:33:41","slug":"maltempo-coldiretti-allarme-gelate-per-frutta-e-ortaggi","status":"publish","type":"post","link":"https:\/\/www.italiaeconomiaonline.it\/web\/maltempo-coldiretti-allarme-gelate-per-frutta-e-ortaggi\/","title":{"rendered":"Maltempo: Coldiretti, allarme gelate per frutta e ortaggi"},"content":{"rendered":"<p>Con l\u2019arrivo del freddo polare e delle gelate tardive scatta l\u2019allarme per frutta e ortaggi, con le piante fiorite e le verdure in campo particolarmente esposte al brusco abbassamento delle temperature fino a sotto lo zero. \u00c8 l\u2019sos lanciato dalla Coldiretti in riferimento agli effetti dell\u2019aria polare proveniente dalla Norvegia nella Settimana Santa che sar\u00e0 pi\u00f9 fredda di quella natalizia, con la colonnina di mercurio in picchiata di 5-10 gradi e anche la possibilit\u00e0 di neve fino a quote basse.<\/p>\n<p>&nbsp;<\/p>\n<p>Il ritorno del freddo si abbatte su una natura in tilt con le coltivazioni ingannate dal clima che \u2013 sottolinea la Coldiretti \u2013 si sono risvegliate prima del solito ma si registra anche la maturazione in anticipo delle primizie che vengono bruciate dal gelo dopo un inverno caldo che dal punto di vista climatologico ha fatto segnare una temperatura superiore di 1,21 gradi la media storica ma l\u2019anomalia \u00e8 addirittura di 1,38 gradi in pi\u00f9 al nord sulla base delle elaborazioni Coldiretti su dati Isac Cnr che rileva le temperature in Italia dal 1800.<\/p>\n<p>&nbsp;<\/p>\n<p>Dopo la grandine abbattutasi a macchia di leopardo sulle coltivazioni in fiore come peschi, albicocchi e ciliegi, arriva dunque una nuova minaccia per i raccolti sempre pi\u00f9 esposti alle conseguenze dei cambiamenti climatici.<\/p>\n<p>&nbsp;<\/p>\n<p>Anche in Italia l\u2019eccezionalit\u00e0 degli eventi atmosferici \u00e8 ormai la norma, con una tendenza alla tropicalizzazione che \u2013 conclude la Coldiretti \u2013 si manifesta con una pi\u00f9 elevata frequenza di manifestazioni violente, sfasamenti stagionali, precipitazioni brevi ed intense ed il rapido passaggio dal sole al maltempo, con sbalzi termici significativi che compromettono le coltivazioni nei campi con perdite della produzione agricola nazionale e danni alle strutture e alle infrastrutture nelle campagne.\u00a0\u200b<\/p>\n<p>&nbsp;<\/p>\n","protected":false},"excerpt":{"rendered":"<p>Con l\u2019arrivo del freddo polare e delle gelate tardive scatta l\u2019allarme per frutta e ortaggi, con le piante fiorite e le verdure in campo particolarmente esposte al brusco abbassamento delle temperature fino a sotto lo zero. \u00c8 l\u2019sos lanciato dalla Coldiretti in riferimento agli effetti dell\u2019aria polare proveniente dalla Norvegia nella Settimana Santa che sar\u00e0 [&hellip;]<\/p>\n","protected":false},"author":1,"featured_media":6378,"comment_status":"closed","ping_status":"open","sticky":false,"template":"","format":"standard","meta":{"footnotes":""},"categories":[795],"tags":[],"yoast_head":"<!-- This site is optimized with the Yoast SEO plugin v22.2 - https:\/\/yoast.com\/wordpress\/plugins\/seo\/ -->\n<title>Maltempo: Coldiretti, allarme gelate per frutta e ortaggi -<\/title>\n<meta name=\"robots\" content=\"index, follow, max-snippet:-1, max-image-preview:large, max-video-preview:-1\" \/>\n<link rel=\"canonical\" href=\"https:\/\/www.italiaeconomiaonline.it\/web\/maltempo-coldiretti-allarme-gelate-per-frutta-e-ortaggi\/\" \/>\n<meta property=\"og:locale\" content=\"it_IT\" \/>\n<meta property=\"og:type\" content=\"article\" \/>\n<meta property=\"og:title\" content=\"Maltempo: Coldiretti, allarme gelate per frutta e ortaggi -\" \/>\n<meta property=\"og:description\" content=\"Con l\u2019arrivo del freddo polare e delle gelate tardive scatta l\u2019allarme per frutta e ortaggi, con le piante fiorite e le verdure in campo particolarmente esposte al brusco abbassamento delle temperature fino a sotto lo zero. \u00c8 l\u2019sos lanciato dalla Coldiretti in riferimento agli effetti dell\u2019aria polare proveniente dalla Norvegia nella Settimana Santa che sar\u00e0 [&hellip;]\" \/>\n<meta property=\"og:url\" content=\"https:\/\/www.italiaeconomiaonline.it\/web\/maltempo-coldiretti-allarme-gelate-per-frutta-e-ortaggi\/\" \/>\n<meta property=\"og:site_name\" content=\"ItaliaEconomiaOnline\" \/>\n<meta property=\"article:published_time\" content=\"2023-04-04T12:33:41+00:00\" \/>\n<meta property=\"og:image\" content=\"https:\/\/www.italiaeconomiaonline.it\/web\/wp-content\/uploads\/2021\/11\/Serra-allagata-a-Pula_Sardegna_maltempo-17-nov-e1637161248525.jpeg\" \/>\n\t<meta property=\"og:image:width\" content=\"768\" \/>\n\t<meta property=\"og:image:height\" content=\"506\" \/>\n\t<meta property=\"og:image:type\" content=\"image\/jpeg\" \/>\n<meta name=\"author\" content=\"ladyitaliaeconomia\" \/>\n<meta name=\"twitter:card\" content=\"summary_large_image\" \/>\n<meta name=\"twitter:label1\" content=\"Scritto da\" \/>\n\t<meta name=\"twitter:data1\" content=\"ladyitaliaeconomia\" \/>\n\t<meta name=\"twitter:label2\" content=\"Tempo di lettura stimato\" \/>\n\t<meta name=\"twitter:data2\" content=\"2 minuti\" \/>\n<script type=\"application\/ld+json\" class=\"yoast-schema-graph\">{\"@context\":\"https:\/\/schema.org\",\"@graph\":[{\"@type\":\"WebPage\",\"@id\":\"https:\/\/www.italiaeconomiaonline.it\/web\/maltempo-coldiretti-allarme-gelate-per-frutta-e-ortaggi\/\",\"url\":\"https:\/\/www.italiaeconomiaonline.it\/web\/maltempo-coldiretti-allarme-gelate-per-frutta-e-ortaggi\/\",\"name\":\"Maltempo: Coldiretti, allarme gelate per frutta e ortaggi -\",\"isPartOf\":{\"@id\":\"https:\/\/www.italiaeconomiaonline.it\/web\/#website\"},\"primaryImageOfPage\":{\"@id\":\"https:\/\/www.italiaeconomiaonline.it\/web\/maltempo-coldiretti-allarme-gelate-per-frutta-e-ortaggi\/#primaryimage\"},\"image\":{\"@id\":\"https:\/\/www.italiaeconomiaonline.it\/web\/maltempo-coldiretti-allarme-gelate-per-frutta-e-ortaggi\/#primaryimage\"},\"thumbnailUrl\":\"https:\/\/www.italiaeconomiaonline.it\/web\/wp-content\/uploads\/2021\/11\/Serra-allagata-a-Pula_Sardegna_maltempo-17-nov-e1637161248525.jpeg\",\"datePublished\":\"2023-04-04T12:33:41+00:00\",\"dateModified\":\"2023-04-04T12:33:41+00:00\",\"author\":{\"@id\":\"https:\/\/www.italiaeconomiaonline.it\/web\/#\/schema\/person\/909a49cce752523b020fbc37d5ab1c31\"},\"breadcrumb\":{\"@id\":\"https:\/\/www.italiaeconomiaonline.it\/web\/maltempo-coldiretti-allarme-gelate-per-frutta-e-ortaggi\/#breadcrumb\"},\"inLanguage\":\"it-IT\",\"potentialAction\":[{\"@type\":\"ReadAction\",\"target\":[\"https:\/\/www.italiaeconomiaonline.it\/web\/maltempo-coldiretti-allarme-gelate-per-frutta-e-ortaggi\/\"]}]},{\"@type\":\"ImageObject\",\"inLanguage\":\"it-IT\",\"@id\":\"https:\/\/www.italiaeconomiaonline.it\/web\/maltempo-coldiretti-allarme-gelate-per-frutta-e-ortaggi\/#primaryimage\",\"url\":\"https:\/\/www.italiaeconomiaonline.it\/web\/wp-content\/uploads\/2021\/11\/Serra-allagata-a-Pula_Sardegna_maltempo-17-nov-e1637161248525.jpeg\",\"contentUrl\":\"https:\/\/www.italiaeconomiaonline.it\/web\/wp-content\/uploads\/2021\/11\/Serra-allagata-a-Pula_Sardegna_maltempo-17-nov-e1637161248525.jpeg\",\"width\":768,\"height\":506},{\"@type\":\"BreadcrumbList\",\"@id\":\"https:\/\/www.italiaeconomiaonline.it\/web\/maltempo-coldiretti-allarme-gelate-per-frutta-e-ortaggi\/#breadcrumb\",\"itemListElement\":[{\"@type\":\"ListItem\",\"position\":1,\"name\":\"Home\",\"item\":\"https:\/\/www.italiaeconomiaonline.it\/web\/\"},{\"@type\":\"ListItem\",\"position\":2,\"name\":\"Maltempo: Coldiretti, allarme gelate per frutta e ortaggi\"}]},{\"@type\":\"WebSite\",\"@id\":\"https:\/\/www.italiaeconomiaonline.it\/web\/#website\",\"url\":\"https:\/\/www.italiaeconomiaonline.it\/web\/\",\"name\":\"ItaliaEconomiaOnline\",\"description\":\"Quotidiano Economico Online\",\"potentialAction\":[{\"@type\":\"SearchAction\",\"target\":{\"@type\":\"EntryPoint\",\"urlTemplate\":\"https:\/\/www.italiaeconomiaonline.it\/web\/?s={search_term_string}\"},\"query-input\":\"required name=search_term_string\"}],\"inLanguage\":\"it-IT\"},{\"@type\":\"Person\",\"@id\":\"https:\/\/www.italiaeconomiaonline.it\/web\/#\/schema\/person\/909a49cce752523b020fbc37d5ab1c31\",\"name\":\"ladyitaliaeconomia\",\"image\":{\"@type\":\"ImageObject\",\"inLanguage\":\"it-IT\",\"@id\":\"https:\/\/www.italiaeconomiaonline.it\/web\/#\/schema\/person\/image\/\",\"url\":\"https:\/\/secure.gravatar.com\/avatar\/cedca10ce7416a579b9fa6bce9c0a8f2?s=96&d=mm&r=g\",\"contentUrl\":\"https:\/\/secure.gravatar.com\/avatar\/cedca10ce7416a579b9fa6bce9c0a8f2?s=96&d=mm&r=g\",\"caption\":\"ladyitaliaeconomia\"},\"url\":\"https:\/\/www.italiaeconomiaonline.it\/web\/author\/ladyitaliaeconomia\/\"}]}<\/script>\n<!-- \/ Yoast SEO plugin. -->","yoast_head_json":{"title":"Maltempo: Coldiretti, allarme gelate per frutta e ortaggi -","robots":{"index":"index","follow":"follow","max-snippet":"max-snippet:-1","max-image-preview":"max-image-preview:large","max-video-preview":"max-video-preview:-1"},"canonical":"https:\/\/www.italiaeconomiaonline.it\/web\/maltempo-coldiretti-allarme-gelate-per-frutta-e-ortaggi\/","og_locale":"it_IT","og_type":"article","og_title":"Maltempo: Coldiretti, allarme gelate per frutta e ortaggi -","og_description":"Con l\u2019arrivo del freddo polare e delle gelate tardive scatta l\u2019allarme per frutta e ortaggi, con le piante fiorite e le verdure in campo particolarmente esposte al brusco abbassamento delle temperature fino a sotto lo zero. \u00c8 l\u2019sos lanciato dalla Coldiretti in riferimento agli effetti dell\u2019aria polare proveniente dalla Norvegia nella Settimana Santa che sar\u00e0 [&hellip;]","og_url":"https:\/\/www.italiaeconomiaonline.it\/web\/maltempo-coldiretti-allarme-gelate-per-frutta-e-ortaggi\/","og_site_name":"ItaliaEconomiaOnline","article_published_time":"2023-04-04T12:33:41+00:00","og_image":[{"width":768,"height":506,"url":"https:\/\/www.italiaeconomiaonline.it\/web\/wp-content\/uploads\/2021\/11\/Serra-allagata-a-Pula_Sardegna_maltempo-17-nov-e1637161248525.jpeg","type":"image\/jpeg"}],"author":"ladyitaliaeconomia","twitter_card":"summary_large_image","twitter_misc":{"Scritto da":"ladyitaliaeconomia","Tempo di lettura stimato":"2 minuti"},"schema":{"@context":"https:\/\/schema.org","@graph":[{"@type":"WebPage","@id":"https:\/\/www.italiaeconomiaonline.it\/web\/maltempo-coldiretti-allarme-gelate-per-frutta-e-ortaggi\/","url":"https:\/\/www.italiaeconomiaonline.it\/web\/maltempo-coldiretti-allarme-gelate-per-frutta-e-ortaggi\/","name":"Maltempo: Coldiretti, allarme gelate per frutta e ortaggi -","isPartOf":{"@id":"https:\/\/www.italiaeconomiaonline.it\/web\/#website"},"primaryImageOfPage":{"@id":"https:\/\/www.italiaeconomiaonline.it\/web\/maltempo-coldiretti-allarme-gelate-per-frutta-e-ortaggi\/#primaryimage"},"image":{"@id":"https:\/\/www.italiaeconomiaonline.it\/web\/maltempo-coldiretti-allarme-gelate-per-frutta-e-ortaggi\/#primaryimage"},"thumbnailUrl":"https:\/\/www.italiaeconomiaonline.it\/web\/wp-content\/uploads\/2021\/11\/Serra-allagata-a-Pula_Sardegna_maltempo-17-nov-e1637161248525.jpeg","datePublished":"2023-04-04T12:33:41+00:00","dateModified":"2023-04-04T12:33:41+00:00","author":{"@id":"https:\/\/www.italiaeconomiaonline.it\/web\/#\/schema\/person\/909a49cce752523b020fbc37d5ab1c31"},"breadcrumb":{"@id":"https:\/\/www.italiaeconomiaonline.it\/web\/maltempo-coldiretti-allarme-gelate-per-frutta-e-ortaggi\/#breadcrumb"},"inLanguage":"it-IT","potentialAction":[{"@type":"ReadAction","target":["https:\/\/www.italiaeconomiaonline.it\/web\/maltempo-coldiretti-allarme-gelate-per-frutta-e-ortaggi\/"]}]},{"@type":"ImageObject","inLanguage":"it-IT","@id":"https:\/\/www.italiaeconomiaonline.it\/web\/maltempo-coldiretti-allarme-gelate-per-frutta-e-ortaggi\/#primaryimage","url":"https:\/\/www.italiaeconomiaonline.it\/web\/wp-content\/uploads\/2021\/11\/Serra-allagata-a-Pula_Sardegna_maltempo-17-nov-e1637161248525.jpeg","contentUrl":"https:\/\/www.italiaeconomiaonline.it\/web\/wp-content\/uploads\/2021\/11\/Serra-allagata-a-Pula_Sardegna_maltempo-17-nov-e1637161248525.jpeg","width":768,"height":506},{"@type":"BreadcrumbList","@id":"https:\/\/www.italiaeconomiaonline.it\/web\/maltempo-coldiretti-allarme-gelate-per-frutta-e-ortaggi\/#breadcrumb","itemListElement":[{"@type":"ListItem","position":1,"name":"Home","item":"https:\/\/www.italiaeconomiaonline.it\/web\/"},{"@type":"ListItem","position":2,"name":"Maltempo: Coldiretti, allarme gelate per frutta e ortaggi"}]},{"@type":"WebSite","@id":"https:\/\/www.italiaeconomiaonline.it\/web\/#website","url":"https:\/\/www.italiaeconomiaonline.it\/web\/","name":"ItaliaEconomiaOnline","description":"Quotidiano Economico Online","potentialAction":[{"@type":"SearchAction","target":{"@type":"EntryPoint","urlTemplate":"https:\/\/www.italiaeconomiaonline.it\/web\/?s={search_term_string}"},"query-input":"required name=search_term_string"}],"inLanguage":"it-IT"},{"@type":"Person","@id":"https:\/\/www.italiaeconomiaonline.it\/web\/#\/schema\/person\/909a49cce752523b020fbc37d5ab1c31","name":"ladyitaliaeconomia","image":{"@type":"ImageObject","inLanguage":"it-IT","@id":"https:\/\/www.italiaeconomiaonline.it\/web\/#\/schema\/person\/image\/","url":"https:\/\/secure.gravatar.com\/avatar\/cedca10ce7416a579b9fa6bce9c0a8f2?s=96&d=mm&r=g","contentUrl":"https:\/\/secure.gravatar.com\/avatar\/cedca10ce7416a579b9fa6bce9c0a8f2?s=96&d=mm&r=g","caption":"ladyitaliaeconomia"},"url":"https:\/\/www.italiaeconomiaonline.it\/web\/author\/ladyitaliaeconomia\/"}]}},"_links":{"self":[{"href":"https:\/\/www.italiaeconomiaonline.it\/web\/wp-json\/wp\/v2\/posts\/7133"}],"collection":[{"href":"https:\/\/www.italiaeconomiaonline.it\/web\/wp-json\/wp\/v2\/posts"}],"about":[{"href":"https:\/\/www.italiaeconomiaonline.it\/web\/wp-json\/wp\/v2\/types\/post"}],"author":[{"embeddable":true,"href":"https:\/\/www.italiaeconomiaonline.it\/web\/wp-json\/wp\/v2\/users\/1"}],"replies":[{"embeddable":true,"href":"https:\/\/www.italiaeconomiaonline.it\/web\/wp-json\/wp\/v2\/comments?post=7133"}],"version-history":[{"count":1,"href":"https:\/\/www.italiaeconomiaonline.it\/web\/wp-json\/wp\/v2\/posts\/7133\/revisions"}],"predecessor-version":[{"id":7134,"href":"https:\/\/www.italiaeconomiaonline.it\/web\/wp-json\/wp\/v2\/posts\/7133\/revisions\/7134"}],"wp:featuredmedia":[{"embeddable":true,"href":"https:\/\/www.italiaeconomiaonline.it\/web\/wp-json\/wp\/v2\/media\/6378"}],"wp:attachment":[{"href":"https:\/\/www.italiaeconomiaonline.it\/web\/wp-json\/wp\/v2\/media?parent=7133"}],"wp:term":[{"taxonomy":"category","embeddable":true,"href":"https:\/\/www.italiaeconomiaonline.it\/web\/wp-json\/wp\/v2\/categories?post=7133"},{"taxonomy":"post_tag","embeddable":true,"href":"https:\/\/www.italiaeconomiaonline.it\/web\/wp-json\/wp\/v2\/tags?post=7133"}],"curies":[{"name":"wp","href":"https:\/\/api.w.org\/{rel}","templated":true}]}}