{"id":7137,"date":"2023-04-05T15:47:02","date_gmt":"2023-04-05T13:47:02","guid":{"rendered":"https:\/\/www.italiaeconomiaonline.it\/web\/?p=7137"},"modified":"2023-04-05T15:47:02","modified_gmt":"2023-04-05T13:47:02","slug":"consumi-coldiretti-8-frutta-con-taglio-potere-acquisto","status":"publish","type":"post","link":"https:\/\/www.italiaeconomiaonline.it\/web\/consumi-coldiretti-8-frutta-con-taglio-potere-acquisto\/","title":{"rendered":"Consumi, Coldiretti: &#8211; 8% frutta con taglio potere acquisto"},"content":{"rendered":"<p class=\"xmprfx_MsoNormal\">Con il caro prezzi e il cambiamento climatico che ha decimato i raccolti, gli italiani hanno tagliato gli acquisti di frutta che crollano nel 2022 dell\u20198% in quantit\u00e0 rispetto allo scorso anno, ai minimi da inizio secolo.<\/p>\n<p class=\"xmprfx_MsoNormal\">\u00c8 quanto emerge dall\u2019analisi di Coldiretti sulla base dei dati Cso Italy a commento dei dati Istat sul calo del potere di acquisto del 3,7% nel quarto trimestre del 2022. Gli italiani \u2013 sottolinea la Coldiretti \u2013 hanno ridotto del 17% le quantit\u00e0 di pere, del 11% le arance e l\u2019uva da tavola, dell\u20198% le pesche, le nettarine e i kiwi e del 5% le mele. Il risultato \u00e8 che con 2,8 miliardi di chili nel 2022 il consumo di frutta degli italiani \u2013 precisa la Coldiretti \u2013 \u00e8 risultato poco pi\u00f9 della met\u00e0 di quello di fine secolo nel 2000 con preoccupanti effetti sulla salute dei cittadini.<\/p>\n<p class=\"xmprfx_MsoNormal\">A diminuire del 10% &#8211; continua la Coldiretti &#8211; sono stati anche gli acquisti di ortaggi con riduzioni del 12% in quantit\u00e0 per le insalate e del 22% per i fagiolini.\u00a0 Il brusco calo \u2013 sottolinea la Coldiretti \u2013 ha fatto scendere il consumo individuale sotto la soglia minima di 400 grammi di frutta e verdure fresche per persona, da mangiare in pi\u00f9 volte al giorno, raccomandato dal Consiglio dell\u2019Organizzazione Mondiale della Sanit\u00e0 (Oms) per una dieta sana. Un dato ancora pi\u00f9 allarmante \u2013 conclude Coldiretti \u2013 se si considera che a consumare meno frutta e verdura sono soprattutto i bambini e gli adolescenti, con quantit\u00e0 che sono addirittura sotto la met\u00e0 del fabbisogno giornaliero, aumentando cos\u00ec i rischi legati all\u2019obesit\u00e0 e alle malattie ad essa collegate.<\/p>\n<p class=\"xmprfx_MsoNormal\">\n","protected":false},"excerpt":{"rendered":"<p>Con il caro prezzi e il cambiamento climatico che ha decimato i raccolti, gli italiani hanno tagliato gli acquisti di frutta che crollano nel 2022 dell\u20198% in quantit\u00e0 rispetto allo scorso anno, ai minimi da inizio secolo. \u00c8 quanto emerge dall\u2019analisi di Coldiretti sulla base dei dati Cso Italy a commento dei dati Istat sul [&hellip;]<\/p>\n","protected":false},"author":1,"featured_media":5108,"comment_status":"closed","ping_status":"open","sticky":false,"template":"","format":"standard","meta":{"footnotes":""},"categories":[1868],"tags":[],"yoast_head":"<!-- This site is optimized with the Yoast SEO plugin v22.2 - https:\/\/yoast.com\/wordpress\/plugins\/seo\/ -->\n<title>Consumi, Coldiretti: - 8% frutta con taglio potere acquisto -<\/title>\n<meta name=\"robots\" content=\"index, follow, max-snippet:-1, max-image-preview:large, max-video-preview:-1\" \/>\n<link rel=\"canonical\" href=\"https:\/\/www.italiaeconomiaonline.it\/web\/consumi-coldiretti-8-frutta-con-taglio-potere-acquisto\/\" \/>\n<meta property=\"og:locale\" content=\"it_IT\" \/>\n<meta property=\"og:type\" content=\"article\" \/>\n<meta property=\"og:title\" content=\"Consumi, Coldiretti: - 8% frutta con taglio potere acquisto -\" \/>\n<meta property=\"og:description\" content=\"Con il caro prezzi e il cambiamento climatico che ha decimato i raccolti, gli italiani hanno tagliato gli acquisti di frutta che crollano nel 2022 dell\u20198% in quantit\u00e0 rispetto allo scorso anno, ai minimi da inizio secolo. \u00c8 quanto emerge dall\u2019analisi di Coldiretti sulla base dei dati Cso Italy a commento dei dati Istat sul [&hellip;]\" \/>\n<meta property=\"og:url\" content=\"https:\/\/www.italiaeconomiaonline.it\/web\/consumi-coldiretti-8-frutta-con-taglio-potere-acquisto\/\" \/>\n<meta property=\"og:site_name\" content=\"ItaliaEconomiaOnline\" \/>\n<meta property=\"article:published_time\" content=\"2023-04-05T13:47:02+00:00\" \/>\n<meta property=\"og:image\" content=\"https:\/\/www.italiaeconomiaonline.it\/web\/wp-content\/uploads\/2021\/01\/Schermata-2021-01-15-alle-10.45.09-1024x552.png\" \/>\n\t<meta property=\"og:image:width\" content=\"1024\" \/>\n\t<meta property=\"og:image:height\" content=\"552\" \/>\n\t<meta property=\"og:image:type\" content=\"image\/png\" \/>\n<meta name=\"author\" content=\"ladyitaliaeconomia\" \/>\n<meta name=\"twitter:card\" content=\"summary_large_image\" \/>\n<meta name=\"twitter:label1\" content=\"Scritto da\" \/>\n\t<meta name=\"twitter:data1\" content=\"ladyitaliaeconomia\" \/>\n\t<meta name=\"twitter:label2\" content=\"Tempo di lettura stimato\" \/>\n\t<meta name=\"twitter:data2\" content=\"2 minuti\" \/>\n<script type=\"application\/ld+json\" class=\"yoast-schema-graph\">{\"@context\":\"https:\/\/schema.org\",\"@graph\":[{\"@type\":\"WebPage\",\"@id\":\"https:\/\/www.italiaeconomiaonline.it\/web\/consumi-coldiretti-8-frutta-con-taglio-potere-acquisto\/\",\"url\":\"https:\/\/www.italiaeconomiaonline.it\/web\/consumi-coldiretti-8-frutta-con-taglio-potere-acquisto\/\",\"name\":\"Consumi, Coldiretti: - 8% frutta con taglio potere acquisto -\",\"isPartOf\":{\"@id\":\"https:\/\/www.italiaeconomiaonline.it\/web\/#website\"},\"primaryImageOfPage\":{\"@id\":\"https:\/\/www.italiaeconomiaonline.it\/web\/consumi-coldiretti-8-frutta-con-taglio-potere-acquisto\/#primaryimage\"},\"image\":{\"@id\":\"https:\/\/www.italiaeconomiaonline.it\/web\/consumi-coldiretti-8-frutta-con-taglio-potere-acquisto\/#primaryimage\"},\"thumbnailUrl\":\"https:\/\/www.italiaeconomiaonline.it\/web\/wp-content\/uploads\/2021\/01\/Schermata-2021-01-15-alle-10.45.09.png\",\"datePublished\":\"2023-04-05T13:47:02+00:00\",\"dateModified\":\"2023-04-05T13:47:02+00:00\",\"author\":{\"@id\":\"https:\/\/www.italiaeconomiaonline.it\/web\/#\/schema\/person\/909a49cce752523b020fbc37d5ab1c31\"},\"breadcrumb\":{\"@id\":\"https:\/\/www.italiaeconomiaonline.it\/web\/consumi-coldiretti-8-frutta-con-taglio-potere-acquisto\/#breadcrumb\"},\"inLanguage\":\"it-IT\",\"potentialAction\":[{\"@type\":\"ReadAction\",\"target\":[\"https:\/\/www.italiaeconomiaonline.it\/web\/consumi-coldiretti-8-frutta-con-taglio-potere-acquisto\/\"]}]},{\"@type\":\"ImageObject\",\"inLanguage\":\"it-IT\",\"@id\":\"https:\/\/www.italiaeconomiaonline.it\/web\/consumi-coldiretti-8-frutta-con-taglio-potere-acquisto\/#primaryimage\",\"url\":\"https:\/\/www.italiaeconomiaonline.it\/web\/wp-content\/uploads\/2021\/01\/Schermata-2021-01-15-alle-10.45.09.png\",\"contentUrl\":\"https:\/\/www.italiaeconomiaonline.it\/web\/wp-content\/uploads\/2021\/01\/Schermata-2021-01-15-alle-10.45.09.png\",\"width\":1346,\"height\":726},{\"@type\":\"BreadcrumbList\",\"@id\":\"https:\/\/www.italiaeconomiaonline.it\/web\/consumi-coldiretti-8-frutta-con-taglio-potere-acquisto\/#breadcrumb\",\"itemListElement\":[{\"@type\":\"ListItem\",\"position\":1,\"name\":\"Home\",\"item\":\"https:\/\/www.italiaeconomiaonline.it\/web\/\"},{\"@type\":\"ListItem\",\"position\":2,\"name\":\"Consumi, Coldiretti: &#8211; 8% frutta con taglio potere acquisto\"}]},{\"@type\":\"WebSite\",\"@id\":\"https:\/\/www.italiaeconomiaonline.it\/web\/#website\",\"url\":\"https:\/\/www.italiaeconomiaonline.it\/web\/\",\"name\":\"ItaliaEconomiaOnline\",\"description\":\"Quotidiano Economico Online\",\"potentialAction\":[{\"@type\":\"SearchAction\",\"target\":{\"@type\":\"EntryPoint\",\"urlTemplate\":\"https:\/\/www.italiaeconomiaonline.it\/web\/?s={search_term_string}\"},\"query-input\":\"required name=search_term_string\"}],\"inLanguage\":\"it-IT\"},{\"@type\":\"Person\",\"@id\":\"https:\/\/www.italiaeconomiaonline.it\/web\/#\/schema\/person\/909a49cce752523b020fbc37d5ab1c31\",\"name\":\"ladyitaliaeconomia\",\"image\":{\"@type\":\"ImageObject\",\"inLanguage\":\"it-IT\",\"@id\":\"https:\/\/www.italiaeconomiaonline.it\/web\/#\/schema\/person\/image\/\",\"url\":\"https:\/\/secure.gravatar.com\/avatar\/cedca10ce7416a579b9fa6bce9c0a8f2?s=96&d=mm&r=g\",\"contentUrl\":\"https:\/\/secure.gravatar.com\/avatar\/cedca10ce7416a579b9fa6bce9c0a8f2?s=96&d=mm&r=g\",\"caption\":\"ladyitaliaeconomia\"},\"url\":\"https:\/\/www.italiaeconomiaonline.it\/web\/author\/ladyitaliaeconomia\/\"}]}<\/script>\n<!-- \/ Yoast SEO plugin. -->","yoast_head_json":{"title":"Consumi, Coldiretti: - 8% frutta con taglio potere acquisto -","robots":{"index":"index","follow":"follow","max-snippet":"max-snippet:-1","max-image-preview":"max-image-preview:large","max-video-preview":"max-video-preview:-1"},"canonical":"https:\/\/www.italiaeconomiaonline.it\/web\/consumi-coldiretti-8-frutta-con-taglio-potere-acquisto\/","og_locale":"it_IT","og_type":"article","og_title":"Consumi, Coldiretti: - 8% frutta con taglio potere acquisto -","og_description":"Con il caro prezzi e il cambiamento climatico che ha decimato i raccolti, gli italiani hanno tagliato gli acquisti di frutta che crollano nel 2022 dell\u20198% in quantit\u00e0 rispetto allo scorso anno, ai minimi da inizio secolo. \u00c8 quanto emerge dall\u2019analisi di Coldiretti sulla base dei dati Cso Italy a commento dei dati Istat sul [&hellip;]","og_url":"https:\/\/www.italiaeconomiaonline.it\/web\/consumi-coldiretti-8-frutta-con-taglio-potere-acquisto\/","og_site_name":"ItaliaEconomiaOnline","article_published_time":"2023-04-05T13:47:02+00:00","og_image":[{"width":1024,"height":552,"url":"https:\/\/www.italiaeconomiaonline.it\/web\/wp-content\/uploads\/2021\/01\/Schermata-2021-01-15-alle-10.45.09-1024x552.png","type":"image\/png"}],"author":"ladyitaliaeconomia","twitter_card":"summary_large_image","twitter_misc":{"Scritto da":"ladyitaliaeconomia","Tempo di lettura stimato":"2 minuti"},"schema":{"@context":"https:\/\/schema.org","@graph":[{"@type":"WebPage","@id":"https:\/\/www.italiaeconomiaonline.it\/web\/consumi-coldiretti-8-frutta-con-taglio-potere-acquisto\/","url":"https:\/\/www.italiaeconomiaonline.it\/web\/consumi-coldiretti-8-frutta-con-taglio-potere-acquisto\/","name":"Consumi, Coldiretti: - 8% frutta con taglio potere acquisto -","isPartOf":{"@id":"https:\/\/www.italiaeconomiaonline.it\/web\/#website"},"primaryImageOfPage":{"@id":"https:\/\/www.italiaeconomiaonline.it\/web\/consumi-coldiretti-8-frutta-con-taglio-potere-acquisto\/#primaryimage"},"image":{"@id":"https:\/\/www.italiaeconomiaonline.it\/web\/consumi-coldiretti-8-frutta-con-taglio-potere-acquisto\/#primaryimage"},"thumbnailUrl":"https:\/\/www.italiaeconomiaonline.it\/web\/wp-content\/uploads\/2021\/01\/Schermata-2021-01-15-alle-10.45.09.png","datePublished":"2023-04-05T13:47:02+00:00","dateModified":"2023-04-05T13:47:02+00:00","author":{"@id":"https:\/\/www.italiaeconomiaonline.it\/web\/#\/schema\/person\/909a49cce752523b020fbc37d5ab1c31"},"breadcrumb":{"@id":"https:\/\/www.italiaeconomiaonline.it\/web\/consumi-coldiretti-8-frutta-con-taglio-potere-acquisto\/#breadcrumb"},"inLanguage":"it-IT","potentialAction":[{"@type":"ReadAction","target":["https:\/\/www.italiaeconomiaonline.it\/web\/consumi-coldiretti-8-frutta-con-taglio-potere-acquisto\/"]}]},{"@type":"ImageObject","inLanguage":"it-IT","@id":"https:\/\/www.italiaeconomiaonline.it\/web\/consumi-coldiretti-8-frutta-con-taglio-potere-acquisto\/#primaryimage","url":"https:\/\/www.italiaeconomiaonline.it\/web\/wp-content\/uploads\/2021\/01\/Schermata-2021-01-15-alle-10.45.09.png","contentUrl":"https:\/\/www.italiaeconomiaonline.it\/web\/wp-content\/uploads\/2021\/01\/Schermata-2021-01-15-alle-10.45.09.png","width":1346,"height":726},{"@type":"BreadcrumbList","@id":"https:\/\/www.italiaeconomiaonline.it\/web\/consumi-coldiretti-8-frutta-con-taglio-potere-acquisto\/#breadcrumb","itemListElement":[{"@type":"ListItem","position":1,"name":"Home","item":"https:\/\/www.italiaeconomiaonline.it\/web\/"},{"@type":"ListItem","position":2,"name":"Consumi, Coldiretti: &#8211; 8% frutta con taglio potere acquisto"}]},{"@type":"WebSite","@id":"https:\/\/www.italiaeconomiaonline.it\/web\/#website","url":"https:\/\/www.italiaeconomiaonline.it\/web\/","name":"ItaliaEconomiaOnline","description":"Quotidiano Economico Online","potentialAction":[{"@type":"SearchAction","target":{"@type":"EntryPoint","urlTemplate":"https:\/\/www.italiaeconomiaonline.it\/web\/?s={search_term_string}"},"query-input":"required name=search_term_string"}],"inLanguage":"it-IT"},{"@type":"Person","@id":"https:\/\/www.italiaeconomiaonline.it\/web\/#\/schema\/person\/909a49cce752523b020fbc37d5ab1c31","name":"ladyitaliaeconomia","image":{"@type":"ImageObject","inLanguage":"it-IT","@id":"https:\/\/www.italiaeconomiaonline.it\/web\/#\/schema\/person\/image\/","url":"https:\/\/secure.gravatar.com\/avatar\/cedca10ce7416a579b9fa6bce9c0a8f2?s=96&d=mm&r=g","contentUrl":"https:\/\/secure.gravatar.com\/avatar\/cedca10ce7416a579b9fa6bce9c0a8f2?s=96&d=mm&r=g","caption":"ladyitaliaeconomia"},"url":"https:\/\/www.italiaeconomiaonline.it\/web\/author\/ladyitaliaeconomia\/"}]}},"_links":{"self":[{"href":"https:\/\/www.italiaeconomiaonline.it\/web\/wp-json\/wp\/v2\/posts\/7137"}],"collection":[{"href":"https:\/\/www.italiaeconomiaonline.it\/web\/wp-json\/wp\/v2\/posts"}],"about":[{"href":"https:\/\/www.italiaeconomiaonline.it\/web\/wp-json\/wp\/v2\/types\/post"}],"author":[{"embeddable":true,"href":"https:\/\/www.italiaeconomiaonline.it\/web\/wp-json\/wp\/v2\/users\/1"}],"replies":[{"embeddable":true,"href":"https:\/\/www.italiaeconomiaonline.it\/web\/wp-json\/wp\/v2\/comments?post=7137"}],"version-history":[{"count":1,"href":"https:\/\/www.italiaeconomiaonline.it\/web\/wp-json\/wp\/v2\/posts\/7137\/revisions"}],"predecessor-version":[{"id":7138,"href":"https:\/\/www.italiaeconomiaonline.it\/web\/wp-json\/wp\/v2\/posts\/7137\/revisions\/7138"}],"wp:featuredmedia":[{"embeddable":true,"href":"https:\/\/www.italiaeconomiaonline.it\/web\/wp-json\/wp\/v2\/media\/5108"}],"wp:attachment":[{"href":"https:\/\/www.italiaeconomiaonline.it\/web\/wp-json\/wp\/v2\/media?parent=7137"}],"wp:term":[{"taxonomy":"category","embeddable":true,"href":"https:\/\/www.italiaeconomiaonline.it\/web\/wp-json\/wp\/v2\/categories?post=7137"},{"taxonomy":"post_tag","embeddable":true,"href":"https:\/\/www.italiaeconomiaonline.it\/web\/wp-json\/wp\/v2\/tags?post=7137"}],"curies":[{"name":"wp","href":"https:\/\/api.w.org\/{rel}","templated":true}]}}