{"id":7184,"date":"2023-05-02T11:40:12","date_gmt":"2023-05-02T09:40:12","guid":{"rendered":"https:\/\/www.italiaeconomiaonline.it\/web\/?p=7184"},"modified":"2023-05-02T11:40:31","modified_gmt":"2023-05-02T09:40:31","slug":"lavoro-confesercenti-swg-imprese-commercio-e-turismo-hanno-difficolta-a-reperire-personale","status":"publish","type":"post","link":"https:\/\/www.italiaeconomiaonline.it\/web\/lavoro-confesercenti-swg-imprese-commercio-e-turismo-hanno-difficolta-a-reperire-personale\/","title":{"rendered":"Lavoro, Confesercenti swg: Imprese commercio e turismo hanno difficolt\u00e0 a reperire personale"},"content":{"rendered":"<p class=\"xmprfx_x_x_MsoNormal\" style=\"text-align: left;\" align=\"center\"><span class=\"xmprfx_x_x_xxxxxxcontentpasted0\"><span class=\"xmprfx_x_x_ContentPasted0\">Continua l\u2019emergenza lavoro nel commercio e nel turismo. Il 36% delle imprese segnala di avere avuto quest\u2019anno difficolt\u00e0 a reperire personale. Difficolt\u00e0 che, in molti casi, non sono state ancora superate e che rischiano di causare un \u2018buco\u2019 nella stagione estiva ormai alle porte, per la quale saranno necessari fino a 100mila lavoratori in pi\u00f9. A stimarlo \u00e8 Confesercenti, sulla base di un sondaggio somministrato alle imprese dei due comparti con SWG in occasione delle celebrazioni del Primo Maggio.<span class=\"xmprfx_x_x_Apple-converted-space xmprfx_x_x_ContentPasted0\">\u00a0<\/span>\u00a0<\/span><\/span><\/p>\n<p class=\"xmprfx_x_x_xxxxxxmsonormal\"><span class=\"xmprfx_x_x_xxxxxxcontentpasted0\"><span class=\"xmprfx_x_x_ContentPasted0\">A frenare il lavoro nei due comparti \u00e8 anche la carenza di candidati, fattore indicato dal 28% delle attivit\u00e0 con difficolt\u00e0 di reperimento. Una carenza che le imprese attribuiscono alla visione della stagionalit\u00e0 come precariet\u00e0 (61% delle risposte). Ma, soprattutto sui giovani, pesa l\u2019impegno nei giorni festivi e prefestivi (60%) e l\u2019idea che nel commercio e nel turismo ci sia poca possibilit\u00e0 di crescita professionale ed economica (55%).\u00a0<\/span><\/span><\/p>\n<p class=\"xmprfx_x_x_xxxxxxmsonormal\"><span class=\"xmprfx_x_x_xxxxxxcontentpasted0\"><span class=\"xmprfx_x_x_ContentPasted0\">A rendere difficile il reperimento di addetti, per\u00f2, \u00e8 soprattutto il mismatch, ovvero il disallineamento tra offerta e domanda di lavoro. Quasi un\u2019impresa con problemi di personale su due (il 46%) indica infatti come impedimento principale proprio la mancanza di candidati con una preparazione adeguata. Fattore minore, invece, \u00e8 quello economico: solo il 19% segnala di non aver assunto perch\u00e9 non si \u00e8 trovato l\u2019accordo sui compensi. Nonostante questo, per superare i problemi, il 43% delle imprese ha fatto leva proprio sull\u2019offerta economica, sotto forma di incentivo (27%) o retribuzione maggiore rispetto al CCNL di riferimento (16%). Il 19%, invece, si \u00e8 rivolto ad un\u2019agenzia di lavoro privata. Il 31%, per\u00f2, non \u00e8 riuscito comunque a trovare gli addetti necessari, e per far fronte alla carenza progetta di tagliere i servizi offerti ai clienti.\u00a0<\/span><\/span><\/p>\n<p class=\"xmprfx_x_x_xxxxxxmsonormal\"><span class=\"xmprfx_x_x_xxxxxxcontentpasted0\"><span class=\"xmprfx_x_x_ContentPasted0\">\u201cIl problema della carenza di personale nel commercio e nel turismo \u00e8 sempre pi\u00f9 stringente\u201d, sottolinea Confesercenti. \u201cPer risolverlo, bisogna garantire maggiore flessibilit\u00e0 contrattuale e rafforzare le politiche attive e per la formazione. Se confermate, le misure previste dal DL Lavoro \u2013 su cui abbiamo apprezzato il confronto con le associazioni condotto dal Governo &#8211; vanno nella giusta direzione. Bene il taglio del cuneo fiscale, ma sarebbe opportuno detassare pure i futuri aumenti contrattuali riferiti ai CCNL comparativamente pi\u00f9 rappresentativi, anche in considerazione del fatto che sono aperti i tavoli negoziali dei CCNL di Terziario e Turismo che impattano su pi\u00f9 di 8 milioni di lavoratori. Da reintrodurre anche i voucher e, in forma semplificata rispetto al passato, il job sharing, eliminando inoltre il tetto di ore minime che molti CCNL ancora impongono per il Part Time.<\/span><\/span><\/p>\n<p class=\"xmprfx_x_x_xxxxxxmsonormal\"><span class=\"xmprfx_x_x_xxxxxxcontentpasted0\"><span class=\"xmprfx_x_x_ContentPasted0\"> Per gli stagionali del turismo servirebbe un decreto ad hoc, con misure come il credito d\u2019imposta alle imprese per sostenere vitto e alloggio degli stagionali e favorire cos\u00ec la mobilit\u00e0 interregionale. Su questo, si potrebbe impegnare anche la Bilateralit\u00e0. <\/span><\/span><\/p>\n<p class=\"xmprfx_x_x_xxxxxxmsonormal\"><span class=\"xmprfx_x_x_xxxxxxcontentpasted0\"><span class=\"xmprfx_x_x_ContentPasted0\">Prioritario, per\u00f2, \u00e8 agire sulle politiche attive: non si pu\u00f2 lasciare l\u2019incontro tra domanda e offerta a iniziativa privata e passaparola. Da rivedere anche la formazione: va ripristinato un rapporto stabile tra scuola e lavoro per agevolare l\u2019ingresso dei giovani nei nostri settori. Restano inadeguati, inoltre, i Decreti Flussi, con click day che avvengono sempre a stagione gi\u00e0 iniziata. \u00c8 inoltre necessario facilitare la formazione dei lavoratori nei paesi di origine, consentendo l\u2019ingresso dei soggetti gi\u00e0 formati fuori dalle quote stabilite\u201d.<\/span><\/span><span class=\"xmprfx_x_x_xxxxxxcontentpasted0\">\u00a0<\/span><\/p>\n<p class=\"xmprfx_x_x_xxxxxxmsonormal\"><span class=\"xmprfx_x_x_xxxxxxcontentpasted0\">\u00a0<\/span><\/p>\n<p class=\"xmprfx_x_x_xxxxxxmsonormal\"><b><span class=\"xmprfx_x_x_ContentPasted0\">Nel 2023 ha provato o sta provando delle difficolt\u00e0 a reperire personale?\u00a0<\/span><\/b><\/p>\n<table class=\"xmprfx_x_x_MsoNormalTable\" width=\"99%\">\n<tbody>\n<tr>\n<td width=\"93%\">\n<p class=\"xmprfx_x_x_MsoNormal\"><span class=\"xmprfx_x_x_ContentPasted0\">s\u00ec\u00a0<\/span><\/p>\n<\/td>\n<td width=\"6%\">\n<p class=\"xmprfx_x_x_MsoNormal\" align=\"right\"><span class=\"xmprfx_x_x_ContentPasted0\">36\u00a0<\/span><\/p>\n<\/td>\n<\/tr>\n<tr>\n<td width=\"93%\">\n<p class=\"xmprfx_x_x_MsoNormal\"><span class=\"xmprfx_x_x_ContentPasted0\">no\u00a0<\/span><\/p>\n<\/td>\n<td valign=\"top\" width=\"6%\">\n<p class=\"xmprfx_x_x_MsoNormal\" align=\"right\"><span class=\"xmprfx_x_x_ContentPasted0\">28\u00a0<\/span><\/p>\n<\/td>\n<\/tr>\n<tr>\n<td width=\"93%\">\n<p class=\"xmprfx_x_x_MsoNormal\"><span class=\"xmprfx_x_x_ContentPasted0\">non ha avuto la necessit\u00e0 di reperire personale\u00a0<\/span><\/p>\n<\/td>\n<td valign=\"top\" width=\"6%\">\n<p class=\"xmprfx_x_x_MsoNormal\" align=\"right\"><span class=\"xmprfx_x_x_ContentPasted0\">36\u00a0<\/span><\/p>\n<\/td>\n<\/tr>\n<\/tbody>\n<\/table>\n<p class=\"xmprfx_x_x_MsoNormal\"><i><span class=\"xmprfx_x_x_ContentPasted0\">Valori %\u00a0<\/span><\/i><\/p>\n<p class=\"xmprfx_x_x_MsoNormal\"><i>\u00a0<\/i><\/p>\n<p class=\"xmprfx_x_x_MsoNormal\"><b><span class=\"xmprfx_x_x_ContentPasted0\">Per quale dei seguenti motivi, principalmente, trova delle difficolt\u00e0?\u00a0<\/span><\/b><\/p>\n<table class=\"xmprfx_x_x_MsoNormalTable\" width=\"99%\">\n<tbody>\n<tr>\n<td width=\"92%\">\n<p class=\"xmprfx_x_x_MsoPlainText\"><span class=\"xmprfx_x_x_ContentPasted0\">non trovo candidati con adeguata preparazione\u00a0<\/span><\/p>\n<\/td>\n<td width=\"7%\">\n<p class=\"xmprfx_x_x_MsoNormal\" align=\"right\"><span class=\"xmprfx_x_x_ContentPasted0\">46\u00a0<\/span><\/p>\n<\/td>\n<\/tr>\n<tr>\n<td width=\"92%\">\n<p class=\"xmprfx_x_x_MsoPlainText\"><span class=\"xmprfx_x_x_ContentPasted0\">non ci sono candidati\u00a0<\/span><\/p>\n<\/td>\n<td width=\"7%\">\n<p class=\"xmprfx_x_x_MsoNormal\" align=\"right\"><span class=\"xmprfx_x_x_ContentPasted0\">28\u00a0<\/span><\/p>\n<\/td>\n<\/tr>\n<tr>\n<td width=\"92%\">\n<p class=\"xmprfx_x_x_MsoPlainText\"><span class=\"xmprfx_x_x_ContentPasted0\">i\u00a0candidati selezionati non sono soddisfatti dell&#8217;accordo economico\u00a0<\/span><\/p>\n<\/td>\n<td width=\"7%\">\n<p class=\"xmprfx_x_x_MsoNormal\" align=\"right\"><span class=\"xmprfx_x_x_ContentPasted0\">19\u00a0<\/span><\/p>\n<\/td>\n<\/tr>\n<tr>\n<td width=\"92%\">\n<p class=\"xmprfx_x_x_MsoPlainText\"><span class=\"xmprfx_x_x_ContentPasted0\">per altri motivi\u00a0<\/span><\/p>\n<\/td>\n<td width=\"7%\">\n<p class=\"xmprfx_x_x_MsoNormal\" align=\"right\"><span class=\"xmprfx_x_x_ContentPasted0\">7\u00a0<\/span><\/p>\n<\/td>\n<\/tr>\n<\/tbody>\n<\/table>\n<p class=\"xmprfx_x_x_MsoNormal\"><i><span class=\"xmprfx_x_x_ContentPasted0\">Valori %\u00a0<\/span><\/i><\/p>\n<p class=\"xmprfx_x_x_MsoNormal\"><b>\u00a0<\/b><\/p>\n<p class=\"xmprfx_x_x_MsoNormal\"><b><span class=\"xmprfx_x_x_ContentPasted0\">In quale dei seguenti modi, prevalentemente, affrontate il problema della reperibilit\u00e0 del personale?\u00a0<\/span><\/b><\/p>\n<table class=\"xmprfx_x_x_MsoNormalTable\" width=\"99%\">\n<tbody>\n<tr>\n<td width=\"93%\">\n<p class=\"xmprfx_x_x_MsoNormal\"><span class=\"xmprfx_x_x_ContentPasted0\">non lo abbiamo risolto, e taglieremo dei servizi per fare fronte alla carenza di personale\u00a0<\/span><\/p>\n<\/td>\n<td valign=\"top\" width=\"6%\">\n<p class=\"xmprfx_x_x_MsoNormal\" align=\"right\"><span class=\"xmprfx_x_x_ContentPasted0\">31\u00a0<\/span><\/p>\n<\/td>\n<\/tr>\n<tr>\n<td width=\"93%\">\n<p class=\"xmprfx_x_x_MsoNormal\"><span class=\"xmprfx_x_x_ContentPasted0\">ci siamo rivolti ad un&#8217;agenzia del lavoro privata\u00a0<\/span><\/p>\n<\/td>\n<td valign=\"top\" width=\"6%\">\n<p class=\"xmprfx_x_x_MsoNormal\" align=\"right\"><span class=\"xmprfx_x_x_ContentPasted0\">19\u00a0<\/span><\/p>\n<\/td>\n<\/tr>\n<tr>\n<td width=\"93%\">\n<p class=\"xmprfx_x_x_MsoNormal\"><span class=\"xmprfx_x_x_ContentPasted0\">abbiamo offerto un incentivo economico\u00a0<\/span><\/p>\n<\/td>\n<td valign=\"top\" width=\"6%\">\n<p class=\"xmprfx_x_x_MsoNormal\" align=\"right\"><span class=\"xmprfx_x_x_ContentPasted0\">27\u00a0<\/span><\/p>\n<\/td>\n<\/tr>\n<tr>\n<td width=\"93%\">\n<p class=\"xmprfx_x_x_MsoNormal\"><span class=\"xmprfx_x_x_ContentPasted0\">abbiamo offerto una retribuzione pi\u00f9 elevata rispetto a quanto previsto da CCNL\u00a0<\/span><\/p>\n<\/td>\n<td valign=\"top\" width=\"6%\">\n<p class=\"xmprfx_x_x_MsoNormal\" align=\"right\"><span class=\"xmprfx_x_x_ContentPasted0\">16\u00a0<\/span><\/p>\n<\/td>\n<\/tr>\n<tr>\n<td width=\"93%\">\n<p class=\"xmprfx_x_x_MsoNormal\"><span class=\"xmprfx_x_x_ContentPasted0\">In un altro modo\u00a0<\/span><\/p>\n<\/td>\n<td valign=\"top\" width=\"6%\">\n<p class=\"xmprfx_x_x_MsoNormal\" align=\"right\"><span class=\"xmprfx_x_x_ContentPasted0\">7\u00a0<\/span><\/p>\n<\/td>\n<\/tr>\n<\/tbody>\n<\/table>\n<p class=\"xmprfx_x_x_MsoNormal\"><i><span class=\"xmprfx_x_x_ContentPasted0\">Valori %\u00a0<\/span><\/i><\/p>\n<p class=\"xmprfx_x_x_MsoNormal\"><b>\u00a0<\/b><\/p>\n<p class=\"xmprfx_x_x_MsoNormal\"><b><span class=\"xmprfx_x_x_ContentPasted0\">A suo avviso, per quale dei seguenti motivi c&#8217;\u00e8 un&#8217;offerta limitata di lavoratori?\u00a0\u00a0\u00a0<\/span><\/b><\/p>\n<p class=\"xmprfx_x_x_MsoNormal\"><i><span class=\"xmprfx_x_x_ContentPasted0\">(somma delle risposte positive)\u00a0<\/span><\/i><\/p>\n<table class=\"xmprfx_x_x_MsoNormalTable\" width=\"99%\">\n<tbody>\n<tr>\n<td width=\"92%\">\n<p class=\"xmprfx_x_x_MsoPlainText\"><span class=\"xmprfx_x_x_ContentPasted0\">perch\u00e9 la stagionalit\u00e0 \u00e8 vista come precariet\u00e0\u00a0<\/span><\/p>\n<\/td>\n<td width=\"7%\">\n<p class=\"xmprfx_x_x_MsoNormal\" align=\"right\"><span class=\"xmprfx_x_x_ContentPasted0\">61\u00a0<\/span><\/p>\n<\/td>\n<\/tr>\n<tr>\n<td width=\"92%\">\n<p class=\"xmprfx_x_x_MsoPlainText\"><span class=\"xmprfx_x_x_ContentPasted0\">perch\u00e9 si tratta di lavori che impegnano nei giorni festivi e prefestivi\u00a0<\/span><\/p>\n<\/td>\n<td width=\"7%\">\n<p class=\"xmprfx_x_x_MsoNormal\" align=\"right\"><span class=\"xmprfx_x_x_ContentPasted0\">60\u00a0<\/span><\/p>\n<\/td>\n<\/tr>\n<tr>\n<td width=\"92%\">\n<p class=\"xmprfx_x_x_MsoPlainText\"><span class=\"xmprfx_x_x_ContentPasted0\">perch\u00e9 si ritiene che in questi settori non ci sia possibilit\u00e0 di crescita professionale e economica\u00a0<\/span><\/p>\n<\/td>\n<td width=\"7%\">\n<p class=\"xmprfx_x_x_MsoNormal\" align=\"right\"><span class=\"xmprfx_x_x_ContentPasted0\">55\u00a0<\/span><\/p>\n<\/td>\n<\/tr>\n<\/tbody>\n<\/table>\n<p class=\"xmprfx_x_x_MsoNormal\"><i><span class=\"xmprfx_x_x_ContentPasted0\">Valori %\u00a0<\/span><\/i><\/p>\n<p class=\"xmprfx_x_x_MsoNormal\">\n","protected":false},"excerpt":{"rendered":"<p>Continua l\u2019emergenza lavoro nel commercio e nel turismo. Il 36% delle imprese segnala di avere avuto quest\u2019anno difficolt\u00e0 a reperire personale. Difficolt\u00e0 che, in molti casi, non sono state ancora superate e che rischiano di causare un \u2018buco\u2019 nella stagione estiva ormai alle porte, per la quale saranno necessari fino a 100mila lavoratori in pi\u00f9. [&hellip;]<\/p>\n","protected":false},"author":1,"featured_media":1600,"comment_status":"closed","ping_status":"open","sticky":false,"template":"","format":"standard","meta":{"footnotes":""},"categories":[28],"tags":[],"yoast_head":"<!-- This site is optimized with the Yoast SEO plugin v22.2 - https:\/\/yoast.com\/wordpress\/plugins\/seo\/ -->\n<title>Lavoro, Confesercenti swg: Imprese commercio e turismo hanno difficolt\u00e0 a reperire personale -<\/title>\n<meta name=\"robots\" content=\"index, follow, max-snippet:-1, max-image-preview:large, max-video-preview:-1\" \/>\n<link rel=\"canonical\" href=\"https:\/\/www.italiaeconomiaonline.it\/web\/lavoro-confesercenti-swg-imprese-commercio-e-turismo-hanno-difficolta-a-reperire-personale\/\" \/>\n<meta property=\"og:locale\" content=\"it_IT\" \/>\n<meta property=\"og:type\" content=\"article\" \/>\n<meta property=\"og:title\" content=\"Lavoro, Confesercenti swg: Imprese commercio e turismo hanno difficolt\u00e0 a reperire personale -\" \/>\n<meta property=\"og:description\" content=\"Continua l\u2019emergenza lavoro nel commercio e nel turismo. Il 36% delle imprese segnala di avere avuto quest\u2019anno difficolt\u00e0 a reperire personale. Difficolt\u00e0 che, in molti casi, non sono state ancora superate e che rischiano di causare un \u2018buco\u2019 nella stagione estiva ormai alle porte, per la quale saranno necessari fino a 100mila lavoratori in pi\u00f9. [&hellip;]\" \/>\n<meta property=\"og:url\" content=\"https:\/\/www.italiaeconomiaonline.it\/web\/lavoro-confesercenti-swg-imprese-commercio-e-turismo-hanno-difficolta-a-reperire-personale\/\" \/>\n<meta property=\"og:site_name\" content=\"ItaliaEconomiaOnline\" \/>\n<meta property=\"article:published_time\" content=\"2023-05-02T09:40:12+00:00\" \/>\n<meta property=\"article:modified_time\" content=\"2023-05-02T09:40:31+00:00\" \/>\n<meta property=\"og:image\" content=\"https:\/\/www.italiaeconomiaonline.it\/web\/wp-content\/uploads\/2019\/08\/Lavoro5.jpg\" \/>\n\t<meta property=\"og:image:width\" content=\"510\" \/>\n\t<meta property=\"og:image:height\" content=\"340\" \/>\n\t<meta property=\"og:image:type\" content=\"image\/jpeg\" \/>\n<meta name=\"author\" content=\"ladyitaliaeconomia\" \/>\n<meta name=\"twitter:card\" content=\"summary_large_image\" \/>\n<meta name=\"twitter:label1\" content=\"Scritto da\" \/>\n\t<meta name=\"twitter:data1\" content=\"ladyitaliaeconomia\" \/>\n\t<meta name=\"twitter:label2\" content=\"Tempo di lettura stimato\" \/>\n\t<meta name=\"twitter:data2\" content=\"4 minuti\" \/>\n<script type=\"application\/ld+json\" class=\"yoast-schema-graph\">{\"@context\":\"https:\/\/schema.org\",\"@graph\":[{\"@type\":\"WebPage\",\"@id\":\"https:\/\/www.italiaeconomiaonline.it\/web\/lavoro-confesercenti-swg-imprese-commercio-e-turismo-hanno-difficolta-a-reperire-personale\/\",\"url\":\"https:\/\/www.italiaeconomiaonline.it\/web\/lavoro-confesercenti-swg-imprese-commercio-e-turismo-hanno-difficolta-a-reperire-personale\/\",\"name\":\"Lavoro, Confesercenti swg: Imprese commercio e turismo hanno difficolt\u00e0 a reperire personale -\",\"isPartOf\":{\"@id\":\"https:\/\/www.italiaeconomiaonline.it\/web\/#website\"},\"primaryImageOfPage\":{\"@id\":\"https:\/\/www.italiaeconomiaonline.it\/web\/lavoro-confesercenti-swg-imprese-commercio-e-turismo-hanno-difficolta-a-reperire-personale\/#primaryimage\"},\"image\":{\"@id\":\"https:\/\/www.italiaeconomiaonline.it\/web\/lavoro-confesercenti-swg-imprese-commercio-e-turismo-hanno-difficolta-a-reperire-personale\/#primaryimage\"},\"thumbnailUrl\":\"https:\/\/www.italiaeconomiaonline.it\/web\/wp-content\/uploads\/2019\/08\/Lavoro5.jpg\",\"datePublished\":\"2023-05-02T09:40:12+00:00\",\"dateModified\":\"2023-05-02T09:40:31+00:00\",\"author\":{\"@id\":\"https:\/\/www.italiaeconomiaonline.it\/web\/#\/schema\/person\/909a49cce752523b020fbc37d5ab1c31\"},\"breadcrumb\":{\"@id\":\"https:\/\/www.italiaeconomiaonline.it\/web\/lavoro-confesercenti-swg-imprese-commercio-e-turismo-hanno-difficolta-a-reperire-personale\/#breadcrumb\"},\"inLanguage\":\"it-IT\",\"potentialAction\":[{\"@type\":\"ReadAction\",\"target\":[\"https:\/\/www.italiaeconomiaonline.it\/web\/lavoro-confesercenti-swg-imprese-commercio-e-turismo-hanno-difficolta-a-reperire-personale\/\"]}]},{\"@type\":\"ImageObject\",\"inLanguage\":\"it-IT\",\"@id\":\"https:\/\/www.italiaeconomiaonline.it\/web\/lavoro-confesercenti-swg-imprese-commercio-e-turismo-hanno-difficolta-a-reperire-personale\/#primaryimage\",\"url\":\"https:\/\/www.italiaeconomiaonline.it\/web\/wp-content\/uploads\/2019\/08\/Lavoro5.jpg\",\"contentUrl\":\"https:\/\/www.italiaeconomiaonline.it\/web\/wp-content\/uploads\/2019\/08\/Lavoro5.jpg\",\"width\":510,\"height\":340},{\"@type\":\"BreadcrumbList\",\"@id\":\"https:\/\/www.italiaeconomiaonline.it\/web\/lavoro-confesercenti-swg-imprese-commercio-e-turismo-hanno-difficolta-a-reperire-personale\/#breadcrumb\",\"itemListElement\":[{\"@type\":\"ListItem\",\"position\":1,\"name\":\"Home\",\"item\":\"https:\/\/www.italiaeconomiaonline.it\/web\/\"},{\"@type\":\"ListItem\",\"position\":2,\"name\":\"Lavoro, Confesercenti swg: Imprese commercio e turismo hanno difficolt\u00e0 a reperire personale\"}]},{\"@type\":\"WebSite\",\"@id\":\"https:\/\/www.italiaeconomiaonline.it\/web\/#website\",\"url\":\"https:\/\/www.italiaeconomiaonline.it\/web\/\",\"name\":\"ItaliaEconomiaOnline\",\"description\":\"Quotidiano Economico Online\",\"potentialAction\":[{\"@type\":\"SearchAction\",\"target\":{\"@type\":\"EntryPoint\",\"urlTemplate\":\"https:\/\/www.italiaeconomiaonline.it\/web\/?s={search_term_string}\"},\"query-input\":\"required name=search_term_string\"}],\"inLanguage\":\"it-IT\"},{\"@type\":\"Person\",\"@id\":\"https:\/\/www.italiaeconomiaonline.it\/web\/#\/schema\/person\/909a49cce752523b020fbc37d5ab1c31\",\"name\":\"ladyitaliaeconomia\",\"image\":{\"@type\":\"ImageObject\",\"inLanguage\":\"it-IT\",\"@id\":\"https:\/\/www.italiaeconomiaonline.it\/web\/#\/schema\/person\/image\/\",\"url\":\"https:\/\/secure.gravatar.com\/avatar\/cedca10ce7416a579b9fa6bce9c0a8f2?s=96&d=mm&r=g\",\"contentUrl\":\"https:\/\/secure.gravatar.com\/avatar\/cedca10ce7416a579b9fa6bce9c0a8f2?s=96&d=mm&r=g\",\"caption\":\"ladyitaliaeconomia\"},\"url\":\"https:\/\/www.italiaeconomiaonline.it\/web\/author\/ladyitaliaeconomia\/\"}]}<\/script>\n<!-- \/ Yoast SEO plugin. -->","yoast_head_json":{"title":"Lavoro, Confesercenti swg: Imprese commercio e turismo hanno difficolt\u00e0 a reperire personale -","robots":{"index":"index","follow":"follow","max-snippet":"max-snippet:-1","max-image-preview":"max-image-preview:large","max-video-preview":"max-video-preview:-1"},"canonical":"https:\/\/www.italiaeconomiaonline.it\/web\/lavoro-confesercenti-swg-imprese-commercio-e-turismo-hanno-difficolta-a-reperire-personale\/","og_locale":"it_IT","og_type":"article","og_title":"Lavoro, Confesercenti swg: Imprese commercio e turismo hanno difficolt\u00e0 a reperire personale -","og_description":"Continua l\u2019emergenza lavoro nel commercio e nel turismo. Il 36% delle imprese segnala di avere avuto quest\u2019anno difficolt\u00e0 a reperire personale. Difficolt\u00e0 che, in molti casi, non sono state ancora superate e che rischiano di causare un \u2018buco\u2019 nella stagione estiva ormai alle porte, per la quale saranno necessari fino a 100mila lavoratori in pi\u00f9. [&hellip;]","og_url":"https:\/\/www.italiaeconomiaonline.it\/web\/lavoro-confesercenti-swg-imprese-commercio-e-turismo-hanno-difficolta-a-reperire-personale\/","og_site_name":"ItaliaEconomiaOnline","article_published_time":"2023-05-02T09:40:12+00:00","article_modified_time":"2023-05-02T09:40:31+00:00","og_image":[{"width":510,"height":340,"url":"https:\/\/www.italiaeconomiaonline.it\/web\/wp-content\/uploads\/2019\/08\/Lavoro5.jpg","type":"image\/jpeg"}],"author":"ladyitaliaeconomia","twitter_card":"summary_large_image","twitter_misc":{"Scritto da":"ladyitaliaeconomia","Tempo di lettura stimato":"4 minuti"},"schema":{"@context":"https:\/\/schema.org","@graph":[{"@type":"WebPage","@id":"https:\/\/www.italiaeconomiaonline.it\/web\/lavoro-confesercenti-swg-imprese-commercio-e-turismo-hanno-difficolta-a-reperire-personale\/","url":"https:\/\/www.italiaeconomiaonline.it\/web\/lavoro-confesercenti-swg-imprese-commercio-e-turismo-hanno-difficolta-a-reperire-personale\/","name":"Lavoro, Confesercenti swg: Imprese commercio e turismo hanno difficolt\u00e0 a reperire personale -","isPartOf":{"@id":"https:\/\/www.italiaeconomiaonline.it\/web\/#website"},"primaryImageOfPage":{"@id":"https:\/\/www.italiaeconomiaonline.it\/web\/lavoro-confesercenti-swg-imprese-commercio-e-turismo-hanno-difficolta-a-reperire-personale\/#primaryimage"},"image":{"@id":"https:\/\/www.italiaeconomiaonline.it\/web\/lavoro-confesercenti-swg-imprese-commercio-e-turismo-hanno-difficolta-a-reperire-personale\/#primaryimage"},"thumbnailUrl":"https:\/\/www.italiaeconomiaonline.it\/web\/wp-content\/uploads\/2019\/08\/Lavoro5.jpg","datePublished":"2023-05-02T09:40:12+00:00","dateModified":"2023-05-02T09:40:31+00:00","author":{"@id":"https:\/\/www.italiaeconomiaonline.it\/web\/#\/schema\/person\/909a49cce752523b020fbc37d5ab1c31"},"breadcrumb":{"@id":"https:\/\/www.italiaeconomiaonline.it\/web\/lavoro-confesercenti-swg-imprese-commercio-e-turismo-hanno-difficolta-a-reperire-personale\/#breadcrumb"},"inLanguage":"it-IT","potentialAction":[{"@type":"ReadAction","target":["https:\/\/www.italiaeconomiaonline.it\/web\/lavoro-confesercenti-swg-imprese-commercio-e-turismo-hanno-difficolta-a-reperire-personale\/"]}]},{"@type":"ImageObject","inLanguage":"it-IT","@id":"https:\/\/www.italiaeconomiaonline.it\/web\/lavoro-confesercenti-swg-imprese-commercio-e-turismo-hanno-difficolta-a-reperire-personale\/#primaryimage","url":"https:\/\/www.italiaeconomiaonline.it\/web\/wp-content\/uploads\/2019\/08\/Lavoro5.jpg","contentUrl":"https:\/\/www.italiaeconomiaonline.it\/web\/wp-content\/uploads\/2019\/08\/Lavoro5.jpg","width":510,"height":340},{"@type":"BreadcrumbList","@id":"https:\/\/www.italiaeconomiaonline.it\/web\/lavoro-confesercenti-swg-imprese-commercio-e-turismo-hanno-difficolta-a-reperire-personale\/#breadcrumb","itemListElement":[{"@type":"ListItem","position":1,"name":"Home","item":"https:\/\/www.italiaeconomiaonline.it\/web\/"},{"@type":"ListItem","position":2,"name":"Lavoro, Confesercenti swg: Imprese commercio e turismo hanno difficolt\u00e0 a reperire personale"}]},{"@type":"WebSite","@id":"https:\/\/www.italiaeconomiaonline.it\/web\/#website","url":"https:\/\/www.italiaeconomiaonline.it\/web\/","name":"ItaliaEconomiaOnline","description":"Quotidiano Economico Online","potentialAction":[{"@type":"SearchAction","target":{"@type":"EntryPoint","urlTemplate":"https:\/\/www.italiaeconomiaonline.it\/web\/?s={search_term_string}"},"query-input":"required name=search_term_string"}],"inLanguage":"it-IT"},{"@type":"Person","@id":"https:\/\/www.italiaeconomiaonline.it\/web\/#\/schema\/person\/909a49cce752523b020fbc37d5ab1c31","name":"ladyitaliaeconomia","image":{"@type":"ImageObject","inLanguage":"it-IT","@id":"https:\/\/www.italiaeconomiaonline.it\/web\/#\/schema\/person\/image\/","url":"https:\/\/secure.gravatar.com\/avatar\/cedca10ce7416a579b9fa6bce9c0a8f2?s=96&d=mm&r=g","contentUrl":"https:\/\/secure.gravatar.com\/avatar\/cedca10ce7416a579b9fa6bce9c0a8f2?s=96&d=mm&r=g","caption":"ladyitaliaeconomia"},"url":"https:\/\/www.italiaeconomiaonline.it\/web\/author\/ladyitaliaeconomia\/"}]}},"_links":{"self":[{"href":"https:\/\/www.italiaeconomiaonline.it\/web\/wp-json\/wp\/v2\/posts\/7184"}],"collection":[{"href":"https:\/\/www.italiaeconomiaonline.it\/web\/wp-json\/wp\/v2\/posts"}],"about":[{"href":"https:\/\/www.italiaeconomiaonline.it\/web\/wp-json\/wp\/v2\/types\/post"}],"author":[{"embeddable":true,"href":"https:\/\/www.italiaeconomiaonline.it\/web\/wp-json\/wp\/v2\/users\/1"}],"replies":[{"embeddable":true,"href":"https:\/\/www.italiaeconomiaonline.it\/web\/wp-json\/wp\/v2\/comments?post=7184"}],"version-history":[{"count":1,"href":"https:\/\/www.italiaeconomiaonline.it\/web\/wp-json\/wp\/v2\/posts\/7184\/revisions"}],"predecessor-version":[{"id":7185,"href":"https:\/\/www.italiaeconomiaonline.it\/web\/wp-json\/wp\/v2\/posts\/7184\/revisions\/7185"}],"wp:featuredmedia":[{"embeddable":true,"href":"https:\/\/www.italiaeconomiaonline.it\/web\/wp-json\/wp\/v2\/media\/1600"}],"wp:attachment":[{"href":"https:\/\/www.italiaeconomiaonline.it\/web\/wp-json\/wp\/v2\/media?parent=7184"}],"wp:term":[{"taxonomy":"category","embeddable":true,"href":"https:\/\/www.italiaeconomiaonline.it\/web\/wp-json\/wp\/v2\/categories?post=7184"},{"taxonomy":"post_tag","embeddable":true,"href":"https:\/\/www.italiaeconomiaonline.it\/web\/wp-json\/wp\/v2\/tags?post=7184"}],"curies":[{"name":"wp","href":"https:\/\/api.w.org\/{rel}","templated":true}]}}