{"id":7187,"date":"2023-05-05T15:02:11","date_gmt":"2023-05-05T13:02:11","guid":{"rendered":"https:\/\/www.italiaeconomiaonline.it\/web\/?p=7187"},"modified":"2023-05-05T15:02:11","modified_gmt":"2023-05-05T13:02:11","slug":"italo-finalizza-acquisizione-di-itabus","status":"publish","type":"post","link":"https:\/\/www.italiaeconomiaonline.it\/web\/italo-finalizza-acquisizione-di-itabus\/","title":{"rendered":"Italo finalizza acquisizione di Itabus"},"content":{"rendered":"<p class=\"p3\"><span class=\"s2\"><i><\/i><b> <\/b>Si \u00e8 riunito oggi, sotto la presidenza di <b>Luca Cordero di Montezemolo<\/b>, il Consiglio di Amministrazione di <b>Italo \u2013 Nuovo Trasporto Viaggiatori SpA<\/b>, che ha deliberato l\u2019<b>acquisizione<\/b>, e la <b>conseguente integrazione industriale<\/b>, di <b>Itabus<\/b>, compagnia privata di trasporto passeggeri su gomma a lunga percorrenza operativa da fine maggio 2021. <\/span><\/p>\n<p class=\"p3\"><span class=\"s2\"><b>Itabus<\/b> <b>collega l\u2019Italia<\/b>, <b>Sicilia compresa<\/b>, <b>con 100 bus MAN<\/b> (gruppo Volkswagen) e, dopo soli due anni di attivit\u00e0, nonostante le restrizioni del periodo pandemico,<b> ha gi\u00e0 superato i 2 milioni di viaggiatori. Con la nascita di Itabus \u00e8 <\/b>stato introdotto in Italia un servizio di qualit\u00e0 nel settore della gomma, con bus di ultimissima generazione dotati di wi-fi 4\/5G gratuito, toilette e distributori automatici di snack e bevande. Mezzi bipiano (74 posti ognuno) con 2 ambienti di viaggio (<b>Comfort+ <\/b>e<b> Top).<\/b> Servizi sia diurni che notturni collegano grandi citt\u00e0, snodi infrastrutturali come aeroporti, stazioni e porti, ma anche piccole citt\u00e0 e borghi a forte vocazione turistica.<\/span><\/p>\n<p class=\"p3\"><span class=\"s2\">L\u2019integrazione <b>Italo \u2013 Itabus<\/b> dar\u00e0 vita ad un gruppo in grado di sviluppare un efficiente servizio di mobilit\u00e0 integrata, che, grazie alle sinergie che si realizzeranno, far\u00e0 crescere il perimetro di copertura dell\u2019intero territorio nazionale, sud compreso: Sicilia, Puglia e Campania saranno le prime tre regioni a partire e diventeranno il modello di questa interconnessione e dei suoi vantaggi per i viaggiatori. Un servizio attivo h24, al quale si aggiunger\u00e0 l\u2019offerta efficiente ed efficace di chartering, per soddisfare le esigenze di scuole, societ\u00e0 sportive, gruppi turistici e di ogni genere di comunit\u00e0 sia pubblica che privata. <\/span><\/p>\n<p class=\"p3\"><span class=\"s2\">Le due societ\u00e0, inoltre, condividono e credono negli stessi valori, primo tra tutti la cura e l\u2019attenzione al cliente, ma anche la <b>sostenibilit\u00e0<\/b>: <b>Italo da sempre \u00e8 un treno green per eccellenza costruito con materiali riciclabili al 98% e dotato di filtri HEPA per il ricambio costante di aria<\/b>, <b>Itabus<\/b> grazie ai <b>motori diesel EURO 6D (<\/b>i meno inquinanti sul mercato) ed alla collaborazione con <b>Eni<\/b> (tutta la flotta viene alimentata con Eni diesel+, gasolio premium<b> <\/b>che riduce le emissioni di CO<\/span><span class=\"s3\"><sub>2 <\/sub><\/span><span class=\"s2\">rispetto ai carburanti tradizionali) \u00e8 <i>best in class <\/i>nel trasporto su gomma per attenzione verso l\u2019ambiente.<\/span><\/p>\n<p class=\"p3\"><span class=\"s2\">Due realt\u00e0 e due network sinergici fra loro: una volta completata l\u2019integrazione, infatti, nasceranno interessanti <b>connessioni fra stazioni ferroviarie ed aeroporti e porti<\/b>, <b>si svilupper\u00e0 la rete di micromobilit\u00e0 urbana e mobilit\u00e0 integrata<\/b>, offrendo una vasta scelta ai passeggeri, acquistabile da <b>un\u2019unica piattaforma multimodale<\/b> e con la comodit\u00e0 di un <b>singolo biglietto<\/b>.<\/span><\/p>\n<p class=\"p3\"><span class=\"s2\">Il servizio sar\u00e0 operativo a partire dall\u2019estate, le prime connessioni riguarderanno la Campania la Sicilia e la Puglia per poi espandersi in tutta Italia.<\/span><\/p>\n<p class=\"p5\">\u201c<i>Grazie a questa operazione i viaggiatori avranno a disposizione un servizio reale di mobilit\u00e0 integrata, un progetto in cui Italo crede e che studia da anni per facilitare gli spostamenti sul territorio<\/i>\u201d dichiara <b>Gianbattista La Rocca<\/b>, <b>Amministratore Delegato di Italo<\/b>. \u201c<i>Con una flotta per ora di 51 treni e 100 bus, ma che potr\u00e0 crescere nei prossimi anni, connetteremo tutta l\u2019Italia, servendo 24 ore su 24 grandi citt\u00e0, borghi turistici e snodi infrastrutturali come porti ed aeroporti<\/i>\u201d.<\/p>\n<p class=\"p6\">Il Cda, infine, prende atto che <b>Flavio Cattaneo<\/b> lascia tutte le deleghe al Presidente <b>Luca Cordero di Montezemolo<\/b>, rimane azionista della Societa\u2019 e Vice Presidente non esecutivo<b>. <\/b><\/p>\n<p class=\"p5\">Itabus, che da oggi entra a far parte del gruppo, continuer\u00e0 ad essere guidata dai due Amministratori Delegati <b>Francesco Fiore<\/b> ed <b>Enrico Zampone<\/b>, mentre il Presidente diventer\u00e0 <b>Gianbattista La Rocca<\/b> Amministratore Delegato di Italo.<\/p>\n","protected":false},"excerpt":{"rendered":"<p>Si \u00e8 riunito oggi, sotto la presidenza di Luca Cordero di Montezemolo, il Consiglio di Amministrazione di Italo \u2013 Nuovo Trasporto Viaggiatori SpA, che ha deliberato l\u2019acquisizione, e la conseguente integrazione industriale, di Itabus, compagnia privata di trasporto passeggeri su gomma a lunga percorrenza operativa da fine maggio 2021. Itabus collega l\u2019Italia, Sicilia compresa, con [&hellip;]<\/p>\n","protected":false},"author":1,"featured_media":7189,"comment_status":"closed","ping_status":"open","sticky":false,"template":"","format":"standard","meta":{"footnotes":""},"categories":[56],"tags":[],"yoast_head":"<!-- This site is optimized with the Yoast SEO plugin v22.2 - https:\/\/yoast.com\/wordpress\/plugins\/seo\/ -->\n<title>Italo finalizza acquisizione di Itabus -<\/title>\n<meta name=\"robots\" content=\"index, follow, max-snippet:-1, max-image-preview:large, max-video-preview:-1\" \/>\n<link rel=\"canonical\" href=\"https:\/\/www.italiaeconomiaonline.it\/web\/italo-finalizza-acquisizione-di-itabus\/\" \/>\n<meta property=\"og:locale\" content=\"it_IT\" \/>\n<meta property=\"og:type\" content=\"article\" \/>\n<meta property=\"og:title\" content=\"Italo finalizza acquisizione di Itabus -\" \/>\n<meta property=\"og:description\" content=\"Si \u00e8 riunito oggi, sotto la presidenza di Luca Cordero di Montezemolo, il Consiglio di Amministrazione di Italo \u2013 Nuovo Trasporto Viaggiatori SpA, che ha deliberato l\u2019acquisizione, e la conseguente integrazione industriale, di Itabus, compagnia privata di trasporto passeggeri su gomma a lunga percorrenza operativa da fine maggio 2021. Itabus collega l\u2019Italia, Sicilia compresa, con [&hellip;]\" \/>\n<meta property=\"og:url\" content=\"https:\/\/www.italiaeconomiaonline.it\/web\/italo-finalizza-acquisizione-di-itabus\/\" \/>\n<meta property=\"og:site_name\" content=\"ItaliaEconomiaOnline\" \/>\n<meta property=\"article:published_time\" content=\"2023-05-05T13:02:11+00:00\" \/>\n<meta property=\"og:image\" content=\"https:\/\/www.italiaeconomiaonline.it\/web\/wp-content\/uploads\/2023\/05\/nuova-foto-1-scaled.jpg\" \/>\n\t<meta property=\"og:image:width\" content=\"2560\" \/>\n\t<meta property=\"og:image:height\" content=\"1440\" \/>\n\t<meta property=\"og:image:type\" content=\"image\/jpeg\" \/>\n<meta name=\"author\" content=\"ladyitaliaeconomia\" \/>\n<meta name=\"twitter:card\" content=\"summary_large_image\" \/>\n<meta name=\"twitter:label1\" content=\"Scritto da\" \/>\n\t<meta name=\"twitter:data1\" content=\"ladyitaliaeconomia\" \/>\n\t<meta name=\"twitter:label2\" content=\"Tempo di lettura stimato\" \/>\n\t<meta name=\"twitter:data2\" content=\"3 minuti\" \/>\n<script type=\"application\/ld+json\" class=\"yoast-schema-graph\">{\"@context\":\"https:\/\/schema.org\",\"@graph\":[{\"@type\":\"WebPage\",\"@id\":\"https:\/\/www.italiaeconomiaonline.it\/web\/italo-finalizza-acquisizione-di-itabus\/\",\"url\":\"https:\/\/www.italiaeconomiaonline.it\/web\/italo-finalizza-acquisizione-di-itabus\/\",\"name\":\"Italo finalizza acquisizione di Itabus -\",\"isPartOf\":{\"@id\":\"https:\/\/www.italiaeconomiaonline.it\/web\/#website\"},\"primaryImageOfPage\":{\"@id\":\"https:\/\/www.italiaeconomiaonline.it\/web\/italo-finalizza-acquisizione-di-itabus\/#primaryimage\"},\"image\":{\"@id\":\"https:\/\/www.italiaeconomiaonline.it\/web\/italo-finalizza-acquisizione-di-itabus\/#primaryimage\"},\"thumbnailUrl\":\"https:\/\/www.italiaeconomiaonline.it\/web\/wp-content\/uploads\/2023\/05\/nuova-foto-1-scaled.jpg\",\"datePublished\":\"2023-05-05T13:02:11+00:00\",\"dateModified\":\"2023-05-05T13:02:11+00:00\",\"author\":{\"@id\":\"https:\/\/www.italiaeconomiaonline.it\/web\/#\/schema\/person\/909a49cce752523b020fbc37d5ab1c31\"},\"breadcrumb\":{\"@id\":\"https:\/\/www.italiaeconomiaonline.it\/web\/italo-finalizza-acquisizione-di-itabus\/#breadcrumb\"},\"inLanguage\":\"it-IT\",\"potentialAction\":[{\"@type\":\"ReadAction\",\"target\":[\"https:\/\/www.italiaeconomiaonline.it\/web\/italo-finalizza-acquisizione-di-itabus\/\"]}]},{\"@type\":\"ImageObject\",\"inLanguage\":\"it-IT\",\"@id\":\"https:\/\/www.italiaeconomiaonline.it\/web\/italo-finalizza-acquisizione-di-itabus\/#primaryimage\",\"url\":\"https:\/\/www.italiaeconomiaonline.it\/web\/wp-content\/uploads\/2023\/05\/nuova-foto-1-scaled.jpg\",\"contentUrl\":\"https:\/\/www.italiaeconomiaonline.it\/web\/wp-content\/uploads\/2023\/05\/nuova-foto-1-scaled.jpg\",\"width\":2560,\"height\":1440},{\"@type\":\"BreadcrumbList\",\"@id\":\"https:\/\/www.italiaeconomiaonline.it\/web\/italo-finalizza-acquisizione-di-itabus\/#breadcrumb\",\"itemListElement\":[{\"@type\":\"ListItem\",\"position\":1,\"name\":\"Home\",\"item\":\"https:\/\/www.italiaeconomiaonline.it\/web\/\"},{\"@type\":\"ListItem\",\"position\":2,\"name\":\"Italo finalizza acquisizione di Itabus\"}]},{\"@type\":\"WebSite\",\"@id\":\"https:\/\/www.italiaeconomiaonline.it\/web\/#website\",\"url\":\"https:\/\/www.italiaeconomiaonline.it\/web\/\",\"name\":\"ItaliaEconomiaOnline\",\"description\":\"Quotidiano Economico Online\",\"potentialAction\":[{\"@type\":\"SearchAction\",\"target\":{\"@type\":\"EntryPoint\",\"urlTemplate\":\"https:\/\/www.italiaeconomiaonline.it\/web\/?s={search_term_string}\"},\"query-input\":\"required name=search_term_string\"}],\"inLanguage\":\"it-IT\"},{\"@type\":\"Person\",\"@id\":\"https:\/\/www.italiaeconomiaonline.it\/web\/#\/schema\/person\/909a49cce752523b020fbc37d5ab1c31\",\"name\":\"ladyitaliaeconomia\",\"image\":{\"@type\":\"ImageObject\",\"inLanguage\":\"it-IT\",\"@id\":\"https:\/\/www.italiaeconomiaonline.it\/web\/#\/schema\/person\/image\/\",\"url\":\"https:\/\/secure.gravatar.com\/avatar\/cedca10ce7416a579b9fa6bce9c0a8f2?s=96&d=mm&r=g\",\"contentUrl\":\"https:\/\/secure.gravatar.com\/avatar\/cedca10ce7416a579b9fa6bce9c0a8f2?s=96&d=mm&r=g\",\"caption\":\"ladyitaliaeconomia\"},\"url\":\"https:\/\/www.italiaeconomiaonline.it\/web\/author\/ladyitaliaeconomia\/\"}]}<\/script>\n<!-- \/ Yoast SEO plugin. -->","yoast_head_json":{"title":"Italo finalizza acquisizione di Itabus -","robots":{"index":"index","follow":"follow","max-snippet":"max-snippet:-1","max-image-preview":"max-image-preview:large","max-video-preview":"max-video-preview:-1"},"canonical":"https:\/\/www.italiaeconomiaonline.it\/web\/italo-finalizza-acquisizione-di-itabus\/","og_locale":"it_IT","og_type":"article","og_title":"Italo finalizza acquisizione di Itabus -","og_description":"Si \u00e8 riunito oggi, sotto la presidenza di Luca Cordero di Montezemolo, il Consiglio di Amministrazione di Italo \u2013 Nuovo Trasporto Viaggiatori SpA, che ha deliberato l\u2019acquisizione, e la conseguente integrazione industriale, di Itabus, compagnia privata di trasporto passeggeri su gomma a lunga percorrenza operativa da fine maggio 2021. Itabus collega l\u2019Italia, Sicilia compresa, con [&hellip;]","og_url":"https:\/\/www.italiaeconomiaonline.it\/web\/italo-finalizza-acquisizione-di-itabus\/","og_site_name":"ItaliaEconomiaOnline","article_published_time":"2023-05-05T13:02:11+00:00","og_image":[{"width":2560,"height":1440,"url":"https:\/\/www.italiaeconomiaonline.it\/web\/wp-content\/uploads\/2023\/05\/nuova-foto-1-scaled.jpg","type":"image\/jpeg"}],"author":"ladyitaliaeconomia","twitter_card":"summary_large_image","twitter_misc":{"Scritto da":"ladyitaliaeconomia","Tempo di lettura stimato":"3 minuti"},"schema":{"@context":"https:\/\/schema.org","@graph":[{"@type":"WebPage","@id":"https:\/\/www.italiaeconomiaonline.it\/web\/italo-finalizza-acquisizione-di-itabus\/","url":"https:\/\/www.italiaeconomiaonline.it\/web\/italo-finalizza-acquisizione-di-itabus\/","name":"Italo finalizza acquisizione di Itabus -","isPartOf":{"@id":"https:\/\/www.italiaeconomiaonline.it\/web\/#website"},"primaryImageOfPage":{"@id":"https:\/\/www.italiaeconomiaonline.it\/web\/italo-finalizza-acquisizione-di-itabus\/#primaryimage"},"image":{"@id":"https:\/\/www.italiaeconomiaonline.it\/web\/italo-finalizza-acquisizione-di-itabus\/#primaryimage"},"thumbnailUrl":"https:\/\/www.italiaeconomiaonline.it\/web\/wp-content\/uploads\/2023\/05\/nuova-foto-1-scaled.jpg","datePublished":"2023-05-05T13:02:11+00:00","dateModified":"2023-05-05T13:02:11+00:00","author":{"@id":"https:\/\/www.italiaeconomiaonline.it\/web\/#\/schema\/person\/909a49cce752523b020fbc37d5ab1c31"},"breadcrumb":{"@id":"https:\/\/www.italiaeconomiaonline.it\/web\/italo-finalizza-acquisizione-di-itabus\/#breadcrumb"},"inLanguage":"it-IT","potentialAction":[{"@type":"ReadAction","target":["https:\/\/www.italiaeconomiaonline.it\/web\/italo-finalizza-acquisizione-di-itabus\/"]}]},{"@type":"ImageObject","inLanguage":"it-IT","@id":"https:\/\/www.italiaeconomiaonline.it\/web\/italo-finalizza-acquisizione-di-itabus\/#primaryimage","url":"https:\/\/www.italiaeconomiaonline.it\/web\/wp-content\/uploads\/2023\/05\/nuova-foto-1-scaled.jpg","contentUrl":"https:\/\/www.italiaeconomiaonline.it\/web\/wp-content\/uploads\/2023\/05\/nuova-foto-1-scaled.jpg","width":2560,"height":1440},{"@type":"BreadcrumbList","@id":"https:\/\/www.italiaeconomiaonline.it\/web\/italo-finalizza-acquisizione-di-itabus\/#breadcrumb","itemListElement":[{"@type":"ListItem","position":1,"name":"Home","item":"https:\/\/www.italiaeconomiaonline.it\/web\/"},{"@type":"ListItem","position":2,"name":"Italo finalizza acquisizione di Itabus"}]},{"@type":"WebSite","@id":"https:\/\/www.italiaeconomiaonline.it\/web\/#website","url":"https:\/\/www.italiaeconomiaonline.it\/web\/","name":"ItaliaEconomiaOnline","description":"Quotidiano Economico Online","potentialAction":[{"@type":"SearchAction","target":{"@type":"EntryPoint","urlTemplate":"https:\/\/www.italiaeconomiaonline.it\/web\/?s={search_term_string}"},"query-input":"required name=search_term_string"}],"inLanguage":"it-IT"},{"@type":"Person","@id":"https:\/\/www.italiaeconomiaonline.it\/web\/#\/schema\/person\/909a49cce752523b020fbc37d5ab1c31","name":"ladyitaliaeconomia","image":{"@type":"ImageObject","inLanguage":"it-IT","@id":"https:\/\/www.italiaeconomiaonline.it\/web\/#\/schema\/person\/image\/","url":"https:\/\/secure.gravatar.com\/avatar\/cedca10ce7416a579b9fa6bce9c0a8f2?s=96&d=mm&r=g","contentUrl":"https:\/\/secure.gravatar.com\/avatar\/cedca10ce7416a579b9fa6bce9c0a8f2?s=96&d=mm&r=g","caption":"ladyitaliaeconomia"},"url":"https:\/\/www.italiaeconomiaonline.it\/web\/author\/ladyitaliaeconomia\/"}]}},"_links":{"self":[{"href":"https:\/\/www.italiaeconomiaonline.it\/web\/wp-json\/wp\/v2\/posts\/7187"}],"collection":[{"href":"https:\/\/www.italiaeconomiaonline.it\/web\/wp-json\/wp\/v2\/posts"}],"about":[{"href":"https:\/\/www.italiaeconomiaonline.it\/web\/wp-json\/wp\/v2\/types\/post"}],"author":[{"embeddable":true,"href":"https:\/\/www.italiaeconomiaonline.it\/web\/wp-json\/wp\/v2\/users\/1"}],"replies":[{"embeddable":true,"href":"https:\/\/www.italiaeconomiaonline.it\/web\/wp-json\/wp\/v2\/comments?post=7187"}],"version-history":[{"count":1,"href":"https:\/\/www.italiaeconomiaonline.it\/web\/wp-json\/wp\/v2\/posts\/7187\/revisions"}],"predecessor-version":[{"id":7190,"href":"https:\/\/www.italiaeconomiaonline.it\/web\/wp-json\/wp\/v2\/posts\/7187\/revisions\/7190"}],"wp:featuredmedia":[{"embeddable":true,"href":"https:\/\/www.italiaeconomiaonline.it\/web\/wp-json\/wp\/v2\/media\/7189"}],"wp:attachment":[{"href":"https:\/\/www.italiaeconomiaonline.it\/web\/wp-json\/wp\/v2\/media?parent=7187"}],"wp:term":[{"taxonomy":"category","embeddable":true,"href":"https:\/\/www.italiaeconomiaonline.it\/web\/wp-json\/wp\/v2\/categories?post=7187"},{"taxonomy":"post_tag","embeddable":true,"href":"https:\/\/www.italiaeconomiaonline.it\/web\/wp-json\/wp\/v2\/tags?post=7187"}],"curies":[{"name":"wp","href":"https:\/\/api.w.org\/{rel}","templated":true}]}}