{"id":7194,"date":"2023-05-15T15:45:05","date_gmt":"2023-05-15T13:45:05","guid":{"rendered":"https:\/\/www.italiaeconomiaonline.it\/web\/?p=7194"},"modified":"2023-05-15T15:45:05","modified_gmt":"2023-05-15T13:45:05","slug":"grano-pasta-boom-della-petizione-cia-verso-le-50mila-firme-le-portiamo-al-ministro","status":"publish","type":"post","link":"https:\/\/www.italiaeconomiaonline.it\/web\/grano-pasta-boom-della-petizione-cia-verso-le-50mila-firme-le-portiamo-al-ministro\/","title":{"rendered":"Grano-pasta, boom della petizione Cia verso le 50mila firme: \u201cLe portiamo al ministro\u201d"},"content":{"rendered":"<p class=\"xmprfx_MsoNormal\" style=\"text-align: left;\" align=\"center\">Sono 40mila finora, ma il loro numero negli ultimi giorni sta crescendo di circa 10mila al giorno, le firme raccolte dalla petizione nazionale lanciata da Cia-Agricoltori Italiani per difendere grano e pasta italiani, con la richiesta al governo di attivare misure che tutelino i consumatori e permettano ai produttori cerealicoli di coltivare grano in condizioni migliori di quelle attuali.<\/p>\n<p class=\"xmprfx_MsoNormal\">\u201cLe adesioni cresceranno ancora\u201d, dichiara Gennaro Sicolo, presidente di Cia Puglia e vicepresidente nazionale di Cia-Agricoltori Italiani, \u201cporteremo quelle firme sul tavolo del ministro Lollobrigida: \u00e8 ora che la Sovranit\u00e0 Alimentare si trasformi da slogan vuoto e politiche concrete\u201d.<\/p>\n<p class=\"xmprfx_MsoNormal\"><b>FINI: RISCHIO CROLLO FILIERA.\u00a0<\/b>La petizione nazionale di Cia-Agricoltori Italiani \u00e8 l\u2019unica a essere stata lanciata da un\u2019organizzazione agricola sul tema grano-pasta, asse portante del made in Italy.<\/p>\n<p class=\"xmprfx_MsoNormal\">\u201cLa situazione \u00e8 semplice e drammatica: con i prezzi riconosciuti ai produttori, le aziende agricole non riescono a coprire i costi di produzione. Il valore e la redditivit\u00e0 devono essere redistribuite pi\u00f9 equamente lungo la filiera\u201d, dichiara Cristiano Fini, presidente nazionale di Cia. \u201cDobbiamo cercare di fare pi\u00f9 attenzione rispetto ai grani che vengono importati. La filiera si rafforza se crescono anche il settore primario e la produzione italiana, altrimenti il rischio \u00e8 che la scarsa redditivit\u00e0 costringa le imprese italiane del comparto a rinunciare a seminare grano, con una crescita della nostra dipendenza dall\u2019export e la perdita di posti di lavoro\u201d.<\/p>\n<p class=\"xmprfx_MsoNormal\"><b>ITALIANO O UCRAINO?\u00a0<\/b>Le quotazioni del grano duro italiano, in meno di un anno, sono passate da 580 euro\/tonnellata del giugno 2022 agli attuali 360 euro\/tonnellata. Mentre il valore riconosciuto ai produttori italiani diminuisce,\u00a0<b><i>il prezzo pane e pasta aumenta<\/i><\/b>. Sul crollo delle quotazioni, incide l\u2019arrivo massiccio in Italia di grano proveniente dall\u2019estero, in quantit\u00e0 crescenti dall\u2019Ucraina.<\/p>\n<p class=\"xmprfx_MsoNormal\">\u201cIl grano ucraino ha un prezzo inferiore, ed \u00e8 quindi molto appetibile per le industrie molitorie e quelle della pasta\u201d, aggiunge Angelo Miano, presidente Cia per la provincia di Foggia, l\u2019area che detiene il primato della produzione di grano duro in Italia. \u201cCosta meno di quello italiano perch\u00e9 ha costi di produzione inferiori ai nostri. In Ucraina, inoltre, non vigono le normative Ue sull\u2019uso di pesticidi e sugli standard di qualit\u00e0 e sicurezza alimentare. Non \u00e8 concorrenza tra poveri, perch\u00e9 a essere ricchi e ad arricchirsi ancora di pi\u00f9 sono soltanto le grandi aziende produttrici che in Ucraina hanno il controllo totale della produzione cerealicola del loro Paese\u201d.<\/p>\n<p class=\"xmprfx_MsoNormal\"><b>PASTA (DAVVERO) ITALIANA<\/b>. \u201cNon \u00e8 accettabile che gli agricoltori italiani siano immolati sull\u2019altare di interessi politico-diplomatici legittimi, ma causa di gravissime ripercussioni sia sui produttori che sui consumatori\u201d, incalza Sicolo.\u00a0\u201cPu\u00f2 definirsi \u2018italiana\u2019 la pasta che viene realizzata senza utilizzare grano duro italiano? E\u2019 una domanda alla quale stanno rispondendo i consumatori, sottoscrivendo in massa la nostra petizione. La nostra mobilitazione sta diventando sempre pi\u00f9 estesa perch\u00e9 a rischio non \u00e8 solo del futuro della filiera grano-pasta, ma anche la salute dei nostri figli. C\u2019\u00e8 un apparente paradosso a dominare la scena: la materia prima \u00e8 sempre pi\u00f9 deprezzata, anche a causa dell\u2019importazione massiccia di grani esteri che spingono verso il basso le quotazioni del frumento italiano, ma la pasta nei supermercati costa sempre pi\u00f9 cara e le grandi marche stanno \u2018mietendo\u2019 profitti in crescita esponenziale, mentre le aziende cerealicole sono in crisi. \u201cNon contestiamo la necessit\u00e0 di importare una quota di grano dall\u2019estero per coprire parte del fabbisogno industriale -spiega Sicolo- ma temiamo che quella quota si avvii a essere maggioritaria e che l\u2019aumento incontrollato delle importazioni porti alle estreme conseguenze una dinamica gi\u00e0 in atto: la riduzione progressiva della produzione di grano italiano, la chiusura di centinaia di aziende cerealicole e la perdita di migliaia di posti di lavoro. Di questo parler\u00f2 il 17 maggio al Durum Days di Foggia, sperando vivamente che il ministro Lollobrigida accolga il nostro invito a esserci e a confrontarsi con noi su questa drammatica questione\u201d.<\/p>\n<div dir=\"ltr\" data-smartmail=\"gmail_signature\">\n<div dir=\"ltr\">\n<div><\/div>\n<\/div>\n<\/div>\n","protected":false},"excerpt":{"rendered":"<p>Sono 40mila finora, ma il loro numero negli ultimi giorni sta crescendo di circa 10mila al giorno, le firme raccolte dalla petizione nazionale lanciata da Cia-Agricoltori Italiani per difendere grano e pasta italiani, con la richiesta al governo di attivare misure che tutelino i consumatori e permettano ai produttori cerealicoli di coltivare grano in condizioni [&hellip;]<\/p>\n","protected":false},"author":1,"featured_media":5501,"comment_status":"closed","ping_status":"open","sticky":false,"template":"","format":"standard","meta":{"footnotes":""},"categories":[17],"tags":[],"yoast_head":"<!-- This site is optimized with the Yoast SEO plugin v22.2 - https:\/\/yoast.com\/wordpress\/plugins\/seo\/ -->\n<title>Grano-pasta, boom della petizione Cia verso le 50mila firme: \u201cLe portiamo al ministro\u201d -<\/title>\n<meta name=\"robots\" content=\"index, follow, max-snippet:-1, max-image-preview:large, max-video-preview:-1\" \/>\n<link rel=\"canonical\" href=\"http:\/\/www.italiaeconomiaonline.it\/web\/grano-pasta-boom-della-petizione-cia-verso-le-50mila-firme-le-portiamo-al-ministro\/\" \/>\n<meta property=\"og:locale\" content=\"it_IT\" \/>\n<meta property=\"og:type\" content=\"article\" \/>\n<meta property=\"og:title\" content=\"Grano-pasta, boom della petizione Cia verso le 50mila firme: \u201cLe portiamo al ministro\u201d -\" \/>\n<meta property=\"og:description\" content=\"Sono 40mila finora, ma il loro numero negli ultimi giorni sta crescendo di circa 10mila al giorno, le firme raccolte dalla petizione nazionale lanciata da Cia-Agricoltori Italiani per difendere grano e pasta italiani, con la richiesta al governo di attivare misure che tutelino i consumatori e permettano ai produttori cerealicoli di coltivare grano in condizioni [&hellip;]\" \/>\n<meta property=\"og:url\" content=\"http:\/\/www.italiaeconomiaonline.it\/web\/grano-pasta-boom-della-petizione-cia-verso-le-50mila-firme-le-portiamo-al-ministro\/\" \/>\n<meta property=\"og:site_name\" content=\"ItaliaEconomiaOnline\" \/>\n<meta property=\"article:published_time\" content=\"2023-05-15T13:45:05+00:00\" \/>\n<meta property=\"og:image\" content=\"http:\/\/www.italiaeconomiaonline.it\/web\/wp-content\/uploads\/2021\/02\/Schermata-2021-02-26-alle-12.40.03-1024x630.png\" \/>\n\t<meta property=\"og:image:width\" content=\"1024\" \/>\n\t<meta property=\"og:image:height\" content=\"630\" \/>\n\t<meta property=\"og:image:type\" content=\"image\/png\" \/>\n<meta name=\"author\" content=\"ladyitaliaeconomia\" \/>\n<meta name=\"twitter:card\" content=\"summary_large_image\" \/>\n<meta name=\"twitter:label1\" content=\"Scritto da\" \/>\n\t<meta name=\"twitter:data1\" content=\"ladyitaliaeconomia\" \/>\n\t<meta name=\"twitter:label2\" content=\"Tempo di lettura stimato\" \/>\n\t<meta name=\"twitter:data2\" content=\"4 minuti\" \/>\n<script type=\"application\/ld+json\" class=\"yoast-schema-graph\">{\"@context\":\"https:\/\/schema.org\",\"@graph\":[{\"@type\":\"WebPage\",\"@id\":\"http:\/\/www.italiaeconomiaonline.it\/web\/grano-pasta-boom-della-petizione-cia-verso-le-50mila-firme-le-portiamo-al-ministro\/\",\"url\":\"http:\/\/www.italiaeconomiaonline.it\/web\/grano-pasta-boom-della-petizione-cia-verso-le-50mila-firme-le-portiamo-al-ministro\/\",\"name\":\"Grano-pasta, boom della petizione Cia verso le 50mila firme: \u201cLe portiamo al ministro\u201d -\",\"isPartOf\":{\"@id\":\"https:\/\/www.italiaeconomiaonline.it\/web\/#website\"},\"primaryImageOfPage\":{\"@id\":\"http:\/\/www.italiaeconomiaonline.it\/web\/grano-pasta-boom-della-petizione-cia-verso-le-50mila-firme-le-portiamo-al-ministro\/#primaryimage\"},\"image\":{\"@id\":\"http:\/\/www.italiaeconomiaonline.it\/web\/grano-pasta-boom-della-petizione-cia-verso-le-50mila-firme-le-portiamo-al-ministro\/#primaryimage\"},\"thumbnailUrl\":\"https:\/\/www.italiaeconomiaonline.it\/web\/wp-content\/uploads\/2021\/02\/Schermata-2021-02-26-alle-12.40.03.png\",\"datePublished\":\"2023-05-15T13:45:05+00:00\",\"dateModified\":\"2023-05-15T13:45:05+00:00\",\"author\":{\"@id\":\"https:\/\/www.italiaeconomiaonline.it\/web\/#\/schema\/person\/909a49cce752523b020fbc37d5ab1c31\"},\"breadcrumb\":{\"@id\":\"http:\/\/www.italiaeconomiaonline.it\/web\/grano-pasta-boom-della-petizione-cia-verso-le-50mila-firme-le-portiamo-al-ministro\/#breadcrumb\"},\"inLanguage\":\"it-IT\",\"potentialAction\":[{\"@type\":\"ReadAction\",\"target\":[\"http:\/\/www.italiaeconomiaonline.it\/web\/grano-pasta-boom-della-petizione-cia-verso-le-50mila-firme-le-portiamo-al-ministro\/\"]}]},{\"@type\":\"ImageObject\",\"inLanguage\":\"it-IT\",\"@id\":\"http:\/\/www.italiaeconomiaonline.it\/web\/grano-pasta-boom-della-petizione-cia-verso-le-50mila-firme-le-portiamo-al-ministro\/#primaryimage\",\"url\":\"https:\/\/www.italiaeconomiaonline.it\/web\/wp-content\/uploads\/2021\/02\/Schermata-2021-02-26-alle-12.40.03.png\",\"contentUrl\":\"https:\/\/www.italiaeconomiaonline.it\/web\/wp-content\/uploads\/2021\/02\/Schermata-2021-02-26-alle-12.40.03.png\",\"width\":1310,\"height\":806},{\"@type\":\"BreadcrumbList\",\"@id\":\"http:\/\/www.italiaeconomiaonline.it\/web\/grano-pasta-boom-della-petizione-cia-verso-le-50mila-firme-le-portiamo-al-ministro\/#breadcrumb\",\"itemListElement\":[{\"@type\":\"ListItem\",\"position\":1,\"name\":\"Home\",\"item\":\"https:\/\/www.italiaeconomiaonline.it\/web\/\"},{\"@type\":\"ListItem\",\"position\":2,\"name\":\"Grano-pasta, boom della petizione Cia verso le 50mila firme: \u201cLe portiamo al ministro\u201d\"}]},{\"@type\":\"WebSite\",\"@id\":\"https:\/\/www.italiaeconomiaonline.it\/web\/#website\",\"url\":\"https:\/\/www.italiaeconomiaonline.it\/web\/\",\"name\":\"ItaliaEconomiaOnline\",\"description\":\"Quotidiano Economico Online\",\"potentialAction\":[{\"@type\":\"SearchAction\",\"target\":{\"@type\":\"EntryPoint\",\"urlTemplate\":\"https:\/\/www.italiaeconomiaonline.it\/web\/?s={search_term_string}\"},\"query-input\":\"required name=search_term_string\"}],\"inLanguage\":\"it-IT\"},{\"@type\":\"Person\",\"@id\":\"https:\/\/www.italiaeconomiaonline.it\/web\/#\/schema\/person\/909a49cce752523b020fbc37d5ab1c31\",\"name\":\"ladyitaliaeconomia\",\"image\":{\"@type\":\"ImageObject\",\"inLanguage\":\"it-IT\",\"@id\":\"https:\/\/www.italiaeconomiaonline.it\/web\/#\/schema\/person\/image\/\",\"url\":\"https:\/\/secure.gravatar.com\/avatar\/cedca10ce7416a579b9fa6bce9c0a8f2?s=96&d=mm&r=g\",\"contentUrl\":\"https:\/\/secure.gravatar.com\/avatar\/cedca10ce7416a579b9fa6bce9c0a8f2?s=96&d=mm&r=g\",\"caption\":\"ladyitaliaeconomia\"},\"url\":\"https:\/\/www.italiaeconomiaonline.it\/web\/author\/ladyitaliaeconomia\/\"}]}<\/script>\n<!-- \/ Yoast SEO plugin. -->","yoast_head_json":{"title":"Grano-pasta, boom della petizione Cia verso le 50mila firme: \u201cLe portiamo al ministro\u201d -","robots":{"index":"index","follow":"follow","max-snippet":"max-snippet:-1","max-image-preview":"max-image-preview:large","max-video-preview":"max-video-preview:-1"},"canonical":"http:\/\/www.italiaeconomiaonline.it\/web\/grano-pasta-boom-della-petizione-cia-verso-le-50mila-firme-le-portiamo-al-ministro\/","og_locale":"it_IT","og_type":"article","og_title":"Grano-pasta, boom della petizione Cia verso le 50mila firme: \u201cLe portiamo al ministro\u201d -","og_description":"Sono 40mila finora, ma il loro numero negli ultimi giorni sta crescendo di circa 10mila al giorno, le firme raccolte dalla petizione nazionale lanciata da Cia-Agricoltori Italiani per difendere grano e pasta italiani, con la richiesta al governo di attivare misure che tutelino i consumatori e permettano ai produttori cerealicoli di coltivare grano in condizioni [&hellip;]","og_url":"http:\/\/www.italiaeconomiaonline.it\/web\/grano-pasta-boom-della-petizione-cia-verso-le-50mila-firme-le-portiamo-al-ministro\/","og_site_name":"ItaliaEconomiaOnline","article_published_time":"2023-05-15T13:45:05+00:00","og_image":[{"width":1024,"height":630,"url":"http:\/\/www.italiaeconomiaonline.it\/web\/wp-content\/uploads\/2021\/02\/Schermata-2021-02-26-alle-12.40.03-1024x630.png","type":"image\/png"}],"author":"ladyitaliaeconomia","twitter_card":"summary_large_image","twitter_misc":{"Scritto da":"ladyitaliaeconomia","Tempo di lettura stimato":"4 minuti"},"schema":{"@context":"https:\/\/schema.org","@graph":[{"@type":"WebPage","@id":"http:\/\/www.italiaeconomiaonline.it\/web\/grano-pasta-boom-della-petizione-cia-verso-le-50mila-firme-le-portiamo-al-ministro\/","url":"http:\/\/www.italiaeconomiaonline.it\/web\/grano-pasta-boom-della-petizione-cia-verso-le-50mila-firme-le-portiamo-al-ministro\/","name":"Grano-pasta, boom della petizione Cia verso le 50mila firme: \u201cLe portiamo al ministro\u201d -","isPartOf":{"@id":"https:\/\/www.italiaeconomiaonline.it\/web\/#website"},"primaryImageOfPage":{"@id":"http:\/\/www.italiaeconomiaonline.it\/web\/grano-pasta-boom-della-petizione-cia-verso-le-50mila-firme-le-portiamo-al-ministro\/#primaryimage"},"image":{"@id":"http:\/\/www.italiaeconomiaonline.it\/web\/grano-pasta-boom-della-petizione-cia-verso-le-50mila-firme-le-portiamo-al-ministro\/#primaryimage"},"thumbnailUrl":"https:\/\/www.italiaeconomiaonline.it\/web\/wp-content\/uploads\/2021\/02\/Schermata-2021-02-26-alle-12.40.03.png","datePublished":"2023-05-15T13:45:05+00:00","dateModified":"2023-05-15T13:45:05+00:00","author":{"@id":"https:\/\/www.italiaeconomiaonline.it\/web\/#\/schema\/person\/909a49cce752523b020fbc37d5ab1c31"},"breadcrumb":{"@id":"http:\/\/www.italiaeconomiaonline.it\/web\/grano-pasta-boom-della-petizione-cia-verso-le-50mila-firme-le-portiamo-al-ministro\/#breadcrumb"},"inLanguage":"it-IT","potentialAction":[{"@type":"ReadAction","target":["http:\/\/www.italiaeconomiaonline.it\/web\/grano-pasta-boom-della-petizione-cia-verso-le-50mila-firme-le-portiamo-al-ministro\/"]}]},{"@type":"ImageObject","inLanguage":"it-IT","@id":"http:\/\/www.italiaeconomiaonline.it\/web\/grano-pasta-boom-della-petizione-cia-verso-le-50mila-firme-le-portiamo-al-ministro\/#primaryimage","url":"https:\/\/www.italiaeconomiaonline.it\/web\/wp-content\/uploads\/2021\/02\/Schermata-2021-02-26-alle-12.40.03.png","contentUrl":"https:\/\/www.italiaeconomiaonline.it\/web\/wp-content\/uploads\/2021\/02\/Schermata-2021-02-26-alle-12.40.03.png","width":1310,"height":806},{"@type":"BreadcrumbList","@id":"http:\/\/www.italiaeconomiaonline.it\/web\/grano-pasta-boom-della-petizione-cia-verso-le-50mila-firme-le-portiamo-al-ministro\/#breadcrumb","itemListElement":[{"@type":"ListItem","position":1,"name":"Home","item":"https:\/\/www.italiaeconomiaonline.it\/web\/"},{"@type":"ListItem","position":2,"name":"Grano-pasta, boom della petizione Cia verso le 50mila firme: \u201cLe portiamo al ministro\u201d"}]},{"@type":"WebSite","@id":"https:\/\/www.italiaeconomiaonline.it\/web\/#website","url":"https:\/\/www.italiaeconomiaonline.it\/web\/","name":"ItaliaEconomiaOnline","description":"Quotidiano Economico Online","potentialAction":[{"@type":"SearchAction","target":{"@type":"EntryPoint","urlTemplate":"https:\/\/www.italiaeconomiaonline.it\/web\/?s={search_term_string}"},"query-input":"required name=search_term_string"}],"inLanguage":"it-IT"},{"@type":"Person","@id":"https:\/\/www.italiaeconomiaonline.it\/web\/#\/schema\/person\/909a49cce752523b020fbc37d5ab1c31","name":"ladyitaliaeconomia","image":{"@type":"ImageObject","inLanguage":"it-IT","@id":"https:\/\/www.italiaeconomiaonline.it\/web\/#\/schema\/person\/image\/","url":"https:\/\/secure.gravatar.com\/avatar\/cedca10ce7416a579b9fa6bce9c0a8f2?s=96&d=mm&r=g","contentUrl":"https:\/\/secure.gravatar.com\/avatar\/cedca10ce7416a579b9fa6bce9c0a8f2?s=96&d=mm&r=g","caption":"ladyitaliaeconomia"},"url":"https:\/\/www.italiaeconomiaonline.it\/web\/author\/ladyitaliaeconomia\/"}]}},"_links":{"self":[{"href":"https:\/\/www.italiaeconomiaonline.it\/web\/wp-json\/wp\/v2\/posts\/7194"}],"collection":[{"href":"https:\/\/www.italiaeconomiaonline.it\/web\/wp-json\/wp\/v2\/posts"}],"about":[{"href":"https:\/\/www.italiaeconomiaonline.it\/web\/wp-json\/wp\/v2\/types\/post"}],"author":[{"embeddable":true,"href":"https:\/\/www.italiaeconomiaonline.it\/web\/wp-json\/wp\/v2\/users\/1"}],"replies":[{"embeddable":true,"href":"https:\/\/www.italiaeconomiaonline.it\/web\/wp-json\/wp\/v2\/comments?post=7194"}],"version-history":[{"count":1,"href":"https:\/\/www.italiaeconomiaonline.it\/web\/wp-json\/wp\/v2\/posts\/7194\/revisions"}],"predecessor-version":[{"id":7195,"href":"https:\/\/www.italiaeconomiaonline.it\/web\/wp-json\/wp\/v2\/posts\/7194\/revisions\/7195"}],"wp:featuredmedia":[{"embeddable":true,"href":"https:\/\/www.italiaeconomiaonline.it\/web\/wp-json\/wp\/v2\/media\/5501"}],"wp:attachment":[{"href":"https:\/\/www.italiaeconomiaonline.it\/web\/wp-json\/wp\/v2\/media?parent=7194"}],"wp:term":[{"taxonomy":"category","embeddable":true,"href":"https:\/\/www.italiaeconomiaonline.it\/web\/wp-json\/wp\/v2\/categories?post=7194"},{"taxonomy":"post_tag","embeddable":true,"href":"https:\/\/www.italiaeconomiaonline.it\/web\/wp-json\/wp\/v2\/tags?post=7194"}],"curies":[{"name":"wp","href":"https:\/\/api.w.org\/{rel}","templated":true}]}}