{"id":7196,"date":"2023-05-15T15:48:53","date_gmt":"2023-05-15T13:48:53","guid":{"rendered":"https:\/\/www.italiaeconomiaonline.it\/web\/?p=7196"},"modified":"2023-05-15T15:49:02","modified_gmt":"2023-05-15T13:49:02","slug":"commercio-confesercenti-dal-2019-spariti-oltre-52mila-negozi","status":"publish","type":"post","link":"https:\/\/www.italiaeconomiaonline.it\/web\/commercio-confesercenti-dal-2019-spariti-oltre-52mila-negozi\/","title":{"rendered":"Commercio: Confesercenti, dal 2019 spariti oltre 52mila negozi"},"content":{"rendered":"<p class=\"p2\">I negozi continuano a diminuire. In confronto al 2019, a fine 2023 si conteranno oltre 52mila imprese del commercio in meno, per un declino complessivo del -7%. Un\u2019accelerazione del processo di desertificazione su cui incide la doppia crisi vissuta dal comparto che, dopo lo stop imposto dalla pandemia, ha visto interrompersi la ripresa a causa degli effetti di inflazione e caro-energia, che hanno eroso la capacit\u00e0 di spesa delle famiglie: negli ultimi due anni, il potere d\u2019acquisto degli italiani \u00e8 infatti calato di 14,7 miliardi di euro, oltre 540 euro in meno per nucleo familiare. Un vero e proprio crollo, che pesa sul tessuto dei negozi di vicinato pi\u00f9 della concorrenza dell\u2019online.<\/p>\n<p class=\"p2\">\u00c8 quanto emerge da \u201cIl Commercio oggi e domani\u201d, lo studio sul futuro della distribuzione commerciale condotto da Confesercenti e IPSOS, presentato oggi a Roma alla Sala di Vibia e Adriano a Roma, alla presenza del Ministro delle Imprese e del Made in Italy Adolfo Urso.<\/p>\n<p class=\"p2\"><b>L\u2019indagine sul futuro del commercio. <\/b>Per l\u2019occasione, Confesercenti e IPSOS hanno condotto un\u2019indagine intergenerazionale su mille consumatori di tutte le et\u00e0, dai Baby Boomer alla Generazione Z, per vagliare la preferenza per il canale d\u2019acquisto online e offline. Dalle risposte degli intervistati, emerge un quadro pi\u00f9 favorevole per il retail tradizionale di quanto generalmente si ritenga.<\/p>\n<p class=\"p2\"><b>L\u2019offline \u00e8 ancora il canale preferito.<\/b> Nonostante la progressiva affermazione dell\u2019eCommerce, i negozi fisici continuano ad essere ancora il canale d\u2019acquisto preferito per sei delle nove categorie merceologiche prese in esame. L\u2019insieme di chi ha acquistato nell\u2019ultimo anno esclusivamente, prevalentemente o qualche volta online \u00e8 maggioritario, infatti, solo nel comparto \u2018viaggi e vacanze\u2019 (dove raggiunge il 72%), elettronica e prodotti tecnologici (62%) e moda (52%). La quota di clienti che, nello stesso periodo, ha comprato solo, prevalentemente o qualche volta nei negozi fisici, invece, \u00e8 maggioritaria per tutte le altre sei tipologie: articoli e abbigliamento sportivo (54%), cosmetica, profumeria e cura del corpo (58%), arredamento e complementi d\u2019arredo (69%), cibo e bevande d\u2019asporto (69%), prodotti per la pulizia della casa (77%) e alimentari (82%).<\/p>\n<p class=\"p2\"><b>I negozi non sono da boomer.<span class=\"Apple-converted-space\">\u00a0 <\/span><\/b>Non sorprendentemente, i Baby Boomers costituiscono la fascia d\u2019et\u00e0 pi\u00f9 votata agli acquisti offline, mentre le generazioni Y e Z sono pi\u00f9 orientate all\u2019online. Ma mentre la preferenza per l\u2019eCommerce \u00e8 particolarmente spiccata per la generazione Y, formata dai nati tra il 1981 e il 1996, la successiva generazione Z sembra tornare a valutare positivamente l\u2019esperienza dello shopping nei negozi fisici. I cosiddetti Zoomers, infatti, pur se pi\u00f9 \u2018online\u2019 della generazione X e dei Baby Boomers, superano la propensione media all\u2019acquisto in rete solo per alimentari e prodotti per la pulizia di casa, cibo e bevande d\u2019asporto, cosmetica ed elettronica. Ma se il rischio posto dal commercio online \u2013 peraltro usato sempre di pi\u00f9 anche nel commercio vicinato \u2013 appare dunque ridimensionato, lo stesso non si pu\u00f2 dire per lo stato di incertezza<b> <\/b>creato dalla frenata dei consumi.<b> <\/b><\/p>\n<p class=\"p2\"><b>Il calo del potere d\u2019acquisto. <\/b>L&#8217;erosione dei redditi reali \u00e8 stata infatti particolarmente forte gi\u00e0 nel 2022, durante il quale si \u00e8 registrata una perdita di potere d&#8217;acquisto di 11,8 miliardi di euro. Una tendenza che purtroppo continuer\u00e0 anche quest\u2019anno: secondo le nostre stime, nel 2023 il potere d\u2019acquisto delle famiglie subir\u00e0 un&#8217;ulteriore riduzione di 2,9 miliardi di euro e la capacit\u00e0 di spesa raggiunta nel 2021 non sar\u00e0 recuperata prima del 2027.<\/p>\n<p class=\"p2\"><b>L\u2019inflazione energetica. <\/b>A pesare, l\u2019onda lunga dell\u2019andamento al rialzo dei prezzi dell\u2019energia e del gas, cresciuti velocemente negli ultimi due anni. Aumenti che si sono riversati sui costi di produzione, trasporto e distribuzione, portando inevitabilmente ad un incremento generalizzato dei prezzi finali di prodotti e servizi. Un\u2019inflazione energetica da cui ancora non siamo rientrati: ad aprile, i prezzi al consumo hanno registrato un aumento dell&#8217;8,3%, mezzo punto percentuale in pi\u00f9 rispetto a marzo. E nei primi quattro mesi del 2023, il tasso di inflazione \u00e8 stato pari all&#8217;8,8%, superando la media inflazionistica dell&#8217;8,2% registrata nel 2022.<\/p>\n<p class=\"p2\"><b>L\u2019effetto sui risparmi.<\/b> Per fronteggiare l\u2019aumento dei prezzi, le famiglie hanno dato fondo alle proprie riserve. Nel 2022 gli italiani hanno destinato ai consumi circa 52,9 miliardi di risparmio accumulato dalle famiglie e, senza un\u2019inversione di tendenza, ne bruceranno altri 27 miliardi nel 2023.<\/p>\n<p class=\"p2\"><b>Il caro-vita svuota i carrelli. <\/b>Anche se ha attutito l\u2019impatto dell\u2019inflazione, il sacrificio del risparmio non \u00e8 per\u00f2 bastato a mantenere i livelli di consumo delle famiglie. Nel 2022 il volume delle vendite al dettaglio \u00e8 calato del -0,8%, sintesi di un aumento del +1,9% registrato dai prodotti non alimentari e di un vero e proprio crollo del -4,2% per i beni alimentari. Una dinamica che si \u00e8 aggravata nel primo trimestre del 2023: tra gennaio e marzo i volumi delle vendite alimentari sono scesi in media del -4,7%, mentre le vendite non alimentari hanno registrato una flessione del -1,6%, per un calo complessivo dei volumi del -3%.<\/p>\n<p class=\"p2\"><b>Il caso pasta.<\/b> La situazione appare particolarmente grave per alcuni prodotti alimentari specifici. \u00c8 il caso della pasta le cui vendite, nel primo trimestre di quest\u2019anno, hanno subito un calo del 10,7% in volume. Un declino mai visto per il prodotto simbolo per eccellenza della tradizione gastronomica italiana nel mondo, e che rischia di avere pesanti ripercussioni sulle tante eccellenze produttive del nostro Paese ad esso legate.<\/p>\n<p class=\"p2\"><b>L\u2019impatto sui negozi di vicinato. <\/b>A diminuire rispetto al 2019, in numeri assoluti, sono soprattutto i negozi di moda (-8.553 unit\u00e0 rispetto al 2019, con un calo del -6,3%), anche se le riduzioni percentuali pi\u00f9 elevate vengono registrate da Giornali e articoli di cartoleria (-13,5%, per 3.963 imprese in meno). In forte contrazione anche le imprese attive nella vendita di pane e torte, (-6,1%, per 679 attivit\u00e0 in meno) e di carni (-5,7%, -1.663 imprese). Pi\u00f9 contenuta la perdita per le librerie (-2%, o -112 imprese). Non tutti i comparti merceologici, per\u00f2, vanno male. \u00c8 il caso delle imprese specializzate nella vendita di frutta e verdura, che rispetto all\u2019ultimo anno prima della pandemia crescono del 2%, per un totale di 432 imprese in pi\u00f9. Bene anche i negozi specializzati in Pesci, crostacei e molluschi (+107 attivit\u00e0, per una variazione positiva del +1,2%) e quelli della distribuzione bevande, che aumentano di 291 attivit\u00e0 sul 2019, con una crescita del +4,5% rispetto al periodo precedente alla pandemia.<\/p>\n<p class=\"p2\"><b>Difficile aprire una nuova attivit\u00e0. <\/b>Pi\u00f9 che le chiusure di negozi, il problema \u00e8 la mancanza di nuove aperture.<b> <\/b>Una dinamica evidente dai dati sulla natalit\u00e0 e mortalit\u00e0 delle imprese: nel 2022 sono nate solo 22.608 nuove attivit\u00e0, il 20,3% in meno del 2021. Un numero del tutto insufficiente a compensare le oltre 43mila imprese che hanno abbassato per sempre la saracinesca, e che fa chiudere l\u2019anno con un bilancio negativo per oltre 20mila unit\u00e0, per una media di oltre due negozi spariti ogni ora. E nel 2023 la situazione non migliora: nei primi tre mesi dell\u2019anno le nuove aperture sono ancora il 18% inferiori a quelle registrate nello stesso periodo del 2019.<\/p>\n<p class=\"p2\"><b>Il futuro (e come cambiarlo).<\/b> Considerando la tendenza attuale, \u00e8 possibile stimare nei prossimi sette anni \u2013 da qui al 2030 &#8211; una contrazione di circa 73 mila attivit\u00e0 commerciali di vicinato (-11% sul totale), ad un ritmo di 18 negozi spariti al giorno. Si tratta per\u00f2 di un futuro che pu\u00f2 essere cambiato. Confesercenti propone una doppia piattaforma di interventi, per la ripresa dei consumi e per il sostegno di negozi e botteghe.<\/p>\n<p class=\"p2\">Per far ripartire la spesa delle famiglie e contrastare il caro-vita, \u00e8 necessario dare attuazione velocemente alla delega fiscale, riducendo la pressione delle imposte sulle famiglie. In particolare, sarebbe opportuno detassare gli aumenti contrattuali per il prossimo biennio: una simile misura potrebbe generare 3 miliardi di euro di consumi aggiuntivi gi\u00e0 a partire dalla prossima tornata contrattuale.<\/p>\n<p class=\"p2\">Allo stesso tempo, per sostenere le attivit\u00e0 di vicinato, occorre introdurre misure strutturali, con un pacchetto di formazione per gli imprenditori, sostegni all\u2019innovazione, una fiscalit\u00e0 di vantaggio per le piccole imprese della distribuzione con fatturato inferiore ai 400mila euro annui, e la cedolare secca per le locazioni commerciali, subordinandone l\u2019accesso alla concessione di un canone concordato al locatario, verificata e garantita dalle associazioni di categoria. Siamo convinti che, con queste misure, sarebbe possibile ridurre l\u2019erosione delle quote di mercato delle piccole superfici, recuperando 5,5 miliardi di euro di vendite, e salvando quasi 30mila attivit\u00e0 commerciali di vicinato dalla scomparsa nei prossimi sette anni.<\/p>\n<p class=\"p3\">\n<p class=\"p5\">Roma, 15 maggio 2023<\/p>\n","protected":false},"excerpt":{"rendered":"<p>I negozi continuano a diminuire. In confronto al 2019, a fine 2023 si conteranno oltre 52mila imprese del commercio in meno, per un declino complessivo del -7%. Un\u2019accelerazione del processo di desertificazione su cui incide la doppia crisi vissuta dal comparto che, dopo lo stop imposto dalla pandemia, ha visto interrompersi la ripresa a causa [&hellip;]<\/p>\n","protected":false},"author":1,"featured_media":1401,"comment_status":"closed","ping_status":"open","sticky":false,"template":"","format":"standard","meta":{"footnotes":""},"categories":[56],"tags":[],"yoast_head":"<!-- This site is optimized with the Yoast SEO plugin v22.2 - https:\/\/yoast.com\/wordpress\/plugins\/seo\/ -->\n<title>Commercio: Confesercenti, dal 2019 spariti oltre 52mila negozi -<\/title>\n<meta name=\"robots\" content=\"index, follow, max-snippet:-1, max-image-preview:large, max-video-preview:-1\" \/>\n<link rel=\"canonical\" href=\"http:\/\/www.italiaeconomiaonline.it\/web\/commercio-confesercenti-dal-2019-spariti-oltre-52mila-negozi\/\" \/>\n<meta property=\"og:locale\" content=\"it_IT\" \/>\n<meta property=\"og:type\" content=\"article\" \/>\n<meta property=\"og:title\" content=\"Commercio: Confesercenti, dal 2019 spariti oltre 52mila negozi -\" \/>\n<meta property=\"og:description\" content=\"I negozi continuano a diminuire. In confronto al 2019, a fine 2023 si conteranno oltre 52mila imprese del commercio in meno, per un declino complessivo del -7%. Un\u2019accelerazione del processo di desertificazione su cui incide la doppia crisi vissuta dal comparto che, dopo lo stop imposto dalla pandemia, ha visto interrompersi la ripresa a causa [&hellip;]\" \/>\n<meta property=\"og:url\" content=\"http:\/\/www.italiaeconomiaonline.it\/web\/commercio-confesercenti-dal-2019-spariti-oltre-52mila-negozi\/\" \/>\n<meta property=\"og:site_name\" content=\"ItaliaEconomiaOnline\" \/>\n<meta property=\"article:published_time\" content=\"2023-05-15T13:48:53+00:00\" \/>\n<meta property=\"article:modified_time\" content=\"2023-05-15T13:49:02+00:00\" \/>\n<meta property=\"og:image\" content=\"http:\/\/www.italiaeconomiaonline.it\/web\/wp-content\/uploads\/2019\/07\/Negozio.jpg\" \/>\n\t<meta property=\"og:image:width\" content=\"960\" \/>\n\t<meta property=\"og:image:height\" content=\"662\" \/>\n\t<meta property=\"og:image:type\" content=\"image\/jpeg\" \/>\n<meta name=\"author\" content=\"ladyitaliaeconomia\" \/>\n<meta name=\"twitter:card\" content=\"summary_large_image\" \/>\n<meta name=\"twitter:label1\" content=\"Scritto da\" \/>\n\t<meta name=\"twitter:data1\" content=\"ladyitaliaeconomia\" \/>\n\t<meta name=\"twitter:label2\" content=\"Tempo di lettura stimato\" \/>\n\t<meta name=\"twitter:data2\" content=\"8 minuti\" \/>\n<script type=\"application\/ld+json\" class=\"yoast-schema-graph\">{\"@context\":\"https:\/\/schema.org\",\"@graph\":[{\"@type\":\"WebPage\",\"@id\":\"http:\/\/www.italiaeconomiaonline.it\/web\/commercio-confesercenti-dal-2019-spariti-oltre-52mila-negozi\/\",\"url\":\"http:\/\/www.italiaeconomiaonline.it\/web\/commercio-confesercenti-dal-2019-spariti-oltre-52mila-negozi\/\",\"name\":\"Commercio: Confesercenti, dal 2019 spariti oltre 52mila negozi -\",\"isPartOf\":{\"@id\":\"https:\/\/www.italiaeconomiaonline.it\/web\/#website\"},\"primaryImageOfPage\":{\"@id\":\"http:\/\/www.italiaeconomiaonline.it\/web\/commercio-confesercenti-dal-2019-spariti-oltre-52mila-negozi\/#primaryimage\"},\"image\":{\"@id\":\"http:\/\/www.italiaeconomiaonline.it\/web\/commercio-confesercenti-dal-2019-spariti-oltre-52mila-negozi\/#primaryimage\"},\"thumbnailUrl\":\"https:\/\/www.italiaeconomiaonline.it\/web\/wp-content\/uploads\/2019\/07\/Negozio.jpg\",\"datePublished\":\"2023-05-15T13:48:53+00:00\",\"dateModified\":\"2023-05-15T13:49:02+00:00\",\"author\":{\"@id\":\"https:\/\/www.italiaeconomiaonline.it\/web\/#\/schema\/person\/909a49cce752523b020fbc37d5ab1c31\"},\"breadcrumb\":{\"@id\":\"http:\/\/www.italiaeconomiaonline.it\/web\/commercio-confesercenti-dal-2019-spariti-oltre-52mila-negozi\/#breadcrumb\"},\"inLanguage\":\"it-IT\",\"potentialAction\":[{\"@type\":\"ReadAction\",\"target\":[\"http:\/\/www.italiaeconomiaonline.it\/web\/commercio-confesercenti-dal-2019-spariti-oltre-52mila-negozi\/\"]}]},{\"@type\":\"ImageObject\",\"inLanguage\":\"it-IT\",\"@id\":\"http:\/\/www.italiaeconomiaonline.it\/web\/commercio-confesercenti-dal-2019-spariti-oltre-52mila-negozi\/#primaryimage\",\"url\":\"https:\/\/www.italiaeconomiaonline.it\/web\/wp-content\/uploads\/2019\/07\/Negozio.jpg\",\"contentUrl\":\"https:\/\/www.italiaeconomiaonline.it\/web\/wp-content\/uploads\/2019\/07\/Negozio.jpg\",\"width\":960,\"height\":662},{\"@type\":\"BreadcrumbList\",\"@id\":\"http:\/\/www.italiaeconomiaonline.it\/web\/commercio-confesercenti-dal-2019-spariti-oltre-52mila-negozi\/#breadcrumb\",\"itemListElement\":[{\"@type\":\"ListItem\",\"position\":1,\"name\":\"Home\",\"item\":\"https:\/\/www.italiaeconomiaonline.it\/web\/\"},{\"@type\":\"ListItem\",\"position\":2,\"name\":\"Commercio: Confesercenti, dal 2019 spariti oltre 52mila negozi\"}]},{\"@type\":\"WebSite\",\"@id\":\"https:\/\/www.italiaeconomiaonline.it\/web\/#website\",\"url\":\"https:\/\/www.italiaeconomiaonline.it\/web\/\",\"name\":\"ItaliaEconomiaOnline\",\"description\":\"Quotidiano Economico Online\",\"potentialAction\":[{\"@type\":\"SearchAction\",\"target\":{\"@type\":\"EntryPoint\",\"urlTemplate\":\"https:\/\/www.italiaeconomiaonline.it\/web\/?s={search_term_string}\"},\"query-input\":\"required name=search_term_string\"}],\"inLanguage\":\"it-IT\"},{\"@type\":\"Person\",\"@id\":\"https:\/\/www.italiaeconomiaonline.it\/web\/#\/schema\/person\/909a49cce752523b020fbc37d5ab1c31\",\"name\":\"ladyitaliaeconomia\",\"image\":{\"@type\":\"ImageObject\",\"inLanguage\":\"it-IT\",\"@id\":\"https:\/\/www.italiaeconomiaonline.it\/web\/#\/schema\/person\/image\/\",\"url\":\"https:\/\/secure.gravatar.com\/avatar\/cedca10ce7416a579b9fa6bce9c0a8f2?s=96&d=mm&r=g\",\"contentUrl\":\"https:\/\/secure.gravatar.com\/avatar\/cedca10ce7416a579b9fa6bce9c0a8f2?s=96&d=mm&r=g\",\"caption\":\"ladyitaliaeconomia\"},\"url\":\"https:\/\/www.italiaeconomiaonline.it\/web\/author\/ladyitaliaeconomia\/\"}]}<\/script>\n<!-- \/ Yoast SEO plugin. -->","yoast_head_json":{"title":"Commercio: Confesercenti, dal 2019 spariti oltre 52mila negozi -","robots":{"index":"index","follow":"follow","max-snippet":"max-snippet:-1","max-image-preview":"max-image-preview:large","max-video-preview":"max-video-preview:-1"},"canonical":"http:\/\/www.italiaeconomiaonline.it\/web\/commercio-confesercenti-dal-2019-spariti-oltre-52mila-negozi\/","og_locale":"it_IT","og_type":"article","og_title":"Commercio: Confesercenti, dal 2019 spariti oltre 52mila negozi -","og_description":"I negozi continuano a diminuire. In confronto al 2019, a fine 2023 si conteranno oltre 52mila imprese del commercio in meno, per un declino complessivo del -7%. Un\u2019accelerazione del processo di desertificazione su cui incide la doppia crisi vissuta dal comparto che, dopo lo stop imposto dalla pandemia, ha visto interrompersi la ripresa a causa [&hellip;]","og_url":"http:\/\/www.italiaeconomiaonline.it\/web\/commercio-confesercenti-dal-2019-spariti-oltre-52mila-negozi\/","og_site_name":"ItaliaEconomiaOnline","article_published_time":"2023-05-15T13:48:53+00:00","article_modified_time":"2023-05-15T13:49:02+00:00","og_image":[{"width":960,"height":662,"url":"http:\/\/www.italiaeconomiaonline.it\/web\/wp-content\/uploads\/2019\/07\/Negozio.jpg","type":"image\/jpeg"}],"author":"ladyitaliaeconomia","twitter_card":"summary_large_image","twitter_misc":{"Scritto da":"ladyitaliaeconomia","Tempo di lettura stimato":"8 minuti"},"schema":{"@context":"https:\/\/schema.org","@graph":[{"@type":"WebPage","@id":"http:\/\/www.italiaeconomiaonline.it\/web\/commercio-confesercenti-dal-2019-spariti-oltre-52mila-negozi\/","url":"http:\/\/www.italiaeconomiaonline.it\/web\/commercio-confesercenti-dal-2019-spariti-oltre-52mila-negozi\/","name":"Commercio: Confesercenti, dal 2019 spariti oltre 52mila negozi -","isPartOf":{"@id":"https:\/\/www.italiaeconomiaonline.it\/web\/#website"},"primaryImageOfPage":{"@id":"http:\/\/www.italiaeconomiaonline.it\/web\/commercio-confesercenti-dal-2019-spariti-oltre-52mila-negozi\/#primaryimage"},"image":{"@id":"http:\/\/www.italiaeconomiaonline.it\/web\/commercio-confesercenti-dal-2019-spariti-oltre-52mila-negozi\/#primaryimage"},"thumbnailUrl":"https:\/\/www.italiaeconomiaonline.it\/web\/wp-content\/uploads\/2019\/07\/Negozio.jpg","datePublished":"2023-05-15T13:48:53+00:00","dateModified":"2023-05-15T13:49:02+00:00","author":{"@id":"https:\/\/www.italiaeconomiaonline.it\/web\/#\/schema\/person\/909a49cce752523b020fbc37d5ab1c31"},"breadcrumb":{"@id":"http:\/\/www.italiaeconomiaonline.it\/web\/commercio-confesercenti-dal-2019-spariti-oltre-52mila-negozi\/#breadcrumb"},"inLanguage":"it-IT","potentialAction":[{"@type":"ReadAction","target":["http:\/\/www.italiaeconomiaonline.it\/web\/commercio-confesercenti-dal-2019-spariti-oltre-52mila-negozi\/"]}]},{"@type":"ImageObject","inLanguage":"it-IT","@id":"http:\/\/www.italiaeconomiaonline.it\/web\/commercio-confesercenti-dal-2019-spariti-oltre-52mila-negozi\/#primaryimage","url":"https:\/\/www.italiaeconomiaonline.it\/web\/wp-content\/uploads\/2019\/07\/Negozio.jpg","contentUrl":"https:\/\/www.italiaeconomiaonline.it\/web\/wp-content\/uploads\/2019\/07\/Negozio.jpg","width":960,"height":662},{"@type":"BreadcrumbList","@id":"http:\/\/www.italiaeconomiaonline.it\/web\/commercio-confesercenti-dal-2019-spariti-oltre-52mila-negozi\/#breadcrumb","itemListElement":[{"@type":"ListItem","position":1,"name":"Home","item":"https:\/\/www.italiaeconomiaonline.it\/web\/"},{"@type":"ListItem","position":2,"name":"Commercio: Confesercenti, dal 2019 spariti oltre 52mila negozi"}]},{"@type":"WebSite","@id":"https:\/\/www.italiaeconomiaonline.it\/web\/#website","url":"https:\/\/www.italiaeconomiaonline.it\/web\/","name":"ItaliaEconomiaOnline","description":"Quotidiano Economico Online","potentialAction":[{"@type":"SearchAction","target":{"@type":"EntryPoint","urlTemplate":"https:\/\/www.italiaeconomiaonline.it\/web\/?s={search_term_string}"},"query-input":"required name=search_term_string"}],"inLanguage":"it-IT"},{"@type":"Person","@id":"https:\/\/www.italiaeconomiaonline.it\/web\/#\/schema\/person\/909a49cce752523b020fbc37d5ab1c31","name":"ladyitaliaeconomia","image":{"@type":"ImageObject","inLanguage":"it-IT","@id":"https:\/\/www.italiaeconomiaonline.it\/web\/#\/schema\/person\/image\/","url":"https:\/\/secure.gravatar.com\/avatar\/cedca10ce7416a579b9fa6bce9c0a8f2?s=96&d=mm&r=g","contentUrl":"https:\/\/secure.gravatar.com\/avatar\/cedca10ce7416a579b9fa6bce9c0a8f2?s=96&d=mm&r=g","caption":"ladyitaliaeconomia"},"url":"https:\/\/www.italiaeconomiaonline.it\/web\/author\/ladyitaliaeconomia\/"}]}},"_links":{"self":[{"href":"https:\/\/www.italiaeconomiaonline.it\/web\/wp-json\/wp\/v2\/posts\/7196"}],"collection":[{"href":"https:\/\/www.italiaeconomiaonline.it\/web\/wp-json\/wp\/v2\/posts"}],"about":[{"href":"https:\/\/www.italiaeconomiaonline.it\/web\/wp-json\/wp\/v2\/types\/post"}],"author":[{"embeddable":true,"href":"https:\/\/www.italiaeconomiaonline.it\/web\/wp-json\/wp\/v2\/users\/1"}],"replies":[{"embeddable":true,"href":"https:\/\/www.italiaeconomiaonline.it\/web\/wp-json\/wp\/v2\/comments?post=7196"}],"version-history":[{"count":1,"href":"https:\/\/www.italiaeconomiaonline.it\/web\/wp-json\/wp\/v2\/posts\/7196\/revisions"}],"predecessor-version":[{"id":7197,"href":"https:\/\/www.italiaeconomiaonline.it\/web\/wp-json\/wp\/v2\/posts\/7196\/revisions\/7197"}],"wp:featuredmedia":[{"embeddable":true,"href":"https:\/\/www.italiaeconomiaonline.it\/web\/wp-json\/wp\/v2\/media\/1401"}],"wp:attachment":[{"href":"https:\/\/www.italiaeconomiaonline.it\/web\/wp-json\/wp\/v2\/media?parent=7196"}],"wp:term":[{"taxonomy":"category","embeddable":true,"href":"https:\/\/www.italiaeconomiaonline.it\/web\/wp-json\/wp\/v2\/categories?post=7196"},{"taxonomy":"post_tag","embeddable":true,"href":"https:\/\/www.italiaeconomiaonline.it\/web\/wp-json\/wp\/v2\/tags?post=7196"}],"curies":[{"name":"wp","href":"https:\/\/api.w.org\/{rel}","templated":true}]}}