{"id":7203,"date":"2023-05-22T07:49:51","date_gmt":"2023-05-22T05:49:51","guid":{"rendered":"https:\/\/www.italiaeconomiaonline.it\/web\/?p=7203"},"modified":"2023-05-22T07:49:51","modified_gmt":"2023-05-22T05:49:51","slug":"trasferite-allinps-le-funzioni-di-accertamento-sanitario-e-medico-legale","status":"publish","type":"post","link":"https:\/\/www.italiaeconomiaonline.it\/web\/trasferite-allinps-le-funzioni-di-accertamento-sanitario-e-medico-legale\/","title":{"rendered":"Trasferite all\u2019Inps le funzioni di accertamento sanitario e medico-legale"},"content":{"rendered":"<p class=\"p4\">Come previsto dal DL 73\/2022 (che ha trasferito all\u2019Inps le funzioni precedentemente in capo al Ministero dell\u2019economia e finanze), dal prossimo primo giugno sar\u00e0 competenza dell\u2019Istituto effettuare gli accertamenti di idoneit\u00e0 e inabilit\u00e0 dei dipendenti pubblici e di accertamento medico-legale per alcune specifiche categorie di cittadini-utenti.<\/p>\n<p class=\"p4\">Quindi, a partire da questa data, gli enti, le amministrazioni pubbliche e anche i datori di lavoro il cui personale abbia optato per il mantenimento dell\u2019iscrizione alla &#8220;Gestione esclusiva&#8221; oppure al &#8220;Fondo Quiescenza Poste&#8221;, potranno presentare domanda telematica, tramite il portale dell\u2019Istituto, per l&#8217;accertamento sanitario ai fini dell&#8217;idoneit\u00e0, inidoneit\u00e0 e inabilit\u00e0 lavorativa; nei confronti di familiari superstiti aventi titolo alla pensione indiretta o di reversibilit\u00e0; per la concessione dell\u2019equo indennizzo e del rimborso delle spese di degenza per infermit\u00e0 contratte per causa di servizio in favore del personale della Polizia locale.<\/p>\n<p class=\"p4\">Sempre per via telematica dovranno essere presentate all\u2019INPS le richieste di accertamento medico-legale:<\/p>\n<ul class=\"ul1\">\n<li class=\"li4\">dei cittadini aventi diritto ai benefici in materia di pensioni di guerra dirette, indirette e di reversibilit\u00e0 e relativi assegni accessori, dei familiari superstiti aventi titolo al trattamento di reversibilit\u00e0 dell&#8217;assegno vitalizio concesso agli ex deportati nei campi di sterminio nazista;<\/li>\n<li class=\"li4\">dei familiari superstiti aventi titolo al trattamento di reversibilit\u00e0 dell&#8217;assegno di benemerenza concesso ai perseguitati politici antifascisti e razziali;<\/li>\n<li class=\"li4\">dei familiari superstiti aventi diritto al trattamento di reversibilit\u00e0 degli assegni annessi alle decorazioni al valore militare.<\/li>\n<\/ul>\n<p class=\"p4\">\n<p class=\"p4\">\n","protected":false},"excerpt":{"rendered":"<p>Come previsto dal DL 73\/2022 (che ha trasferito all\u2019Inps le funzioni precedentemente in capo al Ministero dell\u2019economia e finanze), dal prossimo primo giugno sar\u00e0 competenza dell\u2019Istituto effettuare gli accertamenti di idoneit\u00e0 e inabilit\u00e0 dei dipendenti pubblici e di accertamento medico-legale per alcune specifiche categorie di cittadini-utenti. Quindi, a partire da questa data, gli enti, le [&hellip;]<\/p>\n","protected":false},"author":1,"featured_media":5058,"comment_status":"closed","ping_status":"open","sticky":false,"template":"","format":"standard","meta":{"footnotes":""},"categories":[490],"tags":[],"yoast_head":"<!-- This site is optimized with the Yoast SEO plugin v22.2 - https:\/\/yoast.com\/wordpress\/plugins\/seo\/ -->\n<title>Trasferite all\u2019Inps le funzioni di accertamento sanitario e medico-legale -<\/title>\n<meta name=\"robots\" content=\"index, follow, max-snippet:-1, max-image-preview:large, max-video-preview:-1\" \/>\n<link rel=\"canonical\" href=\"http:\/\/www.italiaeconomiaonline.it\/web\/trasferite-allinps-le-funzioni-di-accertamento-sanitario-e-medico-legale\/\" \/>\n<meta property=\"og:locale\" content=\"it_IT\" \/>\n<meta property=\"og:type\" content=\"article\" \/>\n<meta property=\"og:title\" content=\"Trasferite all\u2019Inps le funzioni di accertamento sanitario e medico-legale -\" \/>\n<meta property=\"og:description\" content=\"Come previsto dal DL 73\/2022 (che ha trasferito all\u2019Inps le funzioni precedentemente in capo al Ministero dell\u2019economia e finanze), dal prossimo primo giugno sar\u00e0 competenza dell\u2019Istituto effettuare gli accertamenti di idoneit\u00e0 e inabilit\u00e0 dei dipendenti pubblici e di accertamento medico-legale per alcune specifiche categorie di cittadini-utenti. Quindi, a partire da questa data, gli enti, le [&hellip;]\" \/>\n<meta property=\"og:url\" content=\"http:\/\/www.italiaeconomiaonline.it\/web\/trasferite-allinps-le-funzioni-di-accertamento-sanitario-e-medico-legale\/\" \/>\n<meta property=\"og:site_name\" content=\"ItaliaEconomiaOnline\" \/>\n<meta property=\"article:published_time\" content=\"2023-05-22T05:49:51+00:00\" \/>\n<meta property=\"og:image\" content=\"http:\/\/www.italiaeconomiaonline.it\/web\/wp-content\/uploads\/2021\/01\/Schermata-2021-01-11-alle-10.26.13.png\" \/>\n\t<meta property=\"og:image:width\" content=\"1526\" \/>\n\t<meta property=\"og:image:height\" content=\"990\" \/>\n\t<meta property=\"og:image:type\" content=\"image\/png\" \/>\n<meta name=\"author\" content=\"ladyitaliaeconomia\" \/>\n<meta name=\"twitter:card\" content=\"summary_large_image\" \/>\n<meta name=\"twitter:label1\" content=\"Scritto da\" \/>\n\t<meta name=\"twitter:data1\" content=\"ladyitaliaeconomia\" \/>\n\t<meta name=\"twitter:label2\" content=\"Tempo di lettura stimato\" \/>\n\t<meta name=\"twitter:data2\" content=\"2 minuti\" \/>\n<script type=\"application\/ld+json\" class=\"yoast-schema-graph\">{\"@context\":\"https:\/\/schema.org\",\"@graph\":[{\"@type\":\"WebPage\",\"@id\":\"http:\/\/www.italiaeconomiaonline.it\/web\/trasferite-allinps-le-funzioni-di-accertamento-sanitario-e-medico-legale\/\",\"url\":\"http:\/\/www.italiaeconomiaonline.it\/web\/trasferite-allinps-le-funzioni-di-accertamento-sanitario-e-medico-legale\/\",\"name\":\"Trasferite all\u2019Inps le funzioni di accertamento sanitario e medico-legale -\",\"isPartOf\":{\"@id\":\"https:\/\/www.italiaeconomiaonline.it\/web\/#website\"},\"primaryImageOfPage\":{\"@id\":\"http:\/\/www.italiaeconomiaonline.it\/web\/trasferite-allinps-le-funzioni-di-accertamento-sanitario-e-medico-legale\/#primaryimage\"},\"image\":{\"@id\":\"http:\/\/www.italiaeconomiaonline.it\/web\/trasferite-allinps-le-funzioni-di-accertamento-sanitario-e-medico-legale\/#primaryimage\"},\"thumbnailUrl\":\"https:\/\/www.italiaeconomiaonline.it\/web\/wp-content\/uploads\/2021\/01\/Schermata-2021-01-11-alle-10.26.13.png\",\"datePublished\":\"2023-05-22T05:49:51+00:00\",\"dateModified\":\"2023-05-22T05:49:51+00:00\",\"author\":{\"@id\":\"https:\/\/www.italiaeconomiaonline.it\/web\/#\/schema\/person\/909a49cce752523b020fbc37d5ab1c31\"},\"breadcrumb\":{\"@id\":\"http:\/\/www.italiaeconomiaonline.it\/web\/trasferite-allinps-le-funzioni-di-accertamento-sanitario-e-medico-legale\/#breadcrumb\"},\"inLanguage\":\"it-IT\",\"potentialAction\":[{\"@type\":\"ReadAction\",\"target\":[\"http:\/\/www.italiaeconomiaonline.it\/web\/trasferite-allinps-le-funzioni-di-accertamento-sanitario-e-medico-legale\/\"]}]},{\"@type\":\"ImageObject\",\"inLanguage\":\"it-IT\",\"@id\":\"http:\/\/www.italiaeconomiaonline.it\/web\/trasferite-allinps-le-funzioni-di-accertamento-sanitario-e-medico-legale\/#primaryimage\",\"url\":\"https:\/\/www.italiaeconomiaonline.it\/web\/wp-content\/uploads\/2021\/01\/Schermata-2021-01-11-alle-10.26.13.png\",\"contentUrl\":\"https:\/\/www.italiaeconomiaonline.it\/web\/wp-content\/uploads\/2021\/01\/Schermata-2021-01-11-alle-10.26.13.png\",\"width\":1526,\"height\":990},{\"@type\":\"BreadcrumbList\",\"@id\":\"http:\/\/www.italiaeconomiaonline.it\/web\/trasferite-allinps-le-funzioni-di-accertamento-sanitario-e-medico-legale\/#breadcrumb\",\"itemListElement\":[{\"@type\":\"ListItem\",\"position\":1,\"name\":\"Home\",\"item\":\"https:\/\/www.italiaeconomiaonline.it\/web\/\"},{\"@type\":\"ListItem\",\"position\":2,\"name\":\"Trasferite all\u2019Inps le funzioni di accertamento sanitario e medico-legale\"}]},{\"@type\":\"WebSite\",\"@id\":\"https:\/\/www.italiaeconomiaonline.it\/web\/#website\",\"url\":\"https:\/\/www.italiaeconomiaonline.it\/web\/\",\"name\":\"ItaliaEconomiaOnline\",\"description\":\"Quotidiano Economico Online\",\"potentialAction\":[{\"@type\":\"SearchAction\",\"target\":{\"@type\":\"EntryPoint\",\"urlTemplate\":\"https:\/\/www.italiaeconomiaonline.it\/web\/?s={search_term_string}\"},\"query-input\":\"required name=search_term_string\"}],\"inLanguage\":\"it-IT\"},{\"@type\":\"Person\",\"@id\":\"https:\/\/www.italiaeconomiaonline.it\/web\/#\/schema\/person\/909a49cce752523b020fbc37d5ab1c31\",\"name\":\"ladyitaliaeconomia\",\"image\":{\"@type\":\"ImageObject\",\"inLanguage\":\"it-IT\",\"@id\":\"https:\/\/www.italiaeconomiaonline.it\/web\/#\/schema\/person\/image\/\",\"url\":\"https:\/\/secure.gravatar.com\/avatar\/cedca10ce7416a579b9fa6bce9c0a8f2?s=96&d=mm&r=g\",\"contentUrl\":\"https:\/\/secure.gravatar.com\/avatar\/cedca10ce7416a579b9fa6bce9c0a8f2?s=96&d=mm&r=g\",\"caption\":\"ladyitaliaeconomia\"},\"url\":\"https:\/\/www.italiaeconomiaonline.it\/web\/author\/ladyitaliaeconomia\/\"}]}<\/script>\n<!-- \/ Yoast SEO plugin. -->","yoast_head_json":{"title":"Trasferite all\u2019Inps le funzioni di accertamento sanitario e medico-legale -","robots":{"index":"index","follow":"follow","max-snippet":"max-snippet:-1","max-image-preview":"max-image-preview:large","max-video-preview":"max-video-preview:-1"},"canonical":"http:\/\/www.italiaeconomiaonline.it\/web\/trasferite-allinps-le-funzioni-di-accertamento-sanitario-e-medico-legale\/","og_locale":"it_IT","og_type":"article","og_title":"Trasferite all\u2019Inps le funzioni di accertamento sanitario e medico-legale -","og_description":"Come previsto dal DL 73\/2022 (che ha trasferito all\u2019Inps le funzioni precedentemente in capo al Ministero dell\u2019economia e finanze), dal prossimo primo giugno sar\u00e0 competenza dell\u2019Istituto effettuare gli accertamenti di idoneit\u00e0 e inabilit\u00e0 dei dipendenti pubblici e di accertamento medico-legale per alcune specifiche categorie di cittadini-utenti. Quindi, a partire da questa data, gli enti, le [&hellip;]","og_url":"http:\/\/www.italiaeconomiaonline.it\/web\/trasferite-allinps-le-funzioni-di-accertamento-sanitario-e-medico-legale\/","og_site_name":"ItaliaEconomiaOnline","article_published_time":"2023-05-22T05:49:51+00:00","og_image":[{"width":1526,"height":990,"url":"http:\/\/www.italiaeconomiaonline.it\/web\/wp-content\/uploads\/2021\/01\/Schermata-2021-01-11-alle-10.26.13.png","type":"image\/png"}],"author":"ladyitaliaeconomia","twitter_card":"summary_large_image","twitter_misc":{"Scritto da":"ladyitaliaeconomia","Tempo di lettura stimato":"2 minuti"},"schema":{"@context":"https:\/\/schema.org","@graph":[{"@type":"WebPage","@id":"http:\/\/www.italiaeconomiaonline.it\/web\/trasferite-allinps-le-funzioni-di-accertamento-sanitario-e-medico-legale\/","url":"http:\/\/www.italiaeconomiaonline.it\/web\/trasferite-allinps-le-funzioni-di-accertamento-sanitario-e-medico-legale\/","name":"Trasferite all\u2019Inps le funzioni di accertamento sanitario e medico-legale -","isPartOf":{"@id":"https:\/\/www.italiaeconomiaonline.it\/web\/#website"},"primaryImageOfPage":{"@id":"http:\/\/www.italiaeconomiaonline.it\/web\/trasferite-allinps-le-funzioni-di-accertamento-sanitario-e-medico-legale\/#primaryimage"},"image":{"@id":"http:\/\/www.italiaeconomiaonline.it\/web\/trasferite-allinps-le-funzioni-di-accertamento-sanitario-e-medico-legale\/#primaryimage"},"thumbnailUrl":"https:\/\/www.italiaeconomiaonline.it\/web\/wp-content\/uploads\/2021\/01\/Schermata-2021-01-11-alle-10.26.13.png","datePublished":"2023-05-22T05:49:51+00:00","dateModified":"2023-05-22T05:49:51+00:00","author":{"@id":"https:\/\/www.italiaeconomiaonline.it\/web\/#\/schema\/person\/909a49cce752523b020fbc37d5ab1c31"},"breadcrumb":{"@id":"http:\/\/www.italiaeconomiaonline.it\/web\/trasferite-allinps-le-funzioni-di-accertamento-sanitario-e-medico-legale\/#breadcrumb"},"inLanguage":"it-IT","potentialAction":[{"@type":"ReadAction","target":["http:\/\/www.italiaeconomiaonline.it\/web\/trasferite-allinps-le-funzioni-di-accertamento-sanitario-e-medico-legale\/"]}]},{"@type":"ImageObject","inLanguage":"it-IT","@id":"http:\/\/www.italiaeconomiaonline.it\/web\/trasferite-allinps-le-funzioni-di-accertamento-sanitario-e-medico-legale\/#primaryimage","url":"https:\/\/www.italiaeconomiaonline.it\/web\/wp-content\/uploads\/2021\/01\/Schermata-2021-01-11-alle-10.26.13.png","contentUrl":"https:\/\/www.italiaeconomiaonline.it\/web\/wp-content\/uploads\/2021\/01\/Schermata-2021-01-11-alle-10.26.13.png","width":1526,"height":990},{"@type":"BreadcrumbList","@id":"http:\/\/www.italiaeconomiaonline.it\/web\/trasferite-allinps-le-funzioni-di-accertamento-sanitario-e-medico-legale\/#breadcrumb","itemListElement":[{"@type":"ListItem","position":1,"name":"Home","item":"https:\/\/www.italiaeconomiaonline.it\/web\/"},{"@type":"ListItem","position":2,"name":"Trasferite all\u2019Inps le funzioni di accertamento sanitario e medico-legale"}]},{"@type":"WebSite","@id":"https:\/\/www.italiaeconomiaonline.it\/web\/#website","url":"https:\/\/www.italiaeconomiaonline.it\/web\/","name":"ItaliaEconomiaOnline","description":"Quotidiano Economico Online","potentialAction":[{"@type":"SearchAction","target":{"@type":"EntryPoint","urlTemplate":"https:\/\/www.italiaeconomiaonline.it\/web\/?s={search_term_string}"},"query-input":"required name=search_term_string"}],"inLanguage":"it-IT"},{"@type":"Person","@id":"https:\/\/www.italiaeconomiaonline.it\/web\/#\/schema\/person\/909a49cce752523b020fbc37d5ab1c31","name":"ladyitaliaeconomia","image":{"@type":"ImageObject","inLanguage":"it-IT","@id":"https:\/\/www.italiaeconomiaonline.it\/web\/#\/schema\/person\/image\/","url":"https:\/\/secure.gravatar.com\/avatar\/cedca10ce7416a579b9fa6bce9c0a8f2?s=96&d=mm&r=g","contentUrl":"https:\/\/secure.gravatar.com\/avatar\/cedca10ce7416a579b9fa6bce9c0a8f2?s=96&d=mm&r=g","caption":"ladyitaliaeconomia"},"url":"https:\/\/www.italiaeconomiaonline.it\/web\/author\/ladyitaliaeconomia\/"}]}},"_links":{"self":[{"href":"https:\/\/www.italiaeconomiaonline.it\/web\/wp-json\/wp\/v2\/posts\/7203"}],"collection":[{"href":"https:\/\/www.italiaeconomiaonline.it\/web\/wp-json\/wp\/v2\/posts"}],"about":[{"href":"https:\/\/www.italiaeconomiaonline.it\/web\/wp-json\/wp\/v2\/types\/post"}],"author":[{"embeddable":true,"href":"https:\/\/www.italiaeconomiaonline.it\/web\/wp-json\/wp\/v2\/users\/1"}],"replies":[{"embeddable":true,"href":"https:\/\/www.italiaeconomiaonline.it\/web\/wp-json\/wp\/v2\/comments?post=7203"}],"version-history":[{"count":1,"href":"https:\/\/www.italiaeconomiaonline.it\/web\/wp-json\/wp\/v2\/posts\/7203\/revisions"}],"predecessor-version":[{"id":7204,"href":"https:\/\/www.italiaeconomiaonline.it\/web\/wp-json\/wp\/v2\/posts\/7203\/revisions\/7204"}],"wp:featuredmedia":[{"embeddable":true,"href":"https:\/\/www.italiaeconomiaonline.it\/web\/wp-json\/wp\/v2\/media\/5058"}],"wp:attachment":[{"href":"https:\/\/www.italiaeconomiaonline.it\/web\/wp-json\/wp\/v2\/media?parent=7203"}],"wp:term":[{"taxonomy":"category","embeddable":true,"href":"https:\/\/www.italiaeconomiaonline.it\/web\/wp-json\/wp\/v2\/categories?post=7203"},{"taxonomy":"post_tag","embeddable":true,"href":"https:\/\/www.italiaeconomiaonline.it\/web\/wp-json\/wp\/v2\/tags?post=7203"}],"curies":[{"name":"wp","href":"https:\/\/api.w.org\/{rel}","templated":true}]}}