{"id":7221,"date":"2023-06-07T23:46:22","date_gmt":"2023-06-07T21:46:22","guid":{"rendered":"https:\/\/www.italiaeconomiaonline.it\/web\/?p=7221"},"modified":"2023-06-07T23:46:22","modified_gmt":"2023-06-07T21:46:22","slug":"vendite-confesercenti-crescita-e-illusione-ottica-da-inflazione","status":"publish","type":"post","link":"https:\/\/www.italiaeconomiaonline.it\/web\/vendite-confesercenti-crescita-e-illusione-ottica-da-inflazione\/","title":{"rendered":"Vendite: Confesercenti, crescita \u00e8 illusione ottica da inflazione"},"content":{"rendered":"<p class=\"xmprfx_xmsonormal\">I dati di aprile di Istat confermano, ancora una volta, l&#8217;illusione ottica della crescita delle vendite del commercio al dettaglio che, al netto dell&#8217;inflazione, certificano invece continui nuovi cali. Se il dato rispetto allo stesso mese dello scorso anno \u00e8 infatti molto positivo (+3,2%), in volume la diminuzione \u00e8 significativa (-4,8%). E la situazione per le piccole superfici di vendita \u00e8 molto preoccupante: a fronte di un calo ad aprile di -1,1% in valore, segnano un vero e proprio crollo in volume del -9,1%.<\/p>\n<p class=\"xmprfx_xmsonormal\">Cos\u00ec Confesercenti.<\/p>\n<p class=\"xmprfx_xmsonormal\">Uno scenario preoccupante per famiglie ed imprese: nei primi 4 mesi di quest&#8217;anno si registra, infatti, nel complesso, una riduzione in volume degli acquisti pari al 3,5%, con punte di quasi il -5% per gli alimentari. Si spende dunque di pi\u00f9 e si acquista di meno, l\u2019inflazione energetica brucia il potere d\u2019acquisto delle famiglie, erode i risparmi ed incide pesantemente sui consumi.<\/p>\n<p class=\"xmprfx_xmsonormal\">Per questo auspichiamo che il Governo intervenga con tempestivit\u00e0 con misure volte a favorire il recupero del potere d\u2019acquisto delle famiglie e la capacit\u00e0 di consumo e sostegni alle imprese. Un\u2019inflazione sopra il 2% fino al 2025 rischia, infatti, di bruciare altri 10 miliardi di potere d\u2019acquisto in tre anni e potrebbe depotenziare gli effetti positivi della stessa riforma fiscale. Fondamentale \u00e8, inoltre, la detassazione degli aumenti retributivi per generare 2,9 miliardi di euro di consumi e scongiurare la chiusura di nuove attivit\u00e0.<\/p>\n","protected":false},"excerpt":{"rendered":"<p>I dati di aprile di Istat confermano, ancora una volta, l&#8217;illusione ottica della crescita delle vendite del commercio al dettaglio che, al netto dell&#8217;inflazione, certificano invece continui nuovi cali. Se il dato rispetto allo stesso mese dello scorso anno \u00e8 infatti molto positivo (+3,2%), in volume la diminuzione \u00e8 significativa (-4,8%). E la situazione per [&hellip;]<\/p>\n","protected":false},"author":1,"featured_media":5058,"comment_status":"closed","ping_status":"open","sticky":false,"template":"","format":"standard","meta":{"footnotes":""},"categories":[56],"tags":[],"yoast_head":"<!-- This site is optimized with the Yoast SEO plugin v22.2 - https:\/\/yoast.com\/wordpress\/plugins\/seo\/ -->\n<title>Vendite: Confesercenti, crescita \u00e8 illusione ottica da inflazione -<\/title>\n<meta name=\"robots\" content=\"index, follow, max-snippet:-1, max-image-preview:large, max-video-preview:-1\" \/>\n<link rel=\"canonical\" href=\"https:\/\/www.italiaeconomiaonline.it\/web\/vendite-confesercenti-crescita-e-illusione-ottica-da-inflazione\/\" \/>\n<meta property=\"og:locale\" content=\"it_IT\" \/>\n<meta property=\"og:type\" content=\"article\" \/>\n<meta property=\"og:title\" content=\"Vendite: Confesercenti, crescita \u00e8 illusione ottica da inflazione -\" \/>\n<meta property=\"og:description\" content=\"I dati di aprile di Istat confermano, ancora una volta, l&#8217;illusione ottica della crescita delle vendite del commercio al dettaglio che, al netto dell&#8217;inflazione, certificano invece continui nuovi cali. Se il dato rispetto allo stesso mese dello scorso anno \u00e8 infatti molto positivo (+3,2%), in volume la diminuzione \u00e8 significativa (-4,8%). E la situazione per [&hellip;]\" \/>\n<meta property=\"og:url\" content=\"https:\/\/www.italiaeconomiaonline.it\/web\/vendite-confesercenti-crescita-e-illusione-ottica-da-inflazione\/\" \/>\n<meta property=\"og:site_name\" content=\"ItaliaEconomiaOnline\" \/>\n<meta property=\"article:published_time\" content=\"2023-06-07T21:46:22+00:00\" \/>\n<meta property=\"og:image\" content=\"https:\/\/www.italiaeconomiaonline.it\/web\/wp-content\/uploads\/2021\/01\/Schermata-2021-01-11-alle-10.26.13.png\" \/>\n\t<meta property=\"og:image:width\" content=\"1526\" \/>\n\t<meta property=\"og:image:height\" content=\"990\" \/>\n\t<meta property=\"og:image:type\" content=\"image\/png\" \/>\n<meta name=\"author\" content=\"ladyitaliaeconomia\" \/>\n<meta name=\"twitter:card\" content=\"summary_large_image\" \/>\n<meta name=\"twitter:label1\" content=\"Scritto da\" \/>\n\t<meta name=\"twitter:data1\" content=\"ladyitaliaeconomia\" \/>\n\t<meta name=\"twitter:label2\" content=\"Tempo di lettura stimato\" \/>\n\t<meta name=\"twitter:data2\" content=\"2 minuti\" \/>\n<script type=\"application\/ld+json\" class=\"yoast-schema-graph\">{\"@context\":\"https:\/\/schema.org\",\"@graph\":[{\"@type\":\"WebPage\",\"@id\":\"https:\/\/www.italiaeconomiaonline.it\/web\/vendite-confesercenti-crescita-e-illusione-ottica-da-inflazione\/\",\"url\":\"https:\/\/www.italiaeconomiaonline.it\/web\/vendite-confesercenti-crescita-e-illusione-ottica-da-inflazione\/\",\"name\":\"Vendite: Confesercenti, crescita \u00e8 illusione ottica da inflazione -\",\"isPartOf\":{\"@id\":\"https:\/\/www.italiaeconomiaonline.it\/web\/#website\"},\"primaryImageOfPage\":{\"@id\":\"https:\/\/www.italiaeconomiaonline.it\/web\/vendite-confesercenti-crescita-e-illusione-ottica-da-inflazione\/#primaryimage\"},\"image\":{\"@id\":\"https:\/\/www.italiaeconomiaonline.it\/web\/vendite-confesercenti-crescita-e-illusione-ottica-da-inflazione\/#primaryimage\"},\"thumbnailUrl\":\"https:\/\/www.italiaeconomiaonline.it\/web\/wp-content\/uploads\/2021\/01\/Schermata-2021-01-11-alle-10.26.13.png\",\"datePublished\":\"2023-06-07T21:46:22+00:00\",\"dateModified\":\"2023-06-07T21:46:22+00:00\",\"author\":{\"@id\":\"https:\/\/www.italiaeconomiaonline.it\/web\/#\/schema\/person\/909a49cce752523b020fbc37d5ab1c31\"},\"breadcrumb\":{\"@id\":\"https:\/\/www.italiaeconomiaonline.it\/web\/vendite-confesercenti-crescita-e-illusione-ottica-da-inflazione\/#breadcrumb\"},\"inLanguage\":\"it-IT\",\"potentialAction\":[{\"@type\":\"ReadAction\",\"target\":[\"https:\/\/www.italiaeconomiaonline.it\/web\/vendite-confesercenti-crescita-e-illusione-ottica-da-inflazione\/\"]}]},{\"@type\":\"ImageObject\",\"inLanguage\":\"it-IT\",\"@id\":\"https:\/\/www.italiaeconomiaonline.it\/web\/vendite-confesercenti-crescita-e-illusione-ottica-da-inflazione\/#primaryimage\",\"url\":\"https:\/\/www.italiaeconomiaonline.it\/web\/wp-content\/uploads\/2021\/01\/Schermata-2021-01-11-alle-10.26.13.png\",\"contentUrl\":\"https:\/\/www.italiaeconomiaonline.it\/web\/wp-content\/uploads\/2021\/01\/Schermata-2021-01-11-alle-10.26.13.png\",\"width\":1526,\"height\":990},{\"@type\":\"BreadcrumbList\",\"@id\":\"https:\/\/www.italiaeconomiaonline.it\/web\/vendite-confesercenti-crescita-e-illusione-ottica-da-inflazione\/#breadcrumb\",\"itemListElement\":[{\"@type\":\"ListItem\",\"position\":1,\"name\":\"Home\",\"item\":\"https:\/\/www.italiaeconomiaonline.it\/web\/\"},{\"@type\":\"ListItem\",\"position\":2,\"name\":\"Vendite: Confesercenti, crescita \u00e8 illusione ottica da inflazione\"}]},{\"@type\":\"WebSite\",\"@id\":\"https:\/\/www.italiaeconomiaonline.it\/web\/#website\",\"url\":\"https:\/\/www.italiaeconomiaonline.it\/web\/\",\"name\":\"ItaliaEconomiaOnline\",\"description\":\"Quotidiano Economico Online\",\"potentialAction\":[{\"@type\":\"SearchAction\",\"target\":{\"@type\":\"EntryPoint\",\"urlTemplate\":\"https:\/\/www.italiaeconomiaonline.it\/web\/?s={search_term_string}\"},\"query-input\":\"required name=search_term_string\"}],\"inLanguage\":\"it-IT\"},{\"@type\":\"Person\",\"@id\":\"https:\/\/www.italiaeconomiaonline.it\/web\/#\/schema\/person\/909a49cce752523b020fbc37d5ab1c31\",\"name\":\"ladyitaliaeconomia\",\"image\":{\"@type\":\"ImageObject\",\"inLanguage\":\"it-IT\",\"@id\":\"https:\/\/www.italiaeconomiaonline.it\/web\/#\/schema\/person\/image\/\",\"url\":\"https:\/\/secure.gravatar.com\/avatar\/cedca10ce7416a579b9fa6bce9c0a8f2?s=96&d=mm&r=g\",\"contentUrl\":\"https:\/\/secure.gravatar.com\/avatar\/cedca10ce7416a579b9fa6bce9c0a8f2?s=96&d=mm&r=g\",\"caption\":\"ladyitaliaeconomia\"},\"url\":\"https:\/\/www.italiaeconomiaonline.it\/web\/author\/ladyitaliaeconomia\/\"}]}<\/script>\n<!-- \/ Yoast SEO plugin. -->","yoast_head_json":{"title":"Vendite: Confesercenti, crescita \u00e8 illusione ottica da inflazione -","robots":{"index":"index","follow":"follow","max-snippet":"max-snippet:-1","max-image-preview":"max-image-preview:large","max-video-preview":"max-video-preview:-1"},"canonical":"https:\/\/www.italiaeconomiaonline.it\/web\/vendite-confesercenti-crescita-e-illusione-ottica-da-inflazione\/","og_locale":"it_IT","og_type":"article","og_title":"Vendite: Confesercenti, crescita \u00e8 illusione ottica da inflazione -","og_description":"I dati di aprile di Istat confermano, ancora una volta, l&#8217;illusione ottica della crescita delle vendite del commercio al dettaglio che, al netto dell&#8217;inflazione, certificano invece continui nuovi cali. Se il dato rispetto allo stesso mese dello scorso anno \u00e8 infatti molto positivo (+3,2%), in volume la diminuzione \u00e8 significativa (-4,8%). E la situazione per [&hellip;]","og_url":"https:\/\/www.italiaeconomiaonline.it\/web\/vendite-confesercenti-crescita-e-illusione-ottica-da-inflazione\/","og_site_name":"ItaliaEconomiaOnline","article_published_time":"2023-06-07T21:46:22+00:00","og_image":[{"width":1526,"height":990,"url":"https:\/\/www.italiaeconomiaonline.it\/web\/wp-content\/uploads\/2021\/01\/Schermata-2021-01-11-alle-10.26.13.png","type":"image\/png"}],"author":"ladyitaliaeconomia","twitter_card":"summary_large_image","twitter_misc":{"Scritto da":"ladyitaliaeconomia","Tempo di lettura stimato":"2 minuti"},"schema":{"@context":"https:\/\/schema.org","@graph":[{"@type":"WebPage","@id":"https:\/\/www.italiaeconomiaonline.it\/web\/vendite-confesercenti-crescita-e-illusione-ottica-da-inflazione\/","url":"https:\/\/www.italiaeconomiaonline.it\/web\/vendite-confesercenti-crescita-e-illusione-ottica-da-inflazione\/","name":"Vendite: Confesercenti, crescita \u00e8 illusione ottica da inflazione -","isPartOf":{"@id":"https:\/\/www.italiaeconomiaonline.it\/web\/#website"},"primaryImageOfPage":{"@id":"https:\/\/www.italiaeconomiaonline.it\/web\/vendite-confesercenti-crescita-e-illusione-ottica-da-inflazione\/#primaryimage"},"image":{"@id":"https:\/\/www.italiaeconomiaonline.it\/web\/vendite-confesercenti-crescita-e-illusione-ottica-da-inflazione\/#primaryimage"},"thumbnailUrl":"https:\/\/www.italiaeconomiaonline.it\/web\/wp-content\/uploads\/2021\/01\/Schermata-2021-01-11-alle-10.26.13.png","datePublished":"2023-06-07T21:46:22+00:00","dateModified":"2023-06-07T21:46:22+00:00","author":{"@id":"https:\/\/www.italiaeconomiaonline.it\/web\/#\/schema\/person\/909a49cce752523b020fbc37d5ab1c31"},"breadcrumb":{"@id":"https:\/\/www.italiaeconomiaonline.it\/web\/vendite-confesercenti-crescita-e-illusione-ottica-da-inflazione\/#breadcrumb"},"inLanguage":"it-IT","potentialAction":[{"@type":"ReadAction","target":["https:\/\/www.italiaeconomiaonline.it\/web\/vendite-confesercenti-crescita-e-illusione-ottica-da-inflazione\/"]}]},{"@type":"ImageObject","inLanguage":"it-IT","@id":"https:\/\/www.italiaeconomiaonline.it\/web\/vendite-confesercenti-crescita-e-illusione-ottica-da-inflazione\/#primaryimage","url":"https:\/\/www.italiaeconomiaonline.it\/web\/wp-content\/uploads\/2021\/01\/Schermata-2021-01-11-alle-10.26.13.png","contentUrl":"https:\/\/www.italiaeconomiaonline.it\/web\/wp-content\/uploads\/2021\/01\/Schermata-2021-01-11-alle-10.26.13.png","width":1526,"height":990},{"@type":"BreadcrumbList","@id":"https:\/\/www.italiaeconomiaonline.it\/web\/vendite-confesercenti-crescita-e-illusione-ottica-da-inflazione\/#breadcrumb","itemListElement":[{"@type":"ListItem","position":1,"name":"Home","item":"https:\/\/www.italiaeconomiaonline.it\/web\/"},{"@type":"ListItem","position":2,"name":"Vendite: Confesercenti, crescita \u00e8 illusione ottica da inflazione"}]},{"@type":"WebSite","@id":"https:\/\/www.italiaeconomiaonline.it\/web\/#website","url":"https:\/\/www.italiaeconomiaonline.it\/web\/","name":"ItaliaEconomiaOnline","description":"Quotidiano Economico Online","potentialAction":[{"@type":"SearchAction","target":{"@type":"EntryPoint","urlTemplate":"https:\/\/www.italiaeconomiaonline.it\/web\/?s={search_term_string}"},"query-input":"required name=search_term_string"}],"inLanguage":"it-IT"},{"@type":"Person","@id":"https:\/\/www.italiaeconomiaonline.it\/web\/#\/schema\/person\/909a49cce752523b020fbc37d5ab1c31","name":"ladyitaliaeconomia","image":{"@type":"ImageObject","inLanguage":"it-IT","@id":"https:\/\/www.italiaeconomiaonline.it\/web\/#\/schema\/person\/image\/","url":"https:\/\/secure.gravatar.com\/avatar\/cedca10ce7416a579b9fa6bce9c0a8f2?s=96&d=mm&r=g","contentUrl":"https:\/\/secure.gravatar.com\/avatar\/cedca10ce7416a579b9fa6bce9c0a8f2?s=96&d=mm&r=g","caption":"ladyitaliaeconomia"},"url":"https:\/\/www.italiaeconomiaonline.it\/web\/author\/ladyitaliaeconomia\/"}]}},"_links":{"self":[{"href":"https:\/\/www.italiaeconomiaonline.it\/web\/wp-json\/wp\/v2\/posts\/7221"}],"collection":[{"href":"https:\/\/www.italiaeconomiaonline.it\/web\/wp-json\/wp\/v2\/posts"}],"about":[{"href":"https:\/\/www.italiaeconomiaonline.it\/web\/wp-json\/wp\/v2\/types\/post"}],"author":[{"embeddable":true,"href":"https:\/\/www.italiaeconomiaonline.it\/web\/wp-json\/wp\/v2\/users\/1"}],"replies":[{"embeddable":true,"href":"https:\/\/www.italiaeconomiaonline.it\/web\/wp-json\/wp\/v2\/comments?post=7221"}],"version-history":[{"count":1,"href":"https:\/\/www.italiaeconomiaonline.it\/web\/wp-json\/wp\/v2\/posts\/7221\/revisions"}],"predecessor-version":[{"id":7222,"href":"https:\/\/www.italiaeconomiaonline.it\/web\/wp-json\/wp\/v2\/posts\/7221\/revisions\/7222"}],"wp:featuredmedia":[{"embeddable":true,"href":"https:\/\/www.italiaeconomiaonline.it\/web\/wp-json\/wp\/v2\/media\/5058"}],"wp:attachment":[{"href":"https:\/\/www.italiaeconomiaonline.it\/web\/wp-json\/wp\/v2\/media?parent=7221"}],"wp:term":[{"taxonomy":"category","embeddable":true,"href":"https:\/\/www.italiaeconomiaonline.it\/web\/wp-json\/wp\/v2\/categories?post=7221"},{"taxonomy":"post_tag","embeddable":true,"href":"https:\/\/www.italiaeconomiaonline.it\/web\/wp-json\/wp\/v2\/tags?post=7221"}],"curies":[{"name":"wp","href":"https:\/\/api.w.org\/{rel}","templated":true}]}}