{"id":7224,"date":"2023-06-19T16:14:05","date_gmt":"2023-06-19T14:14:05","guid":{"rendered":"https:\/\/www.italiaeconomiaonline.it\/web\/?p=7224"},"modified":"2023-06-28T10:55:07","modified_gmt":"2023-06-28T08:55:07","slug":"migranti-intesa-coldiretti-e4impact-per-sviluppo-africa","status":"publish","type":"post","link":"https:\/\/www.italiaeconomiaonline.it\/web\/migranti-intesa-coldiretti-e4impact-per-sviluppo-africa\/","title":{"rendered":"Migranti: Intesa Coldiretti,  E4impact per sviluppo Africa"},"content":{"rendered":"<p class=\"xmprfx_MsoNormal\"><b>Coldiretti,\u00a0<\/b>la pi\u00f9 grande organizzazione di rappresentanza dell&#8217;agricoltura italiana, entra a far parte della\u00a0<b>Fondazione E4Impact\u00a0<\/b>per promuovere un&#8217;agricoltura sostenibile e responsabile in Africa e fornire una alternativa concreta al fenomeno delle migrazioni.<b>\u00a0<\/b><\/p>\n<p class=\"xmprfx_MsoNormal\">Coldiretti estende il proprio impegno a livello internazionale, sostenendo l&#8217;imprenditoria agricola in Africa attraverso la Fondazione E4Impact, organizzazione che promuove lo sviluppo del continente africano tramite programmi di imprenditoria a forte impatto sociale.<\/p>\n<p class=\"xmprfx_MsoNormal\">La\u00a0collaborazione \u00e8 finalizzata a rafforzare la cooperazione con i paesi in via di sviluppo, promuovendo progetti di formazione e il trasferimento di know-how ai giovani imprenditori dei paesi emergenti.\u00a0<b>E4Impact collaborer\u00e0 con Coldiretti per fornire formazione e supporto tecnico agli imprenditori agricoli africani<\/b>, con l&#8217;obiettivo di migliorare la loro produttivit\u00e0 e competitivit\u00e0 sui mercati locali ed internazionali, perseguendo l&#8217;obiettivo comune di\u00a0<b>creare una rete di imprenditori agricoli e di promuovere lo sviluppo sostenibile del continente africano.<\/b><\/p>\n<p class=\"xmprfx_MsoNormal\"><i>\u201c\u00c8 sempre stimolante accogliere un nuovo partner nella nostra missione per promuovere l&#8217;imprenditoria sociale e sostenibile in Africa. L&#8217;ingresso di Coldiretti rappresenta per noi un&#8217;opportunit\u00e0 unica di accedere alla sua esperienza e competenza nel settore agricolo, che ci aiuter\u00e0 a sostenere l&#8217;imprenditoria agricola sostenibile in Africa\u201d\u00a0<\/i>ha dichiarato\u00a0<b>Letizia Moratti, Presidente della Fondazione E4Impact<\/b><i>. \u201cSiamo convinti che la partnership tra Fondazione E4Impact e Coldiretti possa portare a risultati tangibili e positivi per le comunit\u00e0 locali africane e per il futuro sostenibile del continente.&#8221;<\/i><\/p>\n<p class=\"xmprfx_MsoNormal\"><i>\u201cL\u2019obiettivo \u00e8 esportare un modello di sviluppo che punti sulla valorizzazione delle realt\u00e0 locali, sfruttando le potenzialit\u00e0 dell\u2019impresa familiare e sostenendo cos\u00ec i piccoli produttori del Sud del mondo, minacciati dalla distorsione nei sistemi di produzione e distribuzione degli alimenti che favorisce l\u2019accaparramento delle terre e provoca la fuga dalle campagne verso i Paesi pi\u00f9 ricchi dove spesso li attendono la sofferenza e l\u2019emarginazione\u201d\u00a0<\/i><b>ha sottolineato il<i>\u00a0Presidente di Coldiretti, Ettore Prandini<\/i><\/b><i>\u00a0nel sottolineare che \u201c\u00e8 importante favorire filiere di prodotti locali destinati a soddisfare il fabbisogno alimentare del territorio anche attraverso la creazione di mercati contadini a chilometri zero secondo il modello promosso da Campagna Amica con la World Farmers Market Coalition\u201d.<\/i><\/p>\n","protected":false},"excerpt":{"rendered":"<p>Coldiretti,\u00a0la pi\u00f9 grande organizzazione di rappresentanza dell&#8217;agricoltura italiana, entra a far parte della\u00a0Fondazione E4Impact\u00a0per promuovere un&#8217;agricoltura sostenibile e responsabile in Africa e fornire una alternativa concreta al fenomeno delle migrazioni.\u00a0 Coldiretti estende il proprio impegno a livello internazionale, sostenendo l&#8217;imprenditoria agricola in Africa attraverso la Fondazione E4Impact, organizzazione che promuove lo sviluppo del continente africano [&hellip;]<\/p>\n","protected":false},"author":1,"featured_media":1750,"comment_status":"closed","ping_status":"open","sticky":false,"template":"","format":"standard","meta":{"footnotes":""},"categories":[1875],"tags":[],"yoast_head":"<!-- This site is optimized with the Yoast SEO plugin v22.2 - https:\/\/yoast.com\/wordpress\/plugins\/seo\/ -->\n<title>Migranti: Intesa Coldiretti, E4impact per sviluppo Africa -<\/title>\n<meta name=\"robots\" content=\"index, follow, max-snippet:-1, max-image-preview:large, max-video-preview:-1\" \/>\n<link rel=\"canonical\" href=\"https:\/\/www.italiaeconomiaonline.it\/web\/migranti-intesa-coldiretti-e4impact-per-sviluppo-africa\/\" \/>\n<meta property=\"og:locale\" content=\"it_IT\" \/>\n<meta property=\"og:type\" content=\"article\" \/>\n<meta property=\"og:title\" content=\"Migranti: Intesa Coldiretti, E4impact per sviluppo Africa -\" \/>\n<meta property=\"og:description\" content=\"Coldiretti,\u00a0la pi\u00f9 grande organizzazione di rappresentanza dell&#8217;agricoltura italiana, entra a far parte della\u00a0Fondazione E4Impact\u00a0per promuovere un&#8217;agricoltura sostenibile e responsabile in Africa e fornire una alternativa concreta al fenomeno delle migrazioni.\u00a0 Coldiretti estende il proprio impegno a livello internazionale, sostenendo l&#8217;imprenditoria agricola in Africa attraverso la Fondazione E4Impact, organizzazione che promuove lo sviluppo del continente africano [&hellip;]\" \/>\n<meta property=\"og:url\" content=\"https:\/\/www.italiaeconomiaonline.it\/web\/migranti-intesa-coldiretti-e4impact-per-sviluppo-africa\/\" \/>\n<meta property=\"og:site_name\" content=\"ItaliaEconomiaOnline\" \/>\n<meta property=\"article:published_time\" content=\"2023-06-19T14:14:05+00:00\" \/>\n<meta property=\"article:modified_time\" content=\"2023-06-28T08:55:07+00:00\" \/>\n<meta property=\"og:image\" content=\"https:\/\/www.italiaeconomiaonline.it\/web\/wp-content\/uploads\/2019\/09\/migranti.jpg\" \/>\n\t<meta property=\"og:image:width\" content=\"960\" \/>\n\t<meta property=\"og:image:height\" content=\"566\" \/>\n\t<meta property=\"og:image:type\" content=\"image\/jpeg\" \/>\n<meta name=\"author\" content=\"ladyitaliaeconomia\" \/>\n<meta name=\"twitter:card\" content=\"summary_large_image\" \/>\n<meta name=\"twitter:label1\" content=\"Scritto da\" \/>\n\t<meta name=\"twitter:data1\" content=\"ladyitaliaeconomia\" \/>\n\t<meta name=\"twitter:label2\" content=\"Tempo di lettura stimato\" \/>\n\t<meta name=\"twitter:data2\" content=\"2 minuti\" \/>\n<script type=\"application\/ld+json\" class=\"yoast-schema-graph\">{\"@context\":\"https:\/\/schema.org\",\"@graph\":[{\"@type\":\"WebPage\",\"@id\":\"https:\/\/www.italiaeconomiaonline.it\/web\/migranti-intesa-coldiretti-e4impact-per-sviluppo-africa\/\",\"url\":\"https:\/\/www.italiaeconomiaonline.it\/web\/migranti-intesa-coldiretti-e4impact-per-sviluppo-africa\/\",\"name\":\"Migranti: Intesa Coldiretti, E4impact per sviluppo Africa -\",\"isPartOf\":{\"@id\":\"https:\/\/www.italiaeconomiaonline.it\/web\/#website\"},\"primaryImageOfPage\":{\"@id\":\"https:\/\/www.italiaeconomiaonline.it\/web\/migranti-intesa-coldiretti-e4impact-per-sviluppo-africa\/#primaryimage\"},\"image\":{\"@id\":\"https:\/\/www.italiaeconomiaonline.it\/web\/migranti-intesa-coldiretti-e4impact-per-sviluppo-africa\/#primaryimage\"},\"thumbnailUrl\":\"https:\/\/www.italiaeconomiaonline.it\/web\/wp-content\/uploads\/2019\/09\/migranti.jpg\",\"datePublished\":\"2023-06-19T14:14:05+00:00\",\"dateModified\":\"2023-06-28T08:55:07+00:00\",\"author\":{\"@id\":\"https:\/\/www.italiaeconomiaonline.it\/web\/#\/schema\/person\/909a49cce752523b020fbc37d5ab1c31\"},\"breadcrumb\":{\"@id\":\"https:\/\/www.italiaeconomiaonline.it\/web\/migranti-intesa-coldiretti-e4impact-per-sviluppo-africa\/#breadcrumb\"},\"inLanguage\":\"it-IT\",\"potentialAction\":[{\"@type\":\"ReadAction\",\"target\":[\"https:\/\/www.italiaeconomiaonline.it\/web\/migranti-intesa-coldiretti-e4impact-per-sviluppo-africa\/\"]}]},{\"@type\":\"ImageObject\",\"inLanguage\":\"it-IT\",\"@id\":\"https:\/\/www.italiaeconomiaonline.it\/web\/migranti-intesa-coldiretti-e4impact-per-sviluppo-africa\/#primaryimage\",\"url\":\"https:\/\/www.italiaeconomiaonline.it\/web\/wp-content\/uploads\/2019\/09\/migranti.jpg\",\"contentUrl\":\"https:\/\/www.italiaeconomiaonline.it\/web\/wp-content\/uploads\/2019\/09\/migranti.jpg\",\"width\":960,\"height\":566},{\"@type\":\"BreadcrumbList\",\"@id\":\"https:\/\/www.italiaeconomiaonline.it\/web\/migranti-intesa-coldiretti-e4impact-per-sviluppo-africa\/#breadcrumb\",\"itemListElement\":[{\"@type\":\"ListItem\",\"position\":1,\"name\":\"Home\",\"item\":\"https:\/\/www.italiaeconomiaonline.it\/web\/\"},{\"@type\":\"ListItem\",\"position\":2,\"name\":\"Migranti: Intesa Coldiretti, E4impact per sviluppo Africa\"}]},{\"@type\":\"WebSite\",\"@id\":\"https:\/\/www.italiaeconomiaonline.it\/web\/#website\",\"url\":\"https:\/\/www.italiaeconomiaonline.it\/web\/\",\"name\":\"ItaliaEconomiaOnline\",\"description\":\"Quotidiano Economico Online\",\"potentialAction\":[{\"@type\":\"SearchAction\",\"target\":{\"@type\":\"EntryPoint\",\"urlTemplate\":\"https:\/\/www.italiaeconomiaonline.it\/web\/?s={search_term_string}\"},\"query-input\":\"required name=search_term_string\"}],\"inLanguage\":\"it-IT\"},{\"@type\":\"Person\",\"@id\":\"https:\/\/www.italiaeconomiaonline.it\/web\/#\/schema\/person\/909a49cce752523b020fbc37d5ab1c31\",\"name\":\"ladyitaliaeconomia\",\"image\":{\"@type\":\"ImageObject\",\"inLanguage\":\"it-IT\",\"@id\":\"https:\/\/www.italiaeconomiaonline.it\/web\/#\/schema\/person\/image\/\",\"url\":\"https:\/\/secure.gravatar.com\/avatar\/cedca10ce7416a579b9fa6bce9c0a8f2?s=96&d=mm&r=g\",\"contentUrl\":\"https:\/\/secure.gravatar.com\/avatar\/cedca10ce7416a579b9fa6bce9c0a8f2?s=96&d=mm&r=g\",\"caption\":\"ladyitaliaeconomia\"},\"url\":\"https:\/\/www.italiaeconomiaonline.it\/web\/author\/ladyitaliaeconomia\/\"}]}<\/script>\n<!-- \/ Yoast SEO plugin. -->","yoast_head_json":{"title":"Migranti: Intesa Coldiretti, E4impact per sviluppo Africa -","robots":{"index":"index","follow":"follow","max-snippet":"max-snippet:-1","max-image-preview":"max-image-preview:large","max-video-preview":"max-video-preview:-1"},"canonical":"https:\/\/www.italiaeconomiaonline.it\/web\/migranti-intesa-coldiretti-e4impact-per-sviluppo-africa\/","og_locale":"it_IT","og_type":"article","og_title":"Migranti: Intesa Coldiretti, E4impact per sviluppo Africa -","og_description":"Coldiretti,\u00a0la pi\u00f9 grande organizzazione di rappresentanza dell&#8217;agricoltura italiana, entra a far parte della\u00a0Fondazione E4Impact\u00a0per promuovere un&#8217;agricoltura sostenibile e responsabile in Africa e fornire una alternativa concreta al fenomeno delle migrazioni.\u00a0 Coldiretti estende il proprio impegno a livello internazionale, sostenendo l&#8217;imprenditoria agricola in Africa attraverso la Fondazione E4Impact, organizzazione che promuove lo sviluppo del continente africano [&hellip;]","og_url":"https:\/\/www.italiaeconomiaonline.it\/web\/migranti-intesa-coldiretti-e4impact-per-sviluppo-africa\/","og_site_name":"ItaliaEconomiaOnline","article_published_time":"2023-06-19T14:14:05+00:00","article_modified_time":"2023-06-28T08:55:07+00:00","og_image":[{"width":960,"height":566,"url":"https:\/\/www.italiaeconomiaonline.it\/web\/wp-content\/uploads\/2019\/09\/migranti.jpg","type":"image\/jpeg"}],"author":"ladyitaliaeconomia","twitter_card":"summary_large_image","twitter_misc":{"Scritto da":"ladyitaliaeconomia","Tempo di lettura stimato":"2 minuti"},"schema":{"@context":"https:\/\/schema.org","@graph":[{"@type":"WebPage","@id":"https:\/\/www.italiaeconomiaonline.it\/web\/migranti-intesa-coldiretti-e4impact-per-sviluppo-africa\/","url":"https:\/\/www.italiaeconomiaonline.it\/web\/migranti-intesa-coldiretti-e4impact-per-sviluppo-africa\/","name":"Migranti: Intesa Coldiretti, E4impact per sviluppo Africa -","isPartOf":{"@id":"https:\/\/www.italiaeconomiaonline.it\/web\/#website"},"primaryImageOfPage":{"@id":"https:\/\/www.italiaeconomiaonline.it\/web\/migranti-intesa-coldiretti-e4impact-per-sviluppo-africa\/#primaryimage"},"image":{"@id":"https:\/\/www.italiaeconomiaonline.it\/web\/migranti-intesa-coldiretti-e4impact-per-sviluppo-africa\/#primaryimage"},"thumbnailUrl":"https:\/\/www.italiaeconomiaonline.it\/web\/wp-content\/uploads\/2019\/09\/migranti.jpg","datePublished":"2023-06-19T14:14:05+00:00","dateModified":"2023-06-28T08:55:07+00:00","author":{"@id":"https:\/\/www.italiaeconomiaonline.it\/web\/#\/schema\/person\/909a49cce752523b020fbc37d5ab1c31"},"breadcrumb":{"@id":"https:\/\/www.italiaeconomiaonline.it\/web\/migranti-intesa-coldiretti-e4impact-per-sviluppo-africa\/#breadcrumb"},"inLanguage":"it-IT","potentialAction":[{"@type":"ReadAction","target":["https:\/\/www.italiaeconomiaonline.it\/web\/migranti-intesa-coldiretti-e4impact-per-sviluppo-africa\/"]}]},{"@type":"ImageObject","inLanguage":"it-IT","@id":"https:\/\/www.italiaeconomiaonline.it\/web\/migranti-intesa-coldiretti-e4impact-per-sviluppo-africa\/#primaryimage","url":"https:\/\/www.italiaeconomiaonline.it\/web\/wp-content\/uploads\/2019\/09\/migranti.jpg","contentUrl":"https:\/\/www.italiaeconomiaonline.it\/web\/wp-content\/uploads\/2019\/09\/migranti.jpg","width":960,"height":566},{"@type":"BreadcrumbList","@id":"https:\/\/www.italiaeconomiaonline.it\/web\/migranti-intesa-coldiretti-e4impact-per-sviluppo-africa\/#breadcrumb","itemListElement":[{"@type":"ListItem","position":1,"name":"Home","item":"https:\/\/www.italiaeconomiaonline.it\/web\/"},{"@type":"ListItem","position":2,"name":"Migranti: Intesa Coldiretti, E4impact per sviluppo Africa"}]},{"@type":"WebSite","@id":"https:\/\/www.italiaeconomiaonline.it\/web\/#website","url":"https:\/\/www.italiaeconomiaonline.it\/web\/","name":"ItaliaEconomiaOnline","description":"Quotidiano Economico Online","potentialAction":[{"@type":"SearchAction","target":{"@type":"EntryPoint","urlTemplate":"https:\/\/www.italiaeconomiaonline.it\/web\/?s={search_term_string}"},"query-input":"required name=search_term_string"}],"inLanguage":"it-IT"},{"@type":"Person","@id":"https:\/\/www.italiaeconomiaonline.it\/web\/#\/schema\/person\/909a49cce752523b020fbc37d5ab1c31","name":"ladyitaliaeconomia","image":{"@type":"ImageObject","inLanguage":"it-IT","@id":"https:\/\/www.italiaeconomiaonline.it\/web\/#\/schema\/person\/image\/","url":"https:\/\/secure.gravatar.com\/avatar\/cedca10ce7416a579b9fa6bce9c0a8f2?s=96&d=mm&r=g","contentUrl":"https:\/\/secure.gravatar.com\/avatar\/cedca10ce7416a579b9fa6bce9c0a8f2?s=96&d=mm&r=g","caption":"ladyitaliaeconomia"},"url":"https:\/\/www.italiaeconomiaonline.it\/web\/author\/ladyitaliaeconomia\/"}]}},"_links":{"self":[{"href":"https:\/\/www.italiaeconomiaonline.it\/web\/wp-json\/wp\/v2\/posts\/7224"}],"collection":[{"href":"https:\/\/www.italiaeconomiaonline.it\/web\/wp-json\/wp\/v2\/posts"}],"about":[{"href":"https:\/\/www.italiaeconomiaonline.it\/web\/wp-json\/wp\/v2\/types\/post"}],"author":[{"embeddable":true,"href":"https:\/\/www.italiaeconomiaonline.it\/web\/wp-json\/wp\/v2\/users\/1"}],"replies":[{"embeddable":true,"href":"https:\/\/www.italiaeconomiaonline.it\/web\/wp-json\/wp\/v2\/comments?post=7224"}],"version-history":[{"count":1,"href":"https:\/\/www.italiaeconomiaonline.it\/web\/wp-json\/wp\/v2\/posts\/7224\/revisions"}],"predecessor-version":[{"id":7225,"href":"https:\/\/www.italiaeconomiaonline.it\/web\/wp-json\/wp\/v2\/posts\/7224\/revisions\/7225"}],"wp:featuredmedia":[{"embeddable":true,"href":"https:\/\/www.italiaeconomiaonline.it\/web\/wp-json\/wp\/v2\/media\/1750"}],"wp:attachment":[{"href":"https:\/\/www.italiaeconomiaonline.it\/web\/wp-json\/wp\/v2\/media?parent=7224"}],"wp:term":[{"taxonomy":"category","embeddable":true,"href":"https:\/\/www.italiaeconomiaonline.it\/web\/wp-json\/wp\/v2\/categories?post=7224"},{"taxonomy":"post_tag","embeddable":true,"href":"https:\/\/www.italiaeconomiaonline.it\/web\/wp-json\/wp\/v2\/tags?post=7224"}],"curies":[{"name":"wp","href":"https:\/\/api.w.org\/{rel}","templated":true}]}}