{"id":7231,"date":"2023-06-28T10:53:57","date_gmt":"2023-06-28T08:53:57","guid":{"rendered":"https:\/\/www.italiaeconomiaonline.it\/web\/?p=7231"},"modified":"2023-06-28T10:53:57","modified_gmt":"2023-06-28T08:53:57","slug":"pensioni-anp-cia-a-luglio-quattordicesima-e-aumento-delle-minime","status":"publish","type":"post","link":"https:\/\/www.italiaeconomiaonline.it\/web\/pensioni-anp-cia-a-luglio-quattordicesima-e-aumento-delle-minime\/","title":{"rendered":"Pensioni: Anp-Cia, a luglio quattordicesima e aumento delle minime"},"content":{"rendered":"<p class=\"xmprfx_MsoNormal\">A luglio torna la quattordicesima mensilit\u00e0 per 3 milioni di pensionati dai 64 anni in su e con assegni sotto i 1.100 euro e poi arriva, finalmente, l\u2019aumento delle pensioni minime, in particolare per gli over 75 con lo scatto a 600 euro, come previsto dalla legge di Bilancio. Lo ricorda Anp, l\u2019Associazione nazionale pensionati di Cia-Agricoltori Italiani, aggiungendo che, con la mensilit\u00e0 in pi\u00f9, giungeranno anche tutti gli arretrati dovuti a partire da gennaio, non ancora erogati.<\/p>\n<p class=\"xmprfx_MsoNormal\">\u201c\u00c8 una boccata d\u2019ossigeno indispensabile -spiega il presidente nazionale di Anp-Cia, Alessandro Del Carlo- per una fascia di popolazione che \u00e8 precipitata in condizioni di disagio sociale a causa della crisi, tra inflazione e caro bollette\u201d.<\/p>\n<p class=\"xmprfx_MsoNormal\">Difficolt\u00e0 certificate anche dall\u2019Istat nell\u2019ultimo report su reddito e condizioni di vita, dove si rileva che 1 persona su 4 \u00e8 a rischio povert\u00e0, con gli aumenti dei costi fissi che colpiscono pesantemente i redditi pi\u00f9 bassi, mentre i diritti sociali, come il diritto a cure tempestive assicurate dal Servizio sanitario nazionale, si ridimensionano di anno in anno.<\/p>\n<p class=\"xmprfx_MsoNormal\">Per questo, evidenzia Del Carlo, \u201cla quattordicesima, co\u00ec come i primi incrementi degli assegni, non sono sufficienti in questa fase, ma restano misure tampone a cui vanno necessariamente affiancati provvedimenti strutturali\u201d. In questo senso, prioritario per Anp-Cia \u00e8: aumentare le pensioni al minimo almeno a 780 euro; adeguare le modalit\u00e0 di indicizzazione delle pensioni per difenderne il potere d\u2019acquisto, che \u00e8 calato gi\u00e0 dell\u201911%; istituire una pensione di garanzia per i giovani.<\/p>\n<p class=\"xmprfx_MsoNormal\">In pi\u00f9, \u201cbisogna assolutamente modificare le regole previdenziali per le donne, oggi assai penalizzanti -aggiunge la vicepresidente nazionale di Anp-Cia, Giovanna Gazzetta-. Ricordiamo, infatti, che la quattordicesima ha un importo variabile a seconda della contribuzione con cui \u00e8 stata liquidata la pensione, elemento che sfavorisce le donne, che hanno alle spalle una carriera lavorativa spesso discontinua\u201d.<\/p>\n<p class=\"xmprfx_MsoNormal\">Ecco perch\u00e9, conclude il presidente di Anp-Cia, \u201cnonostante alcuni miglioramenti, che apprezziamo, il nodo delle pensioni basse resta aperto. Manca ancora il riconoscimento pieno del diritto a una pensione dignitosa, capace di garantire l\u2019autonomia economica delle famiglie\u201d. Proprio \u201ci diritti e la dignit\u00e0 per i pensionati sono gli obiettivi che Anp intende perseguire -conclude Del Carlo- anche attraverso una nuova stagione di mobilitazione per sensibilizzare parlamentari e governo in vista della nuova legge di Bilancio\u201d.<\/p>\n<p class=\"xmprfx_MsoNormal\">\n<p class=\"xmprfx_MsoNormal\">\n<div>\n<div class=\"xmprfx_gmail_signature\" dir=\"ltr\" data-smartmail=\"gmail_signature\">\n<div dir=\"ltr\">\n<div dir=\"ltr\">\n<div dir=\"ltr\">\n<div dir=\"ltr\">\n<div dir=\"ltr\">\n<div dir=\"ltr\">\n<div dir=\"ltr\">\n<div dir=\"ltr\">\n<div dir=\"ltr\">\n<div dir=\"ltr\">\n<p class=\"xmprfx_MsoNormal\">\n<p>&nbsp;<\/p>\n<p>&nbsp;<\/p>\n<p class=\"xmprfx_MsoNormal\">\n<\/div>\n<\/div>\n<\/div>\n<\/div>\n<\/div>\n<\/div>\n<\/div>\n<\/div>\n<\/div>\n<\/div>\n<\/div>\n<\/div>\n","protected":false},"excerpt":{"rendered":"<p>A luglio torna la quattordicesima mensilit\u00e0 per 3 milioni di pensionati dai 64 anni in su e con assegni sotto i 1.100 euro e poi arriva, finalmente, l\u2019aumento delle pensioni minime, in particolare per gli over 75 con lo scatto a 600 euro, come previsto dalla legge di Bilancio. Lo ricorda Anp, l\u2019Associazione nazionale pensionati [&hellip;]<\/p>\n","protected":false},"author":1,"featured_media":5187,"comment_status":"closed","ping_status":"open","sticky":false,"template":"","format":"standard","meta":{"footnotes":""},"categories":[490],"tags":[],"yoast_head":"<!-- This site is optimized with the Yoast SEO plugin v22.2 - https:\/\/yoast.com\/wordpress\/plugins\/seo\/ -->\n<title>Pensioni: Anp-Cia, a luglio quattordicesima e aumento delle minime -<\/title>\n<meta name=\"robots\" content=\"index, follow, max-snippet:-1, max-image-preview:large, max-video-preview:-1\" \/>\n<link rel=\"canonical\" href=\"https:\/\/www.italiaeconomiaonline.it\/web\/pensioni-anp-cia-a-luglio-quattordicesima-e-aumento-delle-minime\/\" \/>\n<meta property=\"og:locale\" content=\"it_IT\" \/>\n<meta property=\"og:type\" content=\"article\" \/>\n<meta property=\"og:title\" content=\"Pensioni: Anp-Cia, a luglio quattordicesima e aumento delle minime -\" \/>\n<meta property=\"og:description\" content=\"A luglio torna la quattordicesima mensilit\u00e0 per 3 milioni di pensionati dai 64 anni in su e con assegni sotto i 1.100 euro e poi arriva, finalmente, l\u2019aumento delle pensioni minime, in particolare per gli over 75 con lo scatto a 600 euro, come previsto dalla legge di Bilancio. Lo ricorda Anp, l\u2019Associazione nazionale pensionati [&hellip;]\" \/>\n<meta property=\"og:url\" content=\"https:\/\/www.italiaeconomiaonline.it\/web\/pensioni-anp-cia-a-luglio-quattordicesima-e-aumento-delle-minime\/\" \/>\n<meta property=\"og:site_name\" content=\"ItaliaEconomiaOnline\" \/>\n<meta property=\"article:published_time\" content=\"2023-06-28T08:53:57+00:00\" \/>\n<meta property=\"og:image\" content=\"https:\/\/www.italiaeconomiaonline.it\/web\/wp-content\/uploads\/2021\/01\/Schermata-2021-01-23-alle-15.12.07.png\" \/>\n\t<meta property=\"og:image:width\" content=\"1250\" \/>\n\t<meta property=\"og:image:height\" content=\"800\" \/>\n\t<meta property=\"og:image:type\" content=\"image\/png\" \/>\n<meta name=\"author\" content=\"ladyitaliaeconomia\" \/>\n<meta name=\"twitter:card\" content=\"summary_large_image\" \/>\n<meta name=\"twitter:label1\" content=\"Scritto da\" \/>\n\t<meta name=\"twitter:data1\" content=\"ladyitaliaeconomia\" \/>\n\t<meta name=\"twitter:label2\" content=\"Tempo di lettura stimato\" \/>\n\t<meta name=\"twitter:data2\" content=\"2 minuti\" \/>\n<script type=\"application\/ld+json\" class=\"yoast-schema-graph\">{\"@context\":\"https:\/\/schema.org\",\"@graph\":[{\"@type\":\"WebPage\",\"@id\":\"https:\/\/www.italiaeconomiaonline.it\/web\/pensioni-anp-cia-a-luglio-quattordicesima-e-aumento-delle-minime\/\",\"url\":\"https:\/\/www.italiaeconomiaonline.it\/web\/pensioni-anp-cia-a-luglio-quattordicesima-e-aumento-delle-minime\/\",\"name\":\"Pensioni: Anp-Cia, a luglio quattordicesima e aumento delle minime -\",\"isPartOf\":{\"@id\":\"https:\/\/www.italiaeconomiaonline.it\/web\/#website\"},\"primaryImageOfPage\":{\"@id\":\"https:\/\/www.italiaeconomiaonline.it\/web\/pensioni-anp-cia-a-luglio-quattordicesima-e-aumento-delle-minime\/#primaryimage\"},\"image\":{\"@id\":\"https:\/\/www.italiaeconomiaonline.it\/web\/pensioni-anp-cia-a-luglio-quattordicesima-e-aumento-delle-minime\/#primaryimage\"},\"thumbnailUrl\":\"https:\/\/www.italiaeconomiaonline.it\/web\/wp-content\/uploads\/2021\/01\/Schermata-2021-01-23-alle-15.12.07.png\",\"datePublished\":\"2023-06-28T08:53:57+00:00\",\"dateModified\":\"2023-06-28T08:53:57+00:00\",\"author\":{\"@id\":\"https:\/\/www.italiaeconomiaonline.it\/web\/#\/schema\/person\/909a49cce752523b020fbc37d5ab1c31\"},\"breadcrumb\":{\"@id\":\"https:\/\/www.italiaeconomiaonline.it\/web\/pensioni-anp-cia-a-luglio-quattordicesima-e-aumento-delle-minime\/#breadcrumb\"},\"inLanguage\":\"it-IT\",\"potentialAction\":[{\"@type\":\"ReadAction\",\"target\":[\"https:\/\/www.italiaeconomiaonline.it\/web\/pensioni-anp-cia-a-luglio-quattordicesima-e-aumento-delle-minime\/\"]}]},{\"@type\":\"ImageObject\",\"inLanguage\":\"it-IT\",\"@id\":\"https:\/\/www.italiaeconomiaonline.it\/web\/pensioni-anp-cia-a-luglio-quattordicesima-e-aumento-delle-minime\/#primaryimage\",\"url\":\"https:\/\/www.italiaeconomiaonline.it\/web\/wp-content\/uploads\/2021\/01\/Schermata-2021-01-23-alle-15.12.07.png\",\"contentUrl\":\"https:\/\/www.italiaeconomiaonline.it\/web\/wp-content\/uploads\/2021\/01\/Schermata-2021-01-23-alle-15.12.07.png\",\"width\":1250,\"height\":800},{\"@type\":\"BreadcrumbList\",\"@id\":\"https:\/\/www.italiaeconomiaonline.it\/web\/pensioni-anp-cia-a-luglio-quattordicesima-e-aumento-delle-minime\/#breadcrumb\",\"itemListElement\":[{\"@type\":\"ListItem\",\"position\":1,\"name\":\"Home\",\"item\":\"https:\/\/www.italiaeconomiaonline.it\/web\/\"},{\"@type\":\"ListItem\",\"position\":2,\"name\":\"Pensioni: Anp-Cia, a luglio quattordicesima e aumento delle minime\"}]},{\"@type\":\"WebSite\",\"@id\":\"https:\/\/www.italiaeconomiaonline.it\/web\/#website\",\"url\":\"https:\/\/www.italiaeconomiaonline.it\/web\/\",\"name\":\"ItaliaEconomiaOnline\",\"description\":\"Quotidiano Economico Online\",\"potentialAction\":[{\"@type\":\"SearchAction\",\"target\":{\"@type\":\"EntryPoint\",\"urlTemplate\":\"https:\/\/www.italiaeconomiaonline.it\/web\/?s={search_term_string}\"},\"query-input\":\"required name=search_term_string\"}],\"inLanguage\":\"it-IT\"},{\"@type\":\"Person\",\"@id\":\"https:\/\/www.italiaeconomiaonline.it\/web\/#\/schema\/person\/909a49cce752523b020fbc37d5ab1c31\",\"name\":\"ladyitaliaeconomia\",\"image\":{\"@type\":\"ImageObject\",\"inLanguage\":\"it-IT\",\"@id\":\"https:\/\/www.italiaeconomiaonline.it\/web\/#\/schema\/person\/image\/\",\"url\":\"https:\/\/secure.gravatar.com\/avatar\/cedca10ce7416a579b9fa6bce9c0a8f2?s=96&d=mm&r=g\",\"contentUrl\":\"https:\/\/secure.gravatar.com\/avatar\/cedca10ce7416a579b9fa6bce9c0a8f2?s=96&d=mm&r=g\",\"caption\":\"ladyitaliaeconomia\"},\"url\":\"https:\/\/www.italiaeconomiaonline.it\/web\/author\/ladyitaliaeconomia\/\"}]}<\/script>\n<!-- \/ Yoast SEO plugin. -->","yoast_head_json":{"title":"Pensioni: Anp-Cia, a luglio quattordicesima e aumento delle minime -","robots":{"index":"index","follow":"follow","max-snippet":"max-snippet:-1","max-image-preview":"max-image-preview:large","max-video-preview":"max-video-preview:-1"},"canonical":"https:\/\/www.italiaeconomiaonline.it\/web\/pensioni-anp-cia-a-luglio-quattordicesima-e-aumento-delle-minime\/","og_locale":"it_IT","og_type":"article","og_title":"Pensioni: Anp-Cia, a luglio quattordicesima e aumento delle minime -","og_description":"A luglio torna la quattordicesima mensilit\u00e0 per 3 milioni di pensionati dai 64 anni in su e con assegni sotto i 1.100 euro e poi arriva, finalmente, l\u2019aumento delle pensioni minime, in particolare per gli over 75 con lo scatto a 600 euro, come previsto dalla legge di Bilancio. Lo ricorda Anp, l\u2019Associazione nazionale pensionati [&hellip;]","og_url":"https:\/\/www.italiaeconomiaonline.it\/web\/pensioni-anp-cia-a-luglio-quattordicesima-e-aumento-delle-minime\/","og_site_name":"ItaliaEconomiaOnline","article_published_time":"2023-06-28T08:53:57+00:00","og_image":[{"width":1250,"height":800,"url":"https:\/\/www.italiaeconomiaonline.it\/web\/wp-content\/uploads\/2021\/01\/Schermata-2021-01-23-alle-15.12.07.png","type":"image\/png"}],"author":"ladyitaliaeconomia","twitter_card":"summary_large_image","twitter_misc":{"Scritto da":"ladyitaliaeconomia","Tempo di lettura stimato":"2 minuti"},"schema":{"@context":"https:\/\/schema.org","@graph":[{"@type":"WebPage","@id":"https:\/\/www.italiaeconomiaonline.it\/web\/pensioni-anp-cia-a-luglio-quattordicesima-e-aumento-delle-minime\/","url":"https:\/\/www.italiaeconomiaonline.it\/web\/pensioni-anp-cia-a-luglio-quattordicesima-e-aumento-delle-minime\/","name":"Pensioni: Anp-Cia, a luglio quattordicesima e aumento delle minime -","isPartOf":{"@id":"https:\/\/www.italiaeconomiaonline.it\/web\/#website"},"primaryImageOfPage":{"@id":"https:\/\/www.italiaeconomiaonline.it\/web\/pensioni-anp-cia-a-luglio-quattordicesima-e-aumento-delle-minime\/#primaryimage"},"image":{"@id":"https:\/\/www.italiaeconomiaonline.it\/web\/pensioni-anp-cia-a-luglio-quattordicesima-e-aumento-delle-minime\/#primaryimage"},"thumbnailUrl":"https:\/\/www.italiaeconomiaonline.it\/web\/wp-content\/uploads\/2021\/01\/Schermata-2021-01-23-alle-15.12.07.png","datePublished":"2023-06-28T08:53:57+00:00","dateModified":"2023-06-28T08:53:57+00:00","author":{"@id":"https:\/\/www.italiaeconomiaonline.it\/web\/#\/schema\/person\/909a49cce752523b020fbc37d5ab1c31"},"breadcrumb":{"@id":"https:\/\/www.italiaeconomiaonline.it\/web\/pensioni-anp-cia-a-luglio-quattordicesima-e-aumento-delle-minime\/#breadcrumb"},"inLanguage":"it-IT","potentialAction":[{"@type":"ReadAction","target":["https:\/\/www.italiaeconomiaonline.it\/web\/pensioni-anp-cia-a-luglio-quattordicesima-e-aumento-delle-minime\/"]}]},{"@type":"ImageObject","inLanguage":"it-IT","@id":"https:\/\/www.italiaeconomiaonline.it\/web\/pensioni-anp-cia-a-luglio-quattordicesima-e-aumento-delle-minime\/#primaryimage","url":"https:\/\/www.italiaeconomiaonline.it\/web\/wp-content\/uploads\/2021\/01\/Schermata-2021-01-23-alle-15.12.07.png","contentUrl":"https:\/\/www.italiaeconomiaonline.it\/web\/wp-content\/uploads\/2021\/01\/Schermata-2021-01-23-alle-15.12.07.png","width":1250,"height":800},{"@type":"BreadcrumbList","@id":"https:\/\/www.italiaeconomiaonline.it\/web\/pensioni-anp-cia-a-luglio-quattordicesima-e-aumento-delle-minime\/#breadcrumb","itemListElement":[{"@type":"ListItem","position":1,"name":"Home","item":"https:\/\/www.italiaeconomiaonline.it\/web\/"},{"@type":"ListItem","position":2,"name":"Pensioni: Anp-Cia, a luglio quattordicesima e aumento delle minime"}]},{"@type":"WebSite","@id":"https:\/\/www.italiaeconomiaonline.it\/web\/#website","url":"https:\/\/www.italiaeconomiaonline.it\/web\/","name":"ItaliaEconomiaOnline","description":"Quotidiano Economico Online","potentialAction":[{"@type":"SearchAction","target":{"@type":"EntryPoint","urlTemplate":"https:\/\/www.italiaeconomiaonline.it\/web\/?s={search_term_string}"},"query-input":"required name=search_term_string"}],"inLanguage":"it-IT"},{"@type":"Person","@id":"https:\/\/www.italiaeconomiaonline.it\/web\/#\/schema\/person\/909a49cce752523b020fbc37d5ab1c31","name":"ladyitaliaeconomia","image":{"@type":"ImageObject","inLanguage":"it-IT","@id":"https:\/\/www.italiaeconomiaonline.it\/web\/#\/schema\/person\/image\/","url":"https:\/\/secure.gravatar.com\/avatar\/cedca10ce7416a579b9fa6bce9c0a8f2?s=96&d=mm&r=g","contentUrl":"https:\/\/secure.gravatar.com\/avatar\/cedca10ce7416a579b9fa6bce9c0a8f2?s=96&d=mm&r=g","caption":"ladyitaliaeconomia"},"url":"https:\/\/www.italiaeconomiaonline.it\/web\/author\/ladyitaliaeconomia\/"}]}},"_links":{"self":[{"href":"https:\/\/www.italiaeconomiaonline.it\/web\/wp-json\/wp\/v2\/posts\/7231"}],"collection":[{"href":"https:\/\/www.italiaeconomiaonline.it\/web\/wp-json\/wp\/v2\/posts"}],"about":[{"href":"https:\/\/www.italiaeconomiaonline.it\/web\/wp-json\/wp\/v2\/types\/post"}],"author":[{"embeddable":true,"href":"https:\/\/www.italiaeconomiaonline.it\/web\/wp-json\/wp\/v2\/users\/1"}],"replies":[{"embeddable":true,"href":"https:\/\/www.italiaeconomiaonline.it\/web\/wp-json\/wp\/v2\/comments?post=7231"}],"version-history":[{"count":1,"href":"https:\/\/www.italiaeconomiaonline.it\/web\/wp-json\/wp\/v2\/posts\/7231\/revisions"}],"predecessor-version":[{"id":7232,"href":"https:\/\/www.italiaeconomiaonline.it\/web\/wp-json\/wp\/v2\/posts\/7231\/revisions\/7232"}],"wp:featuredmedia":[{"embeddable":true,"href":"https:\/\/www.italiaeconomiaonline.it\/web\/wp-json\/wp\/v2\/media\/5187"}],"wp:attachment":[{"href":"https:\/\/www.italiaeconomiaonline.it\/web\/wp-json\/wp\/v2\/media?parent=7231"}],"wp:term":[{"taxonomy":"category","embeddable":true,"href":"https:\/\/www.italiaeconomiaonline.it\/web\/wp-json\/wp\/v2\/categories?post=7231"},{"taxonomy":"post_tag","embeddable":true,"href":"https:\/\/www.italiaeconomiaonline.it\/web\/wp-json\/wp\/v2\/tags?post=7231"}],"curies":[{"name":"wp","href":"https:\/\/api.w.org\/{rel}","templated":true}]}}