{"id":7252,"date":"2023-07-13T17:35:10","date_gmt":"2023-07-13T15:35:10","guid":{"rendered":"https:\/\/www.italiaeconomiaonline.it\/web\/?p=7252"},"modified":"2023-07-13T17:35:10","modified_gmt":"2023-07-13T15:35:10","slug":"millenium-award-2023premiati-32-giovani-talenti","status":"publish","type":"post","link":"https:\/\/www.italiaeconomiaonline.it\/web\/millenium-award-2023premiati-32-giovani-talenti\/","title":{"rendered":"Millenium Award 2023:premiati 32 giovani talenti"},"content":{"rendered":"<p class=\"p7\">Si \u00e8 celebrata ieri a Villa Medici la nona serata di <b>premiazione dei vincitori<\/b> del primo premio generazionale in Italia, il <a href=\"https:\/\/myllenniumaward.org\/\"><span class=\"s1\"><b>Myllennium Award<\/b><\/span><\/a>, promosso dal Gruppo Barletta e dalla Fondazione omonima, dedicato alla ricerca del talento under 30 e alla sua crescita, attraverso opportunit\u00e0 formative e professionali concrete.<\/p>\n<p class=\"p7\"><b>32 giovani da tutta Italia<\/b> si sono distinti per i loro progetti a forte innovazione e scalabilit\u00e0, nonch\u00e9 per la loro motivazione e curricula, per ciascuna delle <b>10 categorie in gara<\/b>. I protagonisti si sono alternati sul palco, chiamati a ritirare il meritato riconoscimento dal giornalista e presentatore <b>Pierluigi Pardo<\/b> con la gentile e amichevole partecipazione di <b>Andrea Delogu<\/b>.<\/p>\n<p class=\"p7\">\u201c<i>L\u2019ascolto \u00e8 un\u2019arte<\/i>\u201d \u00e8 il <i>fil-rouge<\/i> che ha guidato il concept di quest\u2019anno: i giovani di oggi non assomiglieranno a ci\u00f2 che abbiamo gi\u00e0 visto e vissuto. Avranno aspettative, preferenze e prospettive diverse che metteranno alla prova molte delle generazioni ed organizzazioni esistenti. Gli scenari attuali sono destinati a cambiamenti sempre pi\u00f9 repentini e radicali, nasceranno nuovi lavori, servir\u00e0 formazione nuova, cos\u00ec come nuove soluzioni e nuovi immaginari. Avremo bisogno dei giovani per cambiare il futuro e il Myllennium Award raccoglie la sfida: individuare e puntare sui loro talenti sar\u00e0 fondamentale, come affiancarli nella loro crescita.<\/p>\n<p class=\"p7\"><i>\u201cPer trattenere i talenti c\u2019\u00e8 bisogno di saperli \u201cascoltare\u201d e, quindi, valorizzare- <\/i>ha dichiarato <b>Paolo Barletta, Presidente e fondatore del Myllennium Award.<\/b><i> I 32 giovani che oggi premiamo rappresentano il nostro Paese, dal nord al sud. Creare condizioni migliori per poter costruire un percorso di carriera \u00e8 oggi un tema di grande attenzione nell\u2019agenda politica. Abbiamo scelto come parola chiave l\u2019\u201cascolto\u201d perch\u00e9 \u00e8 il primo passo per capire davvero come poter impostare un progetto efficace a supportarli nel loro futuro. In nove anni dalla nascita del Premio nelle oltre 5000 mila candidature ricevute abbiamo visto come \u00e8 cresciuta e, allo stesso tempo, cambiata l\u2019attenzione della nuova generazione nelle differenti categorie, che rappresentano poi il mercato del lavoro. A ognuna abbiamo deciso di dare il giusto palcoscenico premiando l\u2019eccellenza che contraddistingue il nostro \u201csaper fare\u201d attraverso progetti che legano tradizione e innovazione e che, soprattutto, raccontano molto di come il mondo sta cambiando. A loro non solo vogliamo dare ascolto ma anche dare una voce e una strada per permettere di farli crescere, a beneficio di tutti\u201d.\u00a0<\/i><\/p>\n<p class=\"p7\">Il Myllennium Award 2023 \u00e8 articolato in 10 categorie, con tantissimi Premi Speciali: Saggistica \u201cMyBOOK\u201d, Startup \u201cMySTARTUP\u201d, Giornalismo \u201cMyREPORTAGE\u201d, Opportunit\u00e0 di lavoro e formazione \u201cMyJOB\u201d, Architettura\/Street art \u201cMyCITY\u201d, Cinema \u201cMyFRAME\u201d, Musica \u201cMyMUSIC\u201d, Dual Career \u201cMySPORT\u201d, Imprenditoria sociale \u201cMySOCIALIMPACT\u201d e Arti e maestranze \u201cMyBRICKS\u201d.<\/p>\n<p class=\"p7\">A valutare gli oltre 300 progetti candidati e a scegliere i pi\u00f9 meritevoli \u00e8 stato il Comitato Tecnico-Scientifico composto da professionisti del mondo accademico e scientifico, dell\u2019economia, dell\u2019industria, del giornalismo, del cinema, delle istituzioni e dello sport.<\/p>\n<p class=\"p7\"><b>I PREMIATI 2023<\/b><\/p>\n<p class=\"p7\"><b>MyBOOK<\/b><\/p>\n<p class=\"p7\">Per la categoria <b>MyBOOK<\/b>, si sono aggiudicati il premio <b>Luigi Capasso, Leonardo Chiavarini, Cristiano Cal\u00ec<\/b> e <b>Pasquale Di Tolla<\/b> con il saggio sul tema: <i>Homo sapiens (pi\u00f9), Homo sapiens (meno).<\/i> Mentre Gabriele Mezzacapo ha sviluppato e vinto con il titolo <i>Giovani e politica: una frattura insanabile?. <\/i>A ciascuno, 1.000 euro e la pubblicazione del saggio con Gangemi Editore. Il Premio Speciale Graphic Novel by Round Robin Editrice ha premiato i lavori sul tema <i>IO SONO QUELLO CHE SONO? Oltre il binarismo di genere, la libert\u00e0 di essere s\u00e9 stessi <\/i>con un contratto di edizione e la relativa pubblicazione a: <b>Daniele Cellini, Alessandro Guida <\/b>e<b> Viola Ciarletti<\/b>. Il Premio Speciale Invictus by Lab DFG, per A<i>bbattere senza abbattersi. Lo sport come strumento d\u2019inclusione<\/i> \u00e8 andato a <b>Morena Franceschini <\/b>e<b> Eleonora Saccoccio<\/b>. Alle due vincitrici un contratto di edizione e la relativa pubblicazione con la casa editrice omonima.<\/p>\n<p class=\"p7\">MyREPORTAGE<\/p>\n<p class=\"p7\"><b>MyREPORTAGE<\/b> \u00e8 rivolto a videomaker, giornalisti o aspiranti tali: il Premio Speciale Best Content Creator by Stardust ha garantito un contratto di management oltre all\u2019accesso alla sua Talent House a <b>Ludovica Paola Tomasoni<\/b>, con<i> <\/i>il suo progetto social<i> <\/i>sul tema<i> I social network attraverso l&#8217;espressione creativa del s\u00e9<\/i>. Il Premio Speciale Best Emotional Video By 1\u2022618\u00ae va invece a <b>Daniel Prestifilippo<\/b>, per il miglior spot emozionale realizzato in motion design.<\/p>\n<p class=\"p7\"><b>MySTARTUP<\/b><\/p>\n<p class=\"p7\"><b>MySTARTUP<\/b> \u00e8 la sezione del premio dedicata all\u2019imprenditoria ad elevato contenuto tecnologico e innovativo. <b>Jonathan Polotto<\/b> ha vinto con <i>INVOLVE SPACE<\/i>, una piattaforma pseudo-satellitare dotata di un software di intelligenza artificiale per supportare e consentire l&#8217;accesso allo spazio. Vince: un premio per la fase di seed-money pari a 20.000 euro; un viaggio a Boston per partecipare al programma di accelerazione internazionale Boston Innovation Gateway; servizi di consulenza e di supporto strategico, con affiancamento di due settimane insieme al team di venture capitalist di Alchimia Spa; percorsi di affiancamento con Digital Magics. Inoltre, <b>Giacomo Pratesi<\/b> ha vinto il Premio Speciale Endeavor con <i>PAPERBOX<\/i>, un videogioco web composto da una serie di minigiochi che, attraverso l&#8217;analisi della sessione del bambino, \u00e8 in grado di identificare gli indicatori di rischio correlati alla dislessia.<\/p>\n<p class=\"p7\">MySOCIALIMPACT<\/p>\n<p class=\"p7\"><b>MySOCIALIMPACT<\/b> premia la migliore idea d\u2019impresa o startup ad alto impatto sociale sulla comunit\u00e0. Vince <i>VIOLA <\/i>di <b>Laura De Dilectis<\/b>, startup nata per rispondere al problema della violenza di genere, permettendo alle ragazze e alle persone di sentirsi pi\u00f9 al sicuro nel tornare a casa da sole. Premiata con 10.000 euro e un viaggio per il programma Boston Innovation Gateway, oltre che con il Premio Speciale Italiacamp del valore di 5.000 euro in servizi di consulenza, il Premio Speciale Fondazione Social Venture Giordano dell\u2019Amore e il Premio Speciale Ventive. Inoltre, \u00e8 stato assegnato un ulteriore premio Venitve ad <b>Alessandro Romano<\/b> con <i>ITTINSECT,<\/i> una startup biotecnologica, dedicata alla produzione di mangimi per l\u2019acquacoltura sostenibili dalle alte prestazioni nutritive, ottenuti dal trattamento biotecnologico di insetti, microalghe e sottoprodotti agricoli, sostenibili sia dal punto di vista ambientale sia economico.<\/p>\n<p class=\"p7\">MyJOB<\/p>\n<p class=\"p7\"><b>MyJOB<\/b> assegna cinque Master e uno Stage. I migliori profili e CV ad aggiudicarsi un percorso post-laurea sono: <b>Eleonora Sternini<\/b> in Gestione d\u2019Impresa ed <b>Elisa Prete<\/b> in HR&amp;Organization alla Bologna Business School; all\u2019universit\u00e0 Bocconi di Milano, Annachiara Barbaro e Chiara Lazzari in Marketing e Comunicazione. <b>Asia Galante<\/b> frequenter\u00e0 invece il Master in International Food &amp; Beverage Management alla ESCP Business School di Torino.<\/p>\n<p class=\"p7\">Lo stage di quattro mesi presso Cinecitt\u00e0 Studios in collaborazione con Cultura Italiae \u00e8 stato assegnato a <b>Michele D\u2019Avenia<\/b>.<\/p>\n<p class=\"p7\">MySPORT<\/p>\n<p class=\"p7\"><b>MySPORT<\/b>, in collaborazione con la Commissione Nazionale Atleti del CONI, si rivolge agli atleti di livello nazionale under 30, per valorizzare in modo innovativo skills e attitudini proprie dei campioni sportivi, preparandoli alle sfide nel mondo del lavoro una volta terminata la carriera agonistica. Quest\u2019anno, <b>MySPORT | BOOK<\/b> ha premiato <b>Beatrice Cocci\u00f2 <\/b>e <b>Flavia Verona<\/b> per i due migliori saggi sul tema <i>La rivincita sportiva. Come la sfida ed il fallimento rappresentano elementi di sprone per la performance fisica e mentale di un atleta<\/i>. A ciascuna 1.000 euro e la pubblicazione con Lab DFG. Con il migliore curriculum vitae secondo i criteri richiesti, <b>Stefania Pirozzi<\/b> ha vinto per <b>MySPORT | JOB <\/b>una borsa di studio in Management dello Sport presso la Luiss Business School di Roma.<\/p>\n<p class=\"p7\">MyMUSIC<\/p>\n<p class=\"p7\">Con <b>MyMUSIC<\/b> <b>Lisa Gambatese<\/b>, in arte Lysa, ha realizzato il suo sogno di giovane cantante: il brano <i>Canzone (\u00e8 colpa tua)<\/i>, dopo la performance live sul palco del Myllennium Award, vince la produzione del brano, la realizzazione del videoclip che passer\u00e0 sul portale web RDS NEXT e un\u2019ospitata presso gli studi di RDS Next a Milano.<\/p>\n<p class=\"p7\">MyFRAME<\/p>\n<p class=\"p7\">Con il corto <i>BOLLE<\/i>, <b>Andrea Rampini<\/b> ha vinto il premio <b>MyFRAME<\/b>: 10.000 euro in denaro, servizi di post-produzione con Leone Film Group e la proiezione al Festival Marateale 2022-Premio Internazionale Basilicata. Il Premio Speciale Rai Cinema Channel \u00e8 stato invece vinto da <b>Pietro Porporati<\/b> con <i>Metamorfosi<\/i>. Per lui un contratto di acquisto dei diritti web e free tv del suo corto da parte di Rai Cinema e la visibilit\u00e0 su raicinemachannel.it, sui siti partner e sui canali Rai.<\/p>\n<p class=\"p7\">Per la categoria <i>ad honorem<\/i> dedicata alle Arti e alle Maestranze <b>MyBRICKS<\/b> sono stati premiati <b>Jules Bertrand Bidiasaamara <\/b>e<b> Jhon Rivera.<\/b><\/p>\n<p class=\"p7\"><b>BEST MILLENNIALS<\/b>, premio extra dedicate alle eccellenze italiane, \u00e8 stato consegnato a Aliyeh Hani Sharifi Tabrizi e Petru Capatina.<\/p>\n<p class=\"p7\">Con le sue nove edizioni, il Myllennium Award ha superato quota <b>1 milione e 300 mila euro di premi<\/b> riconosciuti, tutti destinati a valorizzare il merito e il talento dei giovani under 30. Ha ricevuto e analizzato candidature con pi\u00f9 di <b>5.000 progetti<\/b>, <b>premiandone <\/b>oltre<b> 300<\/b>.<\/p>\n","protected":false},"excerpt":{"rendered":"<p>Si \u00e8 celebrata ieri a Villa Medici la nona serata di premiazione dei vincitori del primo premio generazionale in Italia, il Myllennium Award, promosso dal Gruppo Barletta e dalla Fondazione omonima, dedicato alla ricerca del talento under 30 e alla sua crescita, attraverso opportunit\u00e0 formative e professionali concrete. 32 giovani da tutta Italia si sono [&hellip;]<\/p>\n","protected":false},"author":1,"featured_media":7253,"comment_status":"closed","ping_status":"open","sticky":false,"template":"","format":"standard","meta":{"footnotes":""},"categories":[447],"tags":[],"yoast_head":"<!-- This site is optimized with the Yoast SEO plugin v22.2 - https:\/\/yoast.com\/wordpress\/plugins\/seo\/ -->\n<title>Millenium Award 2023:premiati 32 giovani talenti -<\/title>\n<meta name=\"robots\" content=\"index, follow, max-snippet:-1, max-image-preview:large, max-video-preview:-1\" \/>\n<link rel=\"canonical\" href=\"https:\/\/www.italiaeconomiaonline.it\/web\/millenium-award-2023premiati-32-giovani-talenti\/\" \/>\n<meta property=\"og:locale\" content=\"it_IT\" \/>\n<meta property=\"og:type\" content=\"article\" \/>\n<meta property=\"og:title\" content=\"Millenium Award 2023:premiati 32 giovani talenti -\" \/>\n<meta property=\"og:description\" content=\"Si \u00e8 celebrata ieri a Villa Medici la nona serata di premiazione dei vincitori del primo premio generazionale in Italia, il Myllennium Award, promosso dal Gruppo Barletta e dalla Fondazione omonima, dedicato alla ricerca del talento under 30 e alla sua crescita, attraverso opportunit\u00e0 formative e professionali concrete. 32 giovani da tutta Italia si sono [&hellip;]\" \/>\n<meta property=\"og:url\" content=\"https:\/\/www.italiaeconomiaonline.it\/web\/millenium-award-2023premiati-32-giovani-talenti\/\" \/>\n<meta property=\"og:site_name\" content=\"ItaliaEconomiaOnline\" \/>\n<meta property=\"article:published_time\" content=\"2023-07-13T15:35:10+00:00\" \/>\n<meta property=\"og:image\" content=\"https:\/\/www.italiaeconomiaonline.it\/web\/wp-content\/uploads\/2023\/07\/H4A0220-scaled.jpg\" \/>\n\t<meta property=\"og:image:width\" content=\"2560\" \/>\n\t<meta property=\"og:image:height\" content=\"1708\" \/>\n\t<meta property=\"og:image:type\" content=\"image\/jpeg\" \/>\n<meta name=\"author\" content=\"ladyitaliaeconomia\" \/>\n<meta name=\"twitter:card\" content=\"summary_large_image\" \/>\n<meta name=\"twitter:label1\" content=\"Scritto da\" \/>\n\t<meta name=\"twitter:data1\" content=\"ladyitaliaeconomia\" \/>\n\t<meta name=\"twitter:label2\" content=\"Tempo di lettura stimato\" \/>\n\t<meta name=\"twitter:data2\" content=\"8 minuti\" \/>\n<script type=\"application\/ld+json\" class=\"yoast-schema-graph\">{\"@context\":\"https:\/\/schema.org\",\"@graph\":[{\"@type\":\"WebPage\",\"@id\":\"https:\/\/www.italiaeconomiaonline.it\/web\/millenium-award-2023premiati-32-giovani-talenti\/\",\"url\":\"https:\/\/www.italiaeconomiaonline.it\/web\/millenium-award-2023premiati-32-giovani-talenti\/\",\"name\":\"Millenium Award 2023:premiati 32 giovani talenti -\",\"isPartOf\":{\"@id\":\"https:\/\/www.italiaeconomiaonline.it\/web\/#website\"},\"primaryImageOfPage\":{\"@id\":\"https:\/\/www.italiaeconomiaonline.it\/web\/millenium-award-2023premiati-32-giovani-talenti\/#primaryimage\"},\"image\":{\"@id\":\"https:\/\/www.italiaeconomiaonline.it\/web\/millenium-award-2023premiati-32-giovani-talenti\/#primaryimage\"},\"thumbnailUrl\":\"https:\/\/www.italiaeconomiaonline.it\/web\/wp-content\/uploads\/2023\/07\/H4A0220-scaled.jpg\",\"datePublished\":\"2023-07-13T15:35:10+00:00\",\"dateModified\":\"2023-07-13T15:35:10+00:00\",\"author\":{\"@id\":\"https:\/\/www.italiaeconomiaonline.it\/web\/#\/schema\/person\/909a49cce752523b020fbc37d5ab1c31\"},\"breadcrumb\":{\"@id\":\"https:\/\/www.italiaeconomiaonline.it\/web\/millenium-award-2023premiati-32-giovani-talenti\/#breadcrumb\"},\"inLanguage\":\"it-IT\",\"potentialAction\":[{\"@type\":\"ReadAction\",\"target\":[\"https:\/\/www.italiaeconomiaonline.it\/web\/millenium-award-2023premiati-32-giovani-talenti\/\"]}]},{\"@type\":\"ImageObject\",\"inLanguage\":\"it-IT\",\"@id\":\"https:\/\/www.italiaeconomiaonline.it\/web\/millenium-award-2023premiati-32-giovani-talenti\/#primaryimage\",\"url\":\"https:\/\/www.italiaeconomiaonline.it\/web\/wp-content\/uploads\/2023\/07\/H4A0220-scaled.jpg\",\"contentUrl\":\"https:\/\/www.italiaeconomiaonline.it\/web\/wp-content\/uploads\/2023\/07\/H4A0220-scaled.jpg\",\"width\":2560,\"height\":1708},{\"@type\":\"BreadcrumbList\",\"@id\":\"https:\/\/www.italiaeconomiaonline.it\/web\/millenium-award-2023premiati-32-giovani-talenti\/#breadcrumb\",\"itemListElement\":[{\"@type\":\"ListItem\",\"position\":1,\"name\":\"Home\",\"item\":\"https:\/\/www.italiaeconomiaonline.it\/web\/\"},{\"@type\":\"ListItem\",\"position\":2,\"name\":\"Millenium Award 2023:premiati 32 giovani talenti\"}]},{\"@type\":\"WebSite\",\"@id\":\"https:\/\/www.italiaeconomiaonline.it\/web\/#website\",\"url\":\"https:\/\/www.italiaeconomiaonline.it\/web\/\",\"name\":\"ItaliaEconomiaOnline\",\"description\":\"Quotidiano Economico Online\",\"potentialAction\":[{\"@type\":\"SearchAction\",\"target\":{\"@type\":\"EntryPoint\",\"urlTemplate\":\"https:\/\/www.italiaeconomiaonline.it\/web\/?s={search_term_string}\"},\"query-input\":\"required name=search_term_string\"}],\"inLanguage\":\"it-IT\"},{\"@type\":\"Person\",\"@id\":\"https:\/\/www.italiaeconomiaonline.it\/web\/#\/schema\/person\/909a49cce752523b020fbc37d5ab1c31\",\"name\":\"ladyitaliaeconomia\",\"image\":{\"@type\":\"ImageObject\",\"inLanguage\":\"it-IT\",\"@id\":\"https:\/\/www.italiaeconomiaonline.it\/web\/#\/schema\/person\/image\/\",\"url\":\"https:\/\/secure.gravatar.com\/avatar\/cedca10ce7416a579b9fa6bce9c0a8f2?s=96&d=mm&r=g\",\"contentUrl\":\"https:\/\/secure.gravatar.com\/avatar\/cedca10ce7416a579b9fa6bce9c0a8f2?s=96&d=mm&r=g\",\"caption\":\"ladyitaliaeconomia\"},\"url\":\"https:\/\/www.italiaeconomiaonline.it\/web\/author\/ladyitaliaeconomia\/\"}]}<\/script>\n<!-- \/ Yoast SEO plugin. -->","yoast_head_json":{"title":"Millenium Award 2023:premiati 32 giovani talenti -","robots":{"index":"index","follow":"follow","max-snippet":"max-snippet:-1","max-image-preview":"max-image-preview:large","max-video-preview":"max-video-preview:-1"},"canonical":"https:\/\/www.italiaeconomiaonline.it\/web\/millenium-award-2023premiati-32-giovani-talenti\/","og_locale":"it_IT","og_type":"article","og_title":"Millenium Award 2023:premiati 32 giovani talenti -","og_description":"Si \u00e8 celebrata ieri a Villa Medici la nona serata di premiazione dei vincitori del primo premio generazionale in Italia, il Myllennium Award, promosso dal Gruppo Barletta e dalla Fondazione omonima, dedicato alla ricerca del talento under 30 e alla sua crescita, attraverso opportunit\u00e0 formative e professionali concrete. 32 giovani da tutta Italia si sono [&hellip;]","og_url":"https:\/\/www.italiaeconomiaonline.it\/web\/millenium-award-2023premiati-32-giovani-talenti\/","og_site_name":"ItaliaEconomiaOnline","article_published_time":"2023-07-13T15:35:10+00:00","og_image":[{"width":2560,"height":1708,"url":"https:\/\/www.italiaeconomiaonline.it\/web\/wp-content\/uploads\/2023\/07\/H4A0220-scaled.jpg","type":"image\/jpeg"}],"author":"ladyitaliaeconomia","twitter_card":"summary_large_image","twitter_misc":{"Scritto da":"ladyitaliaeconomia","Tempo di lettura stimato":"8 minuti"},"schema":{"@context":"https:\/\/schema.org","@graph":[{"@type":"WebPage","@id":"https:\/\/www.italiaeconomiaonline.it\/web\/millenium-award-2023premiati-32-giovani-talenti\/","url":"https:\/\/www.italiaeconomiaonline.it\/web\/millenium-award-2023premiati-32-giovani-talenti\/","name":"Millenium Award 2023:premiati 32 giovani talenti -","isPartOf":{"@id":"https:\/\/www.italiaeconomiaonline.it\/web\/#website"},"primaryImageOfPage":{"@id":"https:\/\/www.italiaeconomiaonline.it\/web\/millenium-award-2023premiati-32-giovani-talenti\/#primaryimage"},"image":{"@id":"https:\/\/www.italiaeconomiaonline.it\/web\/millenium-award-2023premiati-32-giovani-talenti\/#primaryimage"},"thumbnailUrl":"https:\/\/www.italiaeconomiaonline.it\/web\/wp-content\/uploads\/2023\/07\/H4A0220-scaled.jpg","datePublished":"2023-07-13T15:35:10+00:00","dateModified":"2023-07-13T15:35:10+00:00","author":{"@id":"https:\/\/www.italiaeconomiaonline.it\/web\/#\/schema\/person\/909a49cce752523b020fbc37d5ab1c31"},"breadcrumb":{"@id":"https:\/\/www.italiaeconomiaonline.it\/web\/millenium-award-2023premiati-32-giovani-talenti\/#breadcrumb"},"inLanguage":"it-IT","potentialAction":[{"@type":"ReadAction","target":["https:\/\/www.italiaeconomiaonline.it\/web\/millenium-award-2023premiati-32-giovani-talenti\/"]}]},{"@type":"ImageObject","inLanguage":"it-IT","@id":"https:\/\/www.italiaeconomiaonline.it\/web\/millenium-award-2023premiati-32-giovani-talenti\/#primaryimage","url":"https:\/\/www.italiaeconomiaonline.it\/web\/wp-content\/uploads\/2023\/07\/H4A0220-scaled.jpg","contentUrl":"https:\/\/www.italiaeconomiaonline.it\/web\/wp-content\/uploads\/2023\/07\/H4A0220-scaled.jpg","width":2560,"height":1708},{"@type":"BreadcrumbList","@id":"https:\/\/www.italiaeconomiaonline.it\/web\/millenium-award-2023premiati-32-giovani-talenti\/#breadcrumb","itemListElement":[{"@type":"ListItem","position":1,"name":"Home","item":"https:\/\/www.italiaeconomiaonline.it\/web\/"},{"@type":"ListItem","position":2,"name":"Millenium Award 2023:premiati 32 giovani talenti"}]},{"@type":"WebSite","@id":"https:\/\/www.italiaeconomiaonline.it\/web\/#website","url":"https:\/\/www.italiaeconomiaonline.it\/web\/","name":"ItaliaEconomiaOnline","description":"Quotidiano Economico Online","potentialAction":[{"@type":"SearchAction","target":{"@type":"EntryPoint","urlTemplate":"https:\/\/www.italiaeconomiaonline.it\/web\/?s={search_term_string}"},"query-input":"required name=search_term_string"}],"inLanguage":"it-IT"},{"@type":"Person","@id":"https:\/\/www.italiaeconomiaonline.it\/web\/#\/schema\/person\/909a49cce752523b020fbc37d5ab1c31","name":"ladyitaliaeconomia","image":{"@type":"ImageObject","inLanguage":"it-IT","@id":"https:\/\/www.italiaeconomiaonline.it\/web\/#\/schema\/person\/image\/","url":"https:\/\/secure.gravatar.com\/avatar\/cedca10ce7416a579b9fa6bce9c0a8f2?s=96&d=mm&r=g","contentUrl":"https:\/\/secure.gravatar.com\/avatar\/cedca10ce7416a579b9fa6bce9c0a8f2?s=96&d=mm&r=g","caption":"ladyitaliaeconomia"},"url":"https:\/\/www.italiaeconomiaonline.it\/web\/author\/ladyitaliaeconomia\/"}]}},"_links":{"self":[{"href":"https:\/\/www.italiaeconomiaonline.it\/web\/wp-json\/wp\/v2\/posts\/7252"}],"collection":[{"href":"https:\/\/www.italiaeconomiaonline.it\/web\/wp-json\/wp\/v2\/posts"}],"about":[{"href":"https:\/\/www.italiaeconomiaonline.it\/web\/wp-json\/wp\/v2\/types\/post"}],"author":[{"embeddable":true,"href":"https:\/\/www.italiaeconomiaonline.it\/web\/wp-json\/wp\/v2\/users\/1"}],"replies":[{"embeddable":true,"href":"https:\/\/www.italiaeconomiaonline.it\/web\/wp-json\/wp\/v2\/comments?post=7252"}],"version-history":[{"count":2,"href":"https:\/\/www.italiaeconomiaonline.it\/web\/wp-json\/wp\/v2\/posts\/7252\/revisions"}],"predecessor-version":[{"id":7255,"href":"https:\/\/www.italiaeconomiaonline.it\/web\/wp-json\/wp\/v2\/posts\/7252\/revisions\/7255"}],"wp:featuredmedia":[{"embeddable":true,"href":"https:\/\/www.italiaeconomiaonline.it\/web\/wp-json\/wp\/v2\/media\/7253"}],"wp:attachment":[{"href":"https:\/\/www.italiaeconomiaonline.it\/web\/wp-json\/wp\/v2\/media?parent=7252"}],"wp:term":[{"taxonomy":"category","embeddable":true,"href":"https:\/\/www.italiaeconomiaonline.it\/web\/wp-json\/wp\/v2\/categories?post=7252"},{"taxonomy":"post_tag","embeddable":true,"href":"https:\/\/www.italiaeconomiaonline.it\/web\/wp-json\/wp\/v2\/tags?post=7252"}],"curies":[{"name":"wp","href":"https:\/\/api.w.org\/{rel}","templated":true}]}}