{"id":7318,"date":"2023-09-27T16:06:05","date_gmt":"2023-09-27T14:06:05","guid":{"rendered":"https:\/\/www.italiaeconomiaonline.it\/web\/?p=7318"},"modified":"2023-09-28T10:26:10","modified_gmt":"2023-09-28T08:26:10","slug":"nuovo-protocollo-di-collaborazione-tra-cia-e-cittadinanzattiva","status":"publish","type":"post","link":"https:\/\/www.italiaeconomiaonline.it\/web\/nuovo-protocollo-di-collaborazione-tra-cia-e-cittadinanzattiva\/","title":{"rendered":"Nuovo protocollo di collaborazione tra Cia e Cittadinanzattiva"},"content":{"rendered":"<p class=\"xmprfx_MsoNormal\">Protocollo di collaborazione rinnovato tra Cia-Agricoltori Italiani e Cittadinanzattiva. C\u2019\u00e8 la firma delle due organizzazioni sul secondo accordo che d\u00e0 seguito alla prima stipula del 2012 e avvia nuove azioni condivise per il triennio 2023-2025. Obiettivi comuni: accrescere il perimetro dei diritti per i cittadini, in Italia e in Europa, e contribuire insieme alla cura dei beni comuni come al sostegno delle persone pi\u00f9 fragili.<\/p>\n<p class=\"xmprfx_MsoNormal\">\u00a0\u00a0\u00a0\u00a0\u00a0\u00a0\u00a0\u00a0\u00a0 Centrale lo scambio di competenze ed esperienze coinvolgendo l\u2019intero sistema Cia con le sue associazioni e i servizi ai cittadini e alle imprese. Primo appuntamento gi\u00e0 in agenda, il convegno con focus sulle autonomie differenziate, promosso per il 21 ottobre, in Cilento, da Anp, l\u2019Associazione nazionale pensionati di Cia.<\/p>\n<p class=\"xmprfx_MsoNormal\"><span style=\"font-family: Arial, sans-serif;\">\u00a0\u00a0\u00a0\u00a0\u00a0\u00a0\u00a0\u00a0\u00a0 Diritti e reddito, sanit\u00e0 e aree interne, sicurezza alimentare e sostenibilit\u00e0 ambientale i\u00a0macro temi\u00a0alla base del \u201cPatto di collaborazione\u201d per fare passi insieme sul fronte della lotta alle disuguaglianze, alla desertificazione dei servizi e del sistema sanitario, come<\/span><span style=\"color: #000000; font-family: Arial, sans-serif;\">\u00a0a salvaguardia, nella filiera produttiva e alimentare, della qualit\u00e0 e della sicurezza del cibo Made in Italy, della dignit\u00e0 del lavoro e della sostenibilit\u00e0 del reddito<\/span>,\u00a0<span style=\"color: #000000; font-family: Arial, sans-serif;\">attraverso una pi\u00f9 stretta sinergia fra produttori agricoli e cittadini-consumatori. Dunque, un percorso condiviso per il Paese che produca strategie di sviluppo e difesa delle aree interne e marginali, intervenga per lo stop al consumo di suolo e il recupero e riuso delle aree e dei beni pubblici abbandonati.<\/span><\/p>\n<p class=\"xmprfx_MsoNormal\">\u201cCon Cittadinanzattiva -ha detto\u00a0<b>il presidente nazionale di Cia, Cristiano Fini<\/b>&#8211; rinsaldiamo una collaborazione importante fondata sulla condivisione di obiettivi concreti e azioni mirate con al centro le persone, le comunit\u00e0 e i territori, insieme motore pulsante dell\u2019economia agricola e, soprattutto, delle aree interne e rurali d\u2019Italia. Il nostro impegno comune -ha aggiunto- vuole guardare con lucidit\u00e0 alle reali ripercussioni di pandemia, conflitti alle porte d\u2019Europa e cambiamenti climatici, riportando l\u2019attenzione su bisogni essenziali sempre pi\u00f9 compromessi, dal diritto alla salute alla sicurezza alimentare. Rilanciamo il dibattito e riattiviamo processi virtuosi con iniziative in tutto il Paese e il contributo specifico delle nostre associazioni e servizi\u201d.<\/p>\n<p class=\"xmprfx_MsoNormal\">\u201cE\u2019 una collaborazione che proseguiamo con convinzione -ha dichiarato\u00a0<b>Anna Lisa Mandorino, segretaria generale di Cittadinanzattiva<\/b>&#8211; per rafforzare nel dibattito pubblico la tutela della filiera agroalimentare, in particolare rispetto ai due anelli deboli della stessa, ossia i produttori e i consumatori, e la necessit\u00e0 di una alleanza fra i due soggetti. Con Cia -ha concluso- promuoveremo iniziative comuni su temi che impattano sulla salute e sul benessere dei cittadini e sulla tutela dell\u2019ambiente: ci sembra particolarmente importante farlo oggi, in un momento in cui la desertificazione di alcuni servizi pubblici essenziali e l\u2019aumento del costo della vita rischiano di colpire le fasce deboli della popolazione, giovani, donne ed anziani in particolare, e le aree interne del nostro Paese\u201d.<\/p>\n<p class=\"xmprfx_MsoNormal\">\n","protected":false},"excerpt":{"rendered":"<p>Protocollo di collaborazione rinnovato tra Cia-Agricoltori Italiani e Cittadinanzattiva. C\u2019\u00e8 la firma delle due organizzazioni sul secondo accordo che d\u00e0 seguito alla prima stipula del 2012 e avvia nuove azioni condivise per il triennio 2023-2025. Obiettivi comuni: accrescere il perimetro dei diritti per i cittadini, in Italia e in Europa, e contribuire insieme alla cura [&hellip;]<\/p>\n","protected":false},"author":1,"featured_media":7319,"comment_status":"closed","ping_status":"open","sticky":false,"template":"","format":"standard","meta":{"footnotes":""},"categories":[56],"tags":[],"yoast_head":"<!-- This site is optimized with the Yoast SEO plugin v22.2 - https:\/\/yoast.com\/wordpress\/plugins\/seo\/ -->\n<title>Nuovo protocollo di collaborazione tra Cia e Cittadinanzattiva -<\/title>\n<meta name=\"robots\" content=\"index, follow, max-snippet:-1, max-image-preview:large, max-video-preview:-1\" \/>\n<link rel=\"canonical\" href=\"https:\/\/www.italiaeconomiaonline.it\/web\/nuovo-protocollo-di-collaborazione-tra-cia-e-cittadinanzattiva\/\" \/>\n<meta property=\"og:locale\" content=\"it_IT\" \/>\n<meta property=\"og:type\" content=\"article\" \/>\n<meta property=\"og:title\" content=\"Nuovo protocollo di collaborazione tra Cia e Cittadinanzattiva -\" \/>\n<meta property=\"og:description\" content=\"Protocollo di collaborazione rinnovato tra Cia-Agricoltori Italiani e Cittadinanzattiva. C\u2019\u00e8 la firma delle due organizzazioni sul secondo accordo che d\u00e0 seguito alla prima stipula del 2012 e avvia nuove azioni condivise per il triennio 2023-2025. Obiettivi comuni: accrescere il perimetro dei diritti per i cittadini, in Italia e in Europa, e contribuire insieme alla cura [&hellip;]\" \/>\n<meta property=\"og:url\" content=\"https:\/\/www.italiaeconomiaonline.it\/web\/nuovo-protocollo-di-collaborazione-tra-cia-e-cittadinanzattiva\/\" \/>\n<meta property=\"og:site_name\" content=\"ItaliaEconomiaOnline\" \/>\n<meta property=\"article:published_time\" content=\"2023-09-27T14:06:05+00:00\" \/>\n<meta property=\"article:modified_time\" content=\"2023-09-28T08:26:10+00:00\" \/>\n<meta property=\"og:image\" content=\"https:\/\/www.italiaeconomiaonline.it\/web\/wp-content\/uploads\/2023\/09\/Rinnovo-protocollo-di-collaborazione-Cia-e-Cittadinanzattiva_Fini_Mandorino-27-set-e1695823556383.jpg\" \/>\n\t<meta property=\"og:image:width\" content=\"1000\" \/>\n\t<meta property=\"og:image:height\" content=\"840\" \/>\n\t<meta property=\"og:image:type\" content=\"image\/jpeg\" \/>\n<meta name=\"author\" content=\"ladyitaliaeconomia\" \/>\n<meta name=\"twitter:card\" content=\"summary_large_image\" \/>\n<meta name=\"twitter:label1\" content=\"Scritto da\" \/>\n\t<meta name=\"twitter:data1\" content=\"ladyitaliaeconomia\" \/>\n\t<meta name=\"twitter:label2\" content=\"Tempo di lettura stimato\" \/>\n\t<meta name=\"twitter:data2\" content=\"3 minuti\" \/>\n<script type=\"application\/ld+json\" class=\"yoast-schema-graph\">{\"@context\":\"https:\/\/schema.org\",\"@graph\":[{\"@type\":\"WebPage\",\"@id\":\"https:\/\/www.italiaeconomiaonline.it\/web\/nuovo-protocollo-di-collaborazione-tra-cia-e-cittadinanzattiva\/\",\"url\":\"https:\/\/www.italiaeconomiaonline.it\/web\/nuovo-protocollo-di-collaborazione-tra-cia-e-cittadinanzattiva\/\",\"name\":\"Nuovo protocollo di collaborazione tra Cia e Cittadinanzattiva -\",\"isPartOf\":{\"@id\":\"https:\/\/www.italiaeconomiaonline.it\/web\/#website\"},\"primaryImageOfPage\":{\"@id\":\"https:\/\/www.italiaeconomiaonline.it\/web\/nuovo-protocollo-di-collaborazione-tra-cia-e-cittadinanzattiva\/#primaryimage\"},\"image\":{\"@id\":\"https:\/\/www.italiaeconomiaonline.it\/web\/nuovo-protocollo-di-collaborazione-tra-cia-e-cittadinanzattiva\/#primaryimage\"},\"thumbnailUrl\":\"https:\/\/www.italiaeconomiaonline.it\/web\/wp-content\/uploads\/2023\/09\/Rinnovo-protocollo-di-collaborazione-Cia-e-Cittadinanzattiva_Fini_Mandorino-27-set-e1695823556383.jpg\",\"datePublished\":\"2023-09-27T14:06:05+00:00\",\"dateModified\":\"2023-09-28T08:26:10+00:00\",\"author\":{\"@id\":\"https:\/\/www.italiaeconomiaonline.it\/web\/#\/schema\/person\/909a49cce752523b020fbc37d5ab1c31\"},\"breadcrumb\":{\"@id\":\"https:\/\/www.italiaeconomiaonline.it\/web\/nuovo-protocollo-di-collaborazione-tra-cia-e-cittadinanzattiva\/#breadcrumb\"},\"inLanguage\":\"it-IT\",\"potentialAction\":[{\"@type\":\"ReadAction\",\"target\":[\"https:\/\/www.italiaeconomiaonline.it\/web\/nuovo-protocollo-di-collaborazione-tra-cia-e-cittadinanzattiva\/\"]}]},{\"@type\":\"ImageObject\",\"inLanguage\":\"it-IT\",\"@id\":\"https:\/\/www.italiaeconomiaonline.it\/web\/nuovo-protocollo-di-collaborazione-tra-cia-e-cittadinanzattiva\/#primaryimage\",\"url\":\"https:\/\/www.italiaeconomiaonline.it\/web\/wp-content\/uploads\/2023\/09\/Rinnovo-protocollo-di-collaborazione-Cia-e-Cittadinanzattiva_Fini_Mandorino-27-set-e1695823556383.jpg\",\"contentUrl\":\"https:\/\/www.italiaeconomiaonline.it\/web\/wp-content\/uploads\/2023\/09\/Rinnovo-protocollo-di-collaborazione-Cia-e-Cittadinanzattiva_Fini_Mandorino-27-set-e1695823556383.jpg\",\"width\":1000,\"height\":840},{\"@type\":\"BreadcrumbList\",\"@id\":\"https:\/\/www.italiaeconomiaonline.it\/web\/nuovo-protocollo-di-collaborazione-tra-cia-e-cittadinanzattiva\/#breadcrumb\",\"itemListElement\":[{\"@type\":\"ListItem\",\"position\":1,\"name\":\"Home\",\"item\":\"https:\/\/www.italiaeconomiaonline.it\/web\/\"},{\"@type\":\"ListItem\",\"position\":2,\"name\":\"Nuovo protocollo di collaborazione tra Cia e Cittadinanzattiva\"}]},{\"@type\":\"WebSite\",\"@id\":\"https:\/\/www.italiaeconomiaonline.it\/web\/#website\",\"url\":\"https:\/\/www.italiaeconomiaonline.it\/web\/\",\"name\":\"ItaliaEconomiaOnline\",\"description\":\"Quotidiano Economico Online\",\"potentialAction\":[{\"@type\":\"SearchAction\",\"target\":{\"@type\":\"EntryPoint\",\"urlTemplate\":\"https:\/\/www.italiaeconomiaonline.it\/web\/?s={search_term_string}\"},\"query-input\":\"required name=search_term_string\"}],\"inLanguage\":\"it-IT\"},{\"@type\":\"Person\",\"@id\":\"https:\/\/www.italiaeconomiaonline.it\/web\/#\/schema\/person\/909a49cce752523b020fbc37d5ab1c31\",\"name\":\"ladyitaliaeconomia\",\"image\":{\"@type\":\"ImageObject\",\"inLanguage\":\"it-IT\",\"@id\":\"https:\/\/www.italiaeconomiaonline.it\/web\/#\/schema\/person\/image\/\",\"url\":\"https:\/\/secure.gravatar.com\/avatar\/cedca10ce7416a579b9fa6bce9c0a8f2?s=96&d=mm&r=g\",\"contentUrl\":\"https:\/\/secure.gravatar.com\/avatar\/cedca10ce7416a579b9fa6bce9c0a8f2?s=96&d=mm&r=g\",\"caption\":\"ladyitaliaeconomia\"},\"url\":\"https:\/\/www.italiaeconomiaonline.it\/web\/author\/ladyitaliaeconomia\/\"}]}<\/script>\n<!-- \/ Yoast SEO plugin. -->","yoast_head_json":{"title":"Nuovo protocollo di collaborazione tra Cia e Cittadinanzattiva -","robots":{"index":"index","follow":"follow","max-snippet":"max-snippet:-1","max-image-preview":"max-image-preview:large","max-video-preview":"max-video-preview:-1"},"canonical":"https:\/\/www.italiaeconomiaonline.it\/web\/nuovo-protocollo-di-collaborazione-tra-cia-e-cittadinanzattiva\/","og_locale":"it_IT","og_type":"article","og_title":"Nuovo protocollo di collaborazione tra Cia e Cittadinanzattiva -","og_description":"Protocollo di collaborazione rinnovato tra Cia-Agricoltori Italiani e Cittadinanzattiva. C\u2019\u00e8 la firma delle due organizzazioni sul secondo accordo che d\u00e0 seguito alla prima stipula del 2012 e avvia nuove azioni condivise per il triennio 2023-2025. Obiettivi comuni: accrescere il perimetro dei diritti per i cittadini, in Italia e in Europa, e contribuire insieme alla cura [&hellip;]","og_url":"https:\/\/www.italiaeconomiaonline.it\/web\/nuovo-protocollo-di-collaborazione-tra-cia-e-cittadinanzattiva\/","og_site_name":"ItaliaEconomiaOnline","article_published_time":"2023-09-27T14:06:05+00:00","article_modified_time":"2023-09-28T08:26:10+00:00","og_image":[{"width":1000,"height":840,"url":"https:\/\/www.italiaeconomiaonline.it\/web\/wp-content\/uploads\/2023\/09\/Rinnovo-protocollo-di-collaborazione-Cia-e-Cittadinanzattiva_Fini_Mandorino-27-set-e1695823556383.jpg","type":"image\/jpeg"}],"author":"ladyitaliaeconomia","twitter_card":"summary_large_image","twitter_misc":{"Scritto da":"ladyitaliaeconomia","Tempo di lettura stimato":"3 minuti"},"schema":{"@context":"https:\/\/schema.org","@graph":[{"@type":"WebPage","@id":"https:\/\/www.italiaeconomiaonline.it\/web\/nuovo-protocollo-di-collaborazione-tra-cia-e-cittadinanzattiva\/","url":"https:\/\/www.italiaeconomiaonline.it\/web\/nuovo-protocollo-di-collaborazione-tra-cia-e-cittadinanzattiva\/","name":"Nuovo protocollo di collaborazione tra Cia e Cittadinanzattiva -","isPartOf":{"@id":"https:\/\/www.italiaeconomiaonline.it\/web\/#website"},"primaryImageOfPage":{"@id":"https:\/\/www.italiaeconomiaonline.it\/web\/nuovo-protocollo-di-collaborazione-tra-cia-e-cittadinanzattiva\/#primaryimage"},"image":{"@id":"https:\/\/www.italiaeconomiaonline.it\/web\/nuovo-protocollo-di-collaborazione-tra-cia-e-cittadinanzattiva\/#primaryimage"},"thumbnailUrl":"https:\/\/www.italiaeconomiaonline.it\/web\/wp-content\/uploads\/2023\/09\/Rinnovo-protocollo-di-collaborazione-Cia-e-Cittadinanzattiva_Fini_Mandorino-27-set-e1695823556383.jpg","datePublished":"2023-09-27T14:06:05+00:00","dateModified":"2023-09-28T08:26:10+00:00","author":{"@id":"https:\/\/www.italiaeconomiaonline.it\/web\/#\/schema\/person\/909a49cce752523b020fbc37d5ab1c31"},"breadcrumb":{"@id":"https:\/\/www.italiaeconomiaonline.it\/web\/nuovo-protocollo-di-collaborazione-tra-cia-e-cittadinanzattiva\/#breadcrumb"},"inLanguage":"it-IT","potentialAction":[{"@type":"ReadAction","target":["https:\/\/www.italiaeconomiaonline.it\/web\/nuovo-protocollo-di-collaborazione-tra-cia-e-cittadinanzattiva\/"]}]},{"@type":"ImageObject","inLanguage":"it-IT","@id":"https:\/\/www.italiaeconomiaonline.it\/web\/nuovo-protocollo-di-collaborazione-tra-cia-e-cittadinanzattiva\/#primaryimage","url":"https:\/\/www.italiaeconomiaonline.it\/web\/wp-content\/uploads\/2023\/09\/Rinnovo-protocollo-di-collaborazione-Cia-e-Cittadinanzattiva_Fini_Mandorino-27-set-e1695823556383.jpg","contentUrl":"https:\/\/www.italiaeconomiaonline.it\/web\/wp-content\/uploads\/2023\/09\/Rinnovo-protocollo-di-collaborazione-Cia-e-Cittadinanzattiva_Fini_Mandorino-27-set-e1695823556383.jpg","width":1000,"height":840},{"@type":"BreadcrumbList","@id":"https:\/\/www.italiaeconomiaonline.it\/web\/nuovo-protocollo-di-collaborazione-tra-cia-e-cittadinanzattiva\/#breadcrumb","itemListElement":[{"@type":"ListItem","position":1,"name":"Home","item":"https:\/\/www.italiaeconomiaonline.it\/web\/"},{"@type":"ListItem","position":2,"name":"Nuovo protocollo di collaborazione tra Cia e Cittadinanzattiva"}]},{"@type":"WebSite","@id":"https:\/\/www.italiaeconomiaonline.it\/web\/#website","url":"https:\/\/www.italiaeconomiaonline.it\/web\/","name":"ItaliaEconomiaOnline","description":"Quotidiano Economico Online","potentialAction":[{"@type":"SearchAction","target":{"@type":"EntryPoint","urlTemplate":"https:\/\/www.italiaeconomiaonline.it\/web\/?s={search_term_string}"},"query-input":"required name=search_term_string"}],"inLanguage":"it-IT"},{"@type":"Person","@id":"https:\/\/www.italiaeconomiaonline.it\/web\/#\/schema\/person\/909a49cce752523b020fbc37d5ab1c31","name":"ladyitaliaeconomia","image":{"@type":"ImageObject","inLanguage":"it-IT","@id":"https:\/\/www.italiaeconomiaonline.it\/web\/#\/schema\/person\/image\/","url":"https:\/\/secure.gravatar.com\/avatar\/cedca10ce7416a579b9fa6bce9c0a8f2?s=96&d=mm&r=g","contentUrl":"https:\/\/secure.gravatar.com\/avatar\/cedca10ce7416a579b9fa6bce9c0a8f2?s=96&d=mm&r=g","caption":"ladyitaliaeconomia"},"url":"https:\/\/www.italiaeconomiaonline.it\/web\/author\/ladyitaliaeconomia\/"}]}},"_links":{"self":[{"href":"https:\/\/www.italiaeconomiaonline.it\/web\/wp-json\/wp\/v2\/posts\/7318"}],"collection":[{"href":"https:\/\/www.italiaeconomiaonline.it\/web\/wp-json\/wp\/v2\/posts"}],"about":[{"href":"https:\/\/www.italiaeconomiaonline.it\/web\/wp-json\/wp\/v2\/types\/post"}],"author":[{"embeddable":true,"href":"https:\/\/www.italiaeconomiaonline.it\/web\/wp-json\/wp\/v2\/users\/1"}],"replies":[{"embeddable":true,"href":"https:\/\/www.italiaeconomiaonline.it\/web\/wp-json\/wp\/v2\/comments?post=7318"}],"version-history":[{"count":2,"href":"https:\/\/www.italiaeconomiaonline.it\/web\/wp-json\/wp\/v2\/posts\/7318\/revisions"}],"predecessor-version":[{"id":7323,"href":"https:\/\/www.italiaeconomiaonline.it\/web\/wp-json\/wp\/v2\/posts\/7318\/revisions\/7323"}],"wp:featuredmedia":[{"embeddable":true,"href":"https:\/\/www.italiaeconomiaonline.it\/web\/wp-json\/wp\/v2\/media\/7319"}],"wp:attachment":[{"href":"https:\/\/www.italiaeconomiaonline.it\/web\/wp-json\/wp\/v2\/media?parent=7318"}],"wp:term":[{"taxonomy":"category","embeddable":true,"href":"https:\/\/www.italiaeconomiaonline.it\/web\/wp-json\/wp\/v2\/categories?post=7318"},{"taxonomy":"post_tag","embeddable":true,"href":"https:\/\/www.italiaeconomiaonline.it\/web\/wp-json\/wp\/v2\/tags?post=7318"}],"curies":[{"name":"wp","href":"https:\/\/api.w.org\/{rel}","templated":true}]}}