{"id":7326,"date":"2023-09-28T10:42:07","date_gmt":"2023-09-28T08:42:07","guid":{"rendered":"https:\/\/www.italiaeconomiaonline.it\/web\/?p=7326"},"modified":"2023-09-28T10:42:07","modified_gmt":"2023-09-28T08:42:07","slug":"giornata-spreco-coldiretti-tornano-avanzi-a-tavola-in-2-case-su-3","status":"publish","type":"post","link":"https:\/\/www.italiaeconomiaonline.it\/web\/giornata-spreco-coldiretti-tornano-avanzi-a-tavola-in-2-case-su-3\/","title":{"rendered":"Giornata spreco: Coldiretti, tornano avanzi a tavola in 2 case su 3"},"content":{"rendered":"<p class=\"xmprfx_MsoNormal\">Con il caro prezzi tornano i piatti antispreco in pi\u00f9 di due case italiane su tre (68%) con il recupero e il riutilizzo degli avanzi per far fronte all\u2019impennata dei rincari che sta mettendo in difficolt\u00e0 soprattutto le fasce pi\u00f9 disagiate della popolazione.<\/p>\n<p class=\"xmprfx_MsoNormal\">E\u2019 quanto emerge dall\u2019indagine Coldiretti diffusa in occasione della Giornata internazionale delle Nazioni Unite sulla Consapevolezza degli Sprechi e le Perdite Alimentari che si celebra il 29 settembre con iniziative per aiutare a ridurre gli scarti a tavola nei mercati di Campagna Amica lungo la Penisola.<\/p>\n<p class=\"xmprfx_MsoNormal\">\n<p class=\"xmprfx_MsoNormal\">Con l\u2019inflazione alimentare che \u00e8 in media quasi al 10% ma che per alcuni prodotti come lo zucchero supera il 40%, i cittadini \u2013 sottolinea la Coldiretti \u2013 adottano strategie per risparmiare e comportamenti pi\u00f9 responsabili per salvare i bilanci. Si va dunque \u2013 rileva la Coldiretti \u2013 a caccia dei prezzi pi\u00f9 bassi anche facendo lo slalom nel punto vendita, cambiando negozio, supermercato o discount alla ricerca di promozioni per i diversi prodotti, si fa la lista della spesa per non farsi tentare dagli acquisti di impulso e si guarda pi\u00f9 attentamente alla data di scadenza.<\/p>\n<p class=\"xmprfx_MsoNormal\">\n<p class=\"xmprfx_MsoNormal\">Ma con la diminuzione delle quantit\u00e0 acquistate a causa del caro prezzi l\u2019asse portante delle tattiche salva tasche \u2013 continua la Coldiretti \u2013 \u00e8 senza dubbio la maggiore attenzione agli sprechi, razionalizzando i consumi. Le ricette della tradizione popolare con il riutilizzo degli avanzi o di ingredienti di base \u2013 spiega Coldiretti \u2013 sono peraltro piatti fondamentali della cucina italiana candidata a patrimonio immateriale dell\u2019umanit\u00e0 per l\u2019Unesco e spesso sono state riproposte nella loro eccezionale semplicit\u00e0 anche da cuochi e ristoranti di alto livello.<\/p>\n<p class=\"xmprfx_MsoNormal\">\n<p class=\"xmprfx_MsoNormal\">Molti dei piatti pi\u00f9 tradizionali afferma la Coldiretti \u2013 hanno origine proprio dall\u2019esigenza di non sprecare cibo come \u2013 prosegue la Coldiretti \u2013 la ribollita toscana, i canederli trentini, la pinza veneta o al sud la frittata di pasta. Si possono preparare delle ottime polpette \u2013 sottolinea la Coldiretti \u2013 recuperando della carne rimasta semplicemente aggiungendo uova, pane duro e formaggio oppure la frittata di pasta per rivitalizzare gli spaghetti del giorno prima e ancora la pizza rustica per consumare le verdure avvolgendole in croccante sfoglia. Senza dimenticare la polenta, cibo di generazioni di italiani, che quando avanza pu\u00f2 essere fritta e arricchita magari con pezzi di formaggio, oppure il pesce azzurro con le ricette tipiche regionali come le alici scottadito con o senza pan grattato o le sarde in saor con cipolla.<\/p>\n<p class=\"xmprfx_MsoNormal\">\n<p class=\"xmprfx_MsoNormal\">Se avanza del pane, si pu\u00f2 optare per la classica panzanella mettendo semplici ingredienti presenti in ogni casa, come pomodoro olio e sale per arrivare alla tradizionale ribollita che utilizza elementi poveri come fagiolo, cavoli, carote, zucchine, pomodori e bietole gi\u00e0 cotte da unire al pane raffermo. Anche la frutta \u2013 ricorda la Coldiretti \u2013 pu\u00f2 rivivere se caramellata o diventare marmellata oppure macedonia. Ma la tradizione rurale insegna anche a usare come ingredienti anche quelle parti della preparazione dei cibi che solitamente si gettano. L\u2019acqua della pasta, soprattutto se abbiamo cotto paste ripiene come gli agnolotti, \u00e8 arricchita dagli amidi e dalle proteine del grano. Si pu\u00f2 dunque conservare in frigo per usarla come base per il brodo per risotti, carni, verdure in padella. L\u2019acqua della bollitura delle verdure ha lo stesso utilizzo. I brodi di carne o pesce, ricchi di proteine, possono essere congelati e utilizzati per cotture successive o per minestre.<\/p>\n<p class=\"xmprfx_MsoNormal\">\n<p class=\"xmprfx_MsoNormal\">Il riutilizzo degli avanzi aiuta a combattere \u2013 precisa la Coldiretti \u2013 gli effetti dirompenti causati dallo spreco di cibo sull\u2019economia, sulla sostenibilit\u00e0 e sul piano ambientale per l\u2019impatto negativo sul dispendio energetico e sullo smaltimento dei rifiuti.<\/p>\n<p class=\"xmprfx_MsoNormal\">\n<p class=\"xmprfx_MsoNormal\">Una tendenza peraltro confermata dal fatto che lo spreco alimentare crolla sistematicamente in 8 Paesi del mondo tra i quali l\u2019Italia dove scende del 25% circa e si assesta su 469,4 grammi settimana per ogni cittadino (-125,9 grammi rispetto alla rilevazione dell&#8217;estate 2022, secondo l&#8217;ultimo Rapporto di Waste Watcher International per campagna Spreco Zero, su monitoraggio Ipsos\/Universit\u00e0 di Bologna, dalla quale emerge peraltro che nella Penisola la frutta fresca \u00e8 l&#8217;alimento pi\u00f9 sprecato (33%) davanti alle insalate (24%).<\/p>\n<p class=\"xmprfx_MsoNormal\">\n<p class=\"xmprfx_MsoNormal\">\u201cUn problema drammatico dal punto di vista etico oltre che economico contro il quale Coldiretti \u00e8 impegnata da anni in un\u2019opera di sensibilizzazione dei consumatori attraverso il progetto dei mercati di Campagna Amica per il contenimento degli sprechi con la pi\u00f9 grande rete delle fattorie e dei mercati a chilometri zero che riduce le distanze ed i tempi di trasporto e garantisce maggiore freschezza e tempi pi\u00f9 lunghi di conservazione degli alimenti\u201d ha sottolineato il presidente della Coldiretti Ettore Prandini.<\/p>\n<p class=\"xmprfx_xmsonormal\">\n<p class=\"xmprfx_xmsonormal\">\n","protected":false},"excerpt":{"rendered":"<p>Con il caro prezzi tornano i piatti antispreco in pi\u00f9 di due case italiane su tre (68%) con il recupero e il riutilizzo degli avanzi per far fronte all\u2019impennata dei rincari che sta mettendo in difficolt\u00e0 soprattutto le fasce pi\u00f9 disagiate della popolazione. E\u2019 quanto emerge dall\u2019indagine Coldiretti diffusa in occasione della Giornata internazionale delle [&hellip;]<\/p>\n","protected":false},"author":1,"featured_media":1642,"comment_status":"closed","ping_status":"open","sticky":false,"template":"","format":"standard","meta":{"footnotes":""},"categories":[299],"tags":[],"yoast_head":"<!-- This site is optimized with the Yoast SEO plugin v22.2 - https:\/\/yoast.com\/wordpress\/plugins\/seo\/ -->\n<title>Giornata spreco: Coldiretti, tornano avanzi a tavola in 2 case su 3 -<\/title>\n<meta name=\"robots\" content=\"index, follow, max-snippet:-1, max-image-preview:large, max-video-preview:-1\" \/>\n<link rel=\"canonical\" href=\"https:\/\/www.italiaeconomiaonline.it\/web\/giornata-spreco-coldiretti-tornano-avanzi-a-tavola-in-2-case-su-3\/\" \/>\n<meta property=\"og:locale\" content=\"it_IT\" \/>\n<meta property=\"og:type\" content=\"article\" \/>\n<meta property=\"og:title\" content=\"Giornata spreco: Coldiretti, tornano avanzi a tavola in 2 case su 3 -\" \/>\n<meta property=\"og:description\" content=\"Con il caro prezzi tornano i piatti antispreco in pi\u00f9 di due case italiane su tre (68%) con il recupero e il riutilizzo degli avanzi per far fronte all\u2019impennata dei rincari che sta mettendo in difficolt\u00e0 soprattutto le fasce pi\u00f9 disagiate della popolazione. E\u2019 quanto emerge dall\u2019indagine Coldiretti diffusa in occasione della Giornata internazionale delle [&hellip;]\" \/>\n<meta property=\"og:url\" content=\"https:\/\/www.italiaeconomiaonline.it\/web\/giornata-spreco-coldiretti-tornano-avanzi-a-tavola-in-2-case-su-3\/\" \/>\n<meta property=\"og:site_name\" content=\"ItaliaEconomiaOnline\" \/>\n<meta property=\"article:published_time\" content=\"2023-09-28T08:42:07+00:00\" \/>\n<meta property=\"og:image\" content=\"https:\/\/www.italiaeconomiaonline.it\/web\/wp-content\/uploads\/2019\/09\/Tavola.jpg\" \/>\n\t<meta property=\"og:image:width\" content=\"540\" \/>\n\t<meta property=\"og:image:height\" content=\"360\" \/>\n\t<meta property=\"og:image:type\" content=\"image\/jpeg\" \/>\n<meta name=\"author\" content=\"ladyitaliaeconomia\" \/>\n<meta name=\"twitter:card\" content=\"summary_large_image\" \/>\n<meta name=\"twitter:label1\" content=\"Scritto da\" \/>\n\t<meta name=\"twitter:data1\" content=\"ladyitaliaeconomia\" \/>\n\t<meta name=\"twitter:label2\" content=\"Tempo di lettura stimato\" \/>\n\t<meta name=\"twitter:data2\" content=\"4 minuti\" \/>\n<script type=\"application\/ld+json\" class=\"yoast-schema-graph\">{\"@context\":\"https:\/\/schema.org\",\"@graph\":[{\"@type\":\"WebPage\",\"@id\":\"https:\/\/www.italiaeconomiaonline.it\/web\/giornata-spreco-coldiretti-tornano-avanzi-a-tavola-in-2-case-su-3\/\",\"url\":\"https:\/\/www.italiaeconomiaonline.it\/web\/giornata-spreco-coldiretti-tornano-avanzi-a-tavola-in-2-case-su-3\/\",\"name\":\"Giornata spreco: Coldiretti, tornano avanzi a tavola in 2 case su 3 -\",\"isPartOf\":{\"@id\":\"https:\/\/www.italiaeconomiaonline.it\/web\/#website\"},\"primaryImageOfPage\":{\"@id\":\"https:\/\/www.italiaeconomiaonline.it\/web\/giornata-spreco-coldiretti-tornano-avanzi-a-tavola-in-2-case-su-3\/#primaryimage\"},\"image\":{\"@id\":\"https:\/\/www.italiaeconomiaonline.it\/web\/giornata-spreco-coldiretti-tornano-avanzi-a-tavola-in-2-case-su-3\/#primaryimage\"},\"thumbnailUrl\":\"https:\/\/www.italiaeconomiaonline.it\/web\/wp-content\/uploads\/2019\/09\/Tavola.jpg\",\"datePublished\":\"2023-09-28T08:42:07+00:00\",\"dateModified\":\"2023-09-28T08:42:07+00:00\",\"author\":{\"@id\":\"https:\/\/www.italiaeconomiaonline.it\/web\/#\/schema\/person\/909a49cce752523b020fbc37d5ab1c31\"},\"breadcrumb\":{\"@id\":\"https:\/\/www.italiaeconomiaonline.it\/web\/giornata-spreco-coldiretti-tornano-avanzi-a-tavola-in-2-case-su-3\/#breadcrumb\"},\"inLanguage\":\"it-IT\",\"potentialAction\":[{\"@type\":\"ReadAction\",\"target\":[\"https:\/\/www.italiaeconomiaonline.it\/web\/giornata-spreco-coldiretti-tornano-avanzi-a-tavola-in-2-case-su-3\/\"]}]},{\"@type\":\"ImageObject\",\"inLanguage\":\"it-IT\",\"@id\":\"https:\/\/www.italiaeconomiaonline.it\/web\/giornata-spreco-coldiretti-tornano-avanzi-a-tavola-in-2-case-su-3\/#primaryimage\",\"url\":\"https:\/\/www.italiaeconomiaonline.it\/web\/wp-content\/uploads\/2019\/09\/Tavola.jpg\",\"contentUrl\":\"https:\/\/www.italiaeconomiaonline.it\/web\/wp-content\/uploads\/2019\/09\/Tavola.jpg\",\"width\":540,\"height\":360},{\"@type\":\"BreadcrumbList\",\"@id\":\"https:\/\/www.italiaeconomiaonline.it\/web\/giornata-spreco-coldiretti-tornano-avanzi-a-tavola-in-2-case-su-3\/#breadcrumb\",\"itemListElement\":[{\"@type\":\"ListItem\",\"position\":1,\"name\":\"Home\",\"item\":\"https:\/\/www.italiaeconomiaonline.it\/web\/\"},{\"@type\":\"ListItem\",\"position\":2,\"name\":\"Giornata spreco: Coldiretti, tornano avanzi a tavola in 2 case su 3\"}]},{\"@type\":\"WebSite\",\"@id\":\"https:\/\/www.italiaeconomiaonline.it\/web\/#website\",\"url\":\"https:\/\/www.italiaeconomiaonline.it\/web\/\",\"name\":\"ItaliaEconomiaOnline\",\"description\":\"Quotidiano Economico Online\",\"potentialAction\":[{\"@type\":\"SearchAction\",\"target\":{\"@type\":\"EntryPoint\",\"urlTemplate\":\"https:\/\/www.italiaeconomiaonline.it\/web\/?s={search_term_string}\"},\"query-input\":\"required name=search_term_string\"}],\"inLanguage\":\"it-IT\"},{\"@type\":\"Person\",\"@id\":\"https:\/\/www.italiaeconomiaonline.it\/web\/#\/schema\/person\/909a49cce752523b020fbc37d5ab1c31\",\"name\":\"ladyitaliaeconomia\",\"image\":{\"@type\":\"ImageObject\",\"inLanguage\":\"it-IT\",\"@id\":\"https:\/\/www.italiaeconomiaonline.it\/web\/#\/schema\/person\/image\/\",\"url\":\"https:\/\/secure.gravatar.com\/avatar\/cedca10ce7416a579b9fa6bce9c0a8f2?s=96&d=mm&r=g\",\"contentUrl\":\"https:\/\/secure.gravatar.com\/avatar\/cedca10ce7416a579b9fa6bce9c0a8f2?s=96&d=mm&r=g\",\"caption\":\"ladyitaliaeconomia\"},\"url\":\"https:\/\/www.italiaeconomiaonline.it\/web\/author\/ladyitaliaeconomia\/\"}]}<\/script>\n<!-- \/ Yoast SEO plugin. -->","yoast_head_json":{"title":"Giornata spreco: Coldiretti, tornano avanzi a tavola in 2 case su 3 -","robots":{"index":"index","follow":"follow","max-snippet":"max-snippet:-1","max-image-preview":"max-image-preview:large","max-video-preview":"max-video-preview:-1"},"canonical":"https:\/\/www.italiaeconomiaonline.it\/web\/giornata-spreco-coldiretti-tornano-avanzi-a-tavola-in-2-case-su-3\/","og_locale":"it_IT","og_type":"article","og_title":"Giornata spreco: Coldiretti, tornano avanzi a tavola in 2 case su 3 -","og_description":"Con il caro prezzi tornano i piatti antispreco in pi\u00f9 di due case italiane su tre (68%) con il recupero e il riutilizzo degli avanzi per far fronte all\u2019impennata dei rincari che sta mettendo in difficolt\u00e0 soprattutto le fasce pi\u00f9 disagiate della popolazione. E\u2019 quanto emerge dall\u2019indagine Coldiretti diffusa in occasione della Giornata internazionale delle [&hellip;]","og_url":"https:\/\/www.italiaeconomiaonline.it\/web\/giornata-spreco-coldiretti-tornano-avanzi-a-tavola-in-2-case-su-3\/","og_site_name":"ItaliaEconomiaOnline","article_published_time":"2023-09-28T08:42:07+00:00","og_image":[{"width":540,"height":360,"url":"https:\/\/www.italiaeconomiaonline.it\/web\/wp-content\/uploads\/2019\/09\/Tavola.jpg","type":"image\/jpeg"}],"author":"ladyitaliaeconomia","twitter_card":"summary_large_image","twitter_misc":{"Scritto da":"ladyitaliaeconomia","Tempo di lettura stimato":"4 minuti"},"schema":{"@context":"https:\/\/schema.org","@graph":[{"@type":"WebPage","@id":"https:\/\/www.italiaeconomiaonline.it\/web\/giornata-spreco-coldiretti-tornano-avanzi-a-tavola-in-2-case-su-3\/","url":"https:\/\/www.italiaeconomiaonline.it\/web\/giornata-spreco-coldiretti-tornano-avanzi-a-tavola-in-2-case-su-3\/","name":"Giornata spreco: Coldiretti, tornano avanzi a tavola in 2 case su 3 -","isPartOf":{"@id":"https:\/\/www.italiaeconomiaonline.it\/web\/#website"},"primaryImageOfPage":{"@id":"https:\/\/www.italiaeconomiaonline.it\/web\/giornata-spreco-coldiretti-tornano-avanzi-a-tavola-in-2-case-su-3\/#primaryimage"},"image":{"@id":"https:\/\/www.italiaeconomiaonline.it\/web\/giornata-spreco-coldiretti-tornano-avanzi-a-tavola-in-2-case-su-3\/#primaryimage"},"thumbnailUrl":"https:\/\/www.italiaeconomiaonline.it\/web\/wp-content\/uploads\/2019\/09\/Tavola.jpg","datePublished":"2023-09-28T08:42:07+00:00","dateModified":"2023-09-28T08:42:07+00:00","author":{"@id":"https:\/\/www.italiaeconomiaonline.it\/web\/#\/schema\/person\/909a49cce752523b020fbc37d5ab1c31"},"breadcrumb":{"@id":"https:\/\/www.italiaeconomiaonline.it\/web\/giornata-spreco-coldiretti-tornano-avanzi-a-tavola-in-2-case-su-3\/#breadcrumb"},"inLanguage":"it-IT","potentialAction":[{"@type":"ReadAction","target":["https:\/\/www.italiaeconomiaonline.it\/web\/giornata-spreco-coldiretti-tornano-avanzi-a-tavola-in-2-case-su-3\/"]}]},{"@type":"ImageObject","inLanguage":"it-IT","@id":"https:\/\/www.italiaeconomiaonline.it\/web\/giornata-spreco-coldiretti-tornano-avanzi-a-tavola-in-2-case-su-3\/#primaryimage","url":"https:\/\/www.italiaeconomiaonline.it\/web\/wp-content\/uploads\/2019\/09\/Tavola.jpg","contentUrl":"https:\/\/www.italiaeconomiaonline.it\/web\/wp-content\/uploads\/2019\/09\/Tavola.jpg","width":540,"height":360},{"@type":"BreadcrumbList","@id":"https:\/\/www.italiaeconomiaonline.it\/web\/giornata-spreco-coldiretti-tornano-avanzi-a-tavola-in-2-case-su-3\/#breadcrumb","itemListElement":[{"@type":"ListItem","position":1,"name":"Home","item":"https:\/\/www.italiaeconomiaonline.it\/web\/"},{"@type":"ListItem","position":2,"name":"Giornata spreco: Coldiretti, tornano avanzi a tavola in 2 case su 3"}]},{"@type":"WebSite","@id":"https:\/\/www.italiaeconomiaonline.it\/web\/#website","url":"https:\/\/www.italiaeconomiaonline.it\/web\/","name":"ItaliaEconomiaOnline","description":"Quotidiano Economico Online","potentialAction":[{"@type":"SearchAction","target":{"@type":"EntryPoint","urlTemplate":"https:\/\/www.italiaeconomiaonline.it\/web\/?s={search_term_string}"},"query-input":"required name=search_term_string"}],"inLanguage":"it-IT"},{"@type":"Person","@id":"https:\/\/www.italiaeconomiaonline.it\/web\/#\/schema\/person\/909a49cce752523b020fbc37d5ab1c31","name":"ladyitaliaeconomia","image":{"@type":"ImageObject","inLanguage":"it-IT","@id":"https:\/\/www.italiaeconomiaonline.it\/web\/#\/schema\/person\/image\/","url":"https:\/\/secure.gravatar.com\/avatar\/cedca10ce7416a579b9fa6bce9c0a8f2?s=96&d=mm&r=g","contentUrl":"https:\/\/secure.gravatar.com\/avatar\/cedca10ce7416a579b9fa6bce9c0a8f2?s=96&d=mm&r=g","caption":"ladyitaliaeconomia"},"url":"https:\/\/www.italiaeconomiaonline.it\/web\/author\/ladyitaliaeconomia\/"}]}},"_links":{"self":[{"href":"https:\/\/www.italiaeconomiaonline.it\/web\/wp-json\/wp\/v2\/posts\/7326"}],"collection":[{"href":"https:\/\/www.italiaeconomiaonline.it\/web\/wp-json\/wp\/v2\/posts"}],"about":[{"href":"https:\/\/www.italiaeconomiaonline.it\/web\/wp-json\/wp\/v2\/types\/post"}],"author":[{"embeddable":true,"href":"https:\/\/www.italiaeconomiaonline.it\/web\/wp-json\/wp\/v2\/users\/1"}],"replies":[{"embeddable":true,"href":"https:\/\/www.italiaeconomiaonline.it\/web\/wp-json\/wp\/v2\/comments?post=7326"}],"version-history":[{"count":1,"href":"https:\/\/www.italiaeconomiaonline.it\/web\/wp-json\/wp\/v2\/posts\/7326\/revisions"}],"predecessor-version":[{"id":7327,"href":"https:\/\/www.italiaeconomiaonline.it\/web\/wp-json\/wp\/v2\/posts\/7326\/revisions\/7327"}],"wp:featuredmedia":[{"embeddable":true,"href":"https:\/\/www.italiaeconomiaonline.it\/web\/wp-json\/wp\/v2\/media\/1642"}],"wp:attachment":[{"href":"https:\/\/www.italiaeconomiaonline.it\/web\/wp-json\/wp\/v2\/media?parent=7326"}],"wp:term":[{"taxonomy":"category","embeddable":true,"href":"https:\/\/www.italiaeconomiaonline.it\/web\/wp-json\/wp\/v2\/categories?post=7326"},{"taxonomy":"post_tag","embeddable":true,"href":"https:\/\/www.italiaeconomiaonline.it\/web\/wp-json\/wp\/v2\/tags?post=7326"}],"curies":[{"name":"wp","href":"https:\/\/api.w.org\/{rel}","templated":true}]}}