{"id":7330,"date":"2023-10-02T16:37:13","date_gmt":"2023-10-02T14:37:13","guid":{"rendered":"https:\/\/www.italiaeconomiaonline.it\/web\/?p=7330"},"modified":"2023-10-02T16:37:13","modified_gmt":"2023-10-02T14:37:13","slug":"lavoro-confesercenti-quadro-resta-positivo-ad-agosto-occupazione-ai-massimi-livelli","status":"publish","type":"post","link":"https:\/\/www.italiaeconomiaonline.it\/web\/lavoro-confesercenti-quadro-resta-positivo-ad-agosto-occupazione-ai-massimi-livelli\/","title":{"rendered":"Lavoro: Confesercenti, quadro resta positivo, ad agosto occupazione ai massimi livelli"},"content":{"rendered":"<p class=\"xmprfx_MsoNormal\">Buone notizie dal fronte del lavoro. Nonostante i segnali di rallentamento dell\u2019economia, l\u2019occupazione resta a livelli record anche ad agosto, in crescita su luglio (+59mila unit\u00e0) e su agosto dello scorso anno (+523mila), a conferma di una stabilizzazione, in senso positivo, del mercato del lavoro.<\/p>\n<p class=\"xmprfx_MsoNormal\">Cos\u00ec Confesercenti commenta le rilevazioni Istat su occupati e disoccupati ad agosto.<\/p>\n<p class=\"xmprfx_MsoNormal\">A trainare l\u2019incremento, come sempre, \u00e8 l\u2019occupazione dipendente, che aumenta di 49mila unit\u00e0 su luglio. Per una volta, per\u00f2, assistiamo anche ad un rimbalzo positivo del lavoro autonomo, con gli indipendenti che crescono di 10mila unit\u00e0 a livello congiunturale e di 48mila rispetto ad agosto 2022.<\/p>\n<p class=\"xmprfx_MsoNormal\">Da diversi mesi, ormai, l\u2019occupazione complessiva \u00e8 ai massimi storici, collocandosi costantemente, da marzo del 2022, al di sopra dei 23milioni di occupati totali. Quella che \u00e8 cambiata \u00e8 la composizione degli occupati e che d\u00e0 il segno della grande trasformazione avvenuta: dal 2004 ad oggi il numero degli indipendenti \u00e8 diminuito di 1,2 milioni di unit\u00e0, poco meno del 20%, quello dei dipendenti \u00e8 cresciuto del 15%, quasi 2,5 milioni di unit\u00e0. Un dato che purtroppo conferma le crescenti difficolt\u00e0 a rimanere sul mercato delle micro e piccole imprese a conduzione familiare, che hanno visto sfumare la ripresa post pandemica a causa del caro-vita e dell\u2019incremento dei prezzi energetici.<\/p>\n<p class=\"xmprfx_MsoNormal\">Servono meno oneri burocratici e pi\u00f9 sostegni per questa parte importante del nostro sistema economico. A partire da una fiscalit\u00e0 di vantaggio per i negozi di vicinato con un fatturato inferiore ai 400mila euro l\u2019anno: un provvedimento essenziale per contrastare il fenomeno della desertificazione commerciale che sta interessando sempre pi\u00f9 grandi e piccoli centri urbani italiani, con un grave impatto non solo sul settore ma anche sull\u2019offerta di servizi ai cittadini.<\/p>\n<p class=\"xmprfx_MsoNormal\">\n","protected":false},"excerpt":{"rendered":"<p>Buone notizie dal fronte del lavoro. Nonostante i segnali di rallentamento dell\u2019economia, l\u2019occupazione resta a livelli record anche ad agosto, in crescita su luglio (+59mila unit\u00e0) e su agosto dello scorso anno (+523mila), a conferma di una stabilizzazione, in senso positivo, del mercato del lavoro. Cos\u00ec Confesercenti commenta le rilevazioni Istat su occupati e disoccupati [&hellip;]<\/p>\n","protected":false},"author":1,"featured_media":1007,"comment_status":"closed","ping_status":"open","sticky":false,"template":"","format":"standard","meta":{"footnotes":""},"categories":[28],"tags":[],"yoast_head":"<!-- This site is optimized with the Yoast SEO plugin v22.2 - https:\/\/yoast.com\/wordpress\/plugins\/seo\/ -->\n<title>Lavoro: Confesercenti, quadro resta positivo, ad agosto occupazione ai massimi livelli -<\/title>\n<meta name=\"robots\" content=\"index, follow, max-snippet:-1, max-image-preview:large, max-video-preview:-1\" \/>\n<link rel=\"canonical\" href=\"https:\/\/www.italiaeconomiaonline.it\/web\/lavoro-confesercenti-quadro-resta-positivo-ad-agosto-occupazione-ai-massimi-livelli\/\" \/>\n<meta property=\"og:locale\" content=\"it_IT\" \/>\n<meta property=\"og:type\" content=\"article\" \/>\n<meta property=\"og:title\" content=\"Lavoro: Confesercenti, quadro resta positivo, ad agosto occupazione ai massimi livelli -\" \/>\n<meta property=\"og:description\" content=\"Buone notizie dal fronte del lavoro. Nonostante i segnali di rallentamento dell\u2019economia, l\u2019occupazione resta a livelli record anche ad agosto, in crescita su luglio (+59mila unit\u00e0) e su agosto dello scorso anno (+523mila), a conferma di una stabilizzazione, in senso positivo, del mercato del lavoro. Cos\u00ec Confesercenti commenta le rilevazioni Istat su occupati e disoccupati [&hellip;]\" \/>\n<meta property=\"og:url\" content=\"https:\/\/www.italiaeconomiaonline.it\/web\/lavoro-confesercenti-quadro-resta-positivo-ad-agosto-occupazione-ai-massimi-livelli\/\" \/>\n<meta property=\"og:site_name\" content=\"ItaliaEconomiaOnline\" \/>\n<meta property=\"article:published_time\" content=\"2023-10-02T14:37:13+00:00\" \/>\n<meta property=\"og:image\" content=\"https:\/\/www.italiaeconomiaonline.it\/web\/wp-content\/uploads\/2019\/06\/lavoro-2.jpg\" \/>\n\t<meta property=\"og:image:width\" content=\"960\" \/>\n\t<meta property=\"og:image:height\" content=\"640\" \/>\n\t<meta property=\"og:image:type\" content=\"image\/jpeg\" \/>\n<meta name=\"author\" content=\"ladyitaliaeconomia\" \/>\n<meta name=\"twitter:card\" content=\"summary_large_image\" \/>\n<meta name=\"twitter:label1\" content=\"Scritto da\" \/>\n\t<meta name=\"twitter:data1\" content=\"ladyitaliaeconomia\" \/>\n\t<meta name=\"twitter:label2\" content=\"Tempo di lettura stimato\" \/>\n\t<meta name=\"twitter:data2\" content=\"2 minuti\" \/>\n<script type=\"application\/ld+json\" class=\"yoast-schema-graph\">{\"@context\":\"https:\/\/schema.org\",\"@graph\":[{\"@type\":\"WebPage\",\"@id\":\"https:\/\/www.italiaeconomiaonline.it\/web\/lavoro-confesercenti-quadro-resta-positivo-ad-agosto-occupazione-ai-massimi-livelli\/\",\"url\":\"https:\/\/www.italiaeconomiaonline.it\/web\/lavoro-confesercenti-quadro-resta-positivo-ad-agosto-occupazione-ai-massimi-livelli\/\",\"name\":\"Lavoro: Confesercenti, quadro resta positivo, ad agosto occupazione ai massimi livelli -\",\"isPartOf\":{\"@id\":\"https:\/\/www.italiaeconomiaonline.it\/web\/#website\"},\"primaryImageOfPage\":{\"@id\":\"https:\/\/www.italiaeconomiaonline.it\/web\/lavoro-confesercenti-quadro-resta-positivo-ad-agosto-occupazione-ai-massimi-livelli\/#primaryimage\"},\"image\":{\"@id\":\"https:\/\/www.italiaeconomiaonline.it\/web\/lavoro-confesercenti-quadro-resta-positivo-ad-agosto-occupazione-ai-massimi-livelli\/#primaryimage\"},\"thumbnailUrl\":\"https:\/\/www.italiaeconomiaonline.it\/web\/wp-content\/uploads\/2019\/06\/lavoro-2.jpg\",\"datePublished\":\"2023-10-02T14:37:13+00:00\",\"dateModified\":\"2023-10-02T14:37:13+00:00\",\"author\":{\"@id\":\"https:\/\/www.italiaeconomiaonline.it\/web\/#\/schema\/person\/909a49cce752523b020fbc37d5ab1c31\"},\"breadcrumb\":{\"@id\":\"https:\/\/www.italiaeconomiaonline.it\/web\/lavoro-confesercenti-quadro-resta-positivo-ad-agosto-occupazione-ai-massimi-livelli\/#breadcrumb\"},\"inLanguage\":\"it-IT\",\"potentialAction\":[{\"@type\":\"ReadAction\",\"target\":[\"https:\/\/www.italiaeconomiaonline.it\/web\/lavoro-confesercenti-quadro-resta-positivo-ad-agosto-occupazione-ai-massimi-livelli\/\"]}]},{\"@type\":\"ImageObject\",\"inLanguage\":\"it-IT\",\"@id\":\"https:\/\/www.italiaeconomiaonline.it\/web\/lavoro-confesercenti-quadro-resta-positivo-ad-agosto-occupazione-ai-massimi-livelli\/#primaryimage\",\"url\":\"https:\/\/www.italiaeconomiaonline.it\/web\/wp-content\/uploads\/2019\/06\/lavoro-2.jpg\",\"contentUrl\":\"https:\/\/www.italiaeconomiaonline.it\/web\/wp-content\/uploads\/2019\/06\/lavoro-2.jpg\",\"width\":960,\"height\":640},{\"@type\":\"BreadcrumbList\",\"@id\":\"https:\/\/www.italiaeconomiaonline.it\/web\/lavoro-confesercenti-quadro-resta-positivo-ad-agosto-occupazione-ai-massimi-livelli\/#breadcrumb\",\"itemListElement\":[{\"@type\":\"ListItem\",\"position\":1,\"name\":\"Home\",\"item\":\"https:\/\/www.italiaeconomiaonline.it\/web\/\"},{\"@type\":\"ListItem\",\"position\":2,\"name\":\"Lavoro: Confesercenti, quadro resta positivo, ad agosto occupazione ai massimi livelli\"}]},{\"@type\":\"WebSite\",\"@id\":\"https:\/\/www.italiaeconomiaonline.it\/web\/#website\",\"url\":\"https:\/\/www.italiaeconomiaonline.it\/web\/\",\"name\":\"ItaliaEconomiaOnline\",\"description\":\"Quotidiano Economico Online\",\"potentialAction\":[{\"@type\":\"SearchAction\",\"target\":{\"@type\":\"EntryPoint\",\"urlTemplate\":\"https:\/\/www.italiaeconomiaonline.it\/web\/?s={search_term_string}\"},\"query-input\":\"required name=search_term_string\"}],\"inLanguage\":\"it-IT\"},{\"@type\":\"Person\",\"@id\":\"https:\/\/www.italiaeconomiaonline.it\/web\/#\/schema\/person\/909a49cce752523b020fbc37d5ab1c31\",\"name\":\"ladyitaliaeconomia\",\"image\":{\"@type\":\"ImageObject\",\"inLanguage\":\"it-IT\",\"@id\":\"https:\/\/www.italiaeconomiaonline.it\/web\/#\/schema\/person\/image\/\",\"url\":\"https:\/\/secure.gravatar.com\/avatar\/cedca10ce7416a579b9fa6bce9c0a8f2?s=96&d=mm&r=g\",\"contentUrl\":\"https:\/\/secure.gravatar.com\/avatar\/cedca10ce7416a579b9fa6bce9c0a8f2?s=96&d=mm&r=g\",\"caption\":\"ladyitaliaeconomia\"},\"url\":\"https:\/\/www.italiaeconomiaonline.it\/web\/author\/ladyitaliaeconomia\/\"}]}<\/script>\n<!-- \/ Yoast SEO plugin. -->","yoast_head_json":{"title":"Lavoro: Confesercenti, quadro resta positivo, ad agosto occupazione ai massimi livelli -","robots":{"index":"index","follow":"follow","max-snippet":"max-snippet:-1","max-image-preview":"max-image-preview:large","max-video-preview":"max-video-preview:-1"},"canonical":"https:\/\/www.italiaeconomiaonline.it\/web\/lavoro-confesercenti-quadro-resta-positivo-ad-agosto-occupazione-ai-massimi-livelli\/","og_locale":"it_IT","og_type":"article","og_title":"Lavoro: Confesercenti, quadro resta positivo, ad agosto occupazione ai massimi livelli -","og_description":"Buone notizie dal fronte del lavoro. Nonostante i segnali di rallentamento dell\u2019economia, l\u2019occupazione resta a livelli record anche ad agosto, in crescita su luglio (+59mila unit\u00e0) e su agosto dello scorso anno (+523mila), a conferma di una stabilizzazione, in senso positivo, del mercato del lavoro. Cos\u00ec Confesercenti commenta le rilevazioni Istat su occupati e disoccupati [&hellip;]","og_url":"https:\/\/www.italiaeconomiaonline.it\/web\/lavoro-confesercenti-quadro-resta-positivo-ad-agosto-occupazione-ai-massimi-livelli\/","og_site_name":"ItaliaEconomiaOnline","article_published_time":"2023-10-02T14:37:13+00:00","og_image":[{"width":960,"height":640,"url":"https:\/\/www.italiaeconomiaonline.it\/web\/wp-content\/uploads\/2019\/06\/lavoro-2.jpg","type":"image\/jpeg"}],"author":"ladyitaliaeconomia","twitter_card":"summary_large_image","twitter_misc":{"Scritto da":"ladyitaliaeconomia","Tempo di lettura stimato":"2 minuti"},"schema":{"@context":"https:\/\/schema.org","@graph":[{"@type":"WebPage","@id":"https:\/\/www.italiaeconomiaonline.it\/web\/lavoro-confesercenti-quadro-resta-positivo-ad-agosto-occupazione-ai-massimi-livelli\/","url":"https:\/\/www.italiaeconomiaonline.it\/web\/lavoro-confesercenti-quadro-resta-positivo-ad-agosto-occupazione-ai-massimi-livelli\/","name":"Lavoro: Confesercenti, quadro resta positivo, ad agosto occupazione ai massimi livelli -","isPartOf":{"@id":"https:\/\/www.italiaeconomiaonline.it\/web\/#website"},"primaryImageOfPage":{"@id":"https:\/\/www.italiaeconomiaonline.it\/web\/lavoro-confesercenti-quadro-resta-positivo-ad-agosto-occupazione-ai-massimi-livelli\/#primaryimage"},"image":{"@id":"https:\/\/www.italiaeconomiaonline.it\/web\/lavoro-confesercenti-quadro-resta-positivo-ad-agosto-occupazione-ai-massimi-livelli\/#primaryimage"},"thumbnailUrl":"https:\/\/www.italiaeconomiaonline.it\/web\/wp-content\/uploads\/2019\/06\/lavoro-2.jpg","datePublished":"2023-10-02T14:37:13+00:00","dateModified":"2023-10-02T14:37:13+00:00","author":{"@id":"https:\/\/www.italiaeconomiaonline.it\/web\/#\/schema\/person\/909a49cce752523b020fbc37d5ab1c31"},"breadcrumb":{"@id":"https:\/\/www.italiaeconomiaonline.it\/web\/lavoro-confesercenti-quadro-resta-positivo-ad-agosto-occupazione-ai-massimi-livelli\/#breadcrumb"},"inLanguage":"it-IT","potentialAction":[{"@type":"ReadAction","target":["https:\/\/www.italiaeconomiaonline.it\/web\/lavoro-confesercenti-quadro-resta-positivo-ad-agosto-occupazione-ai-massimi-livelli\/"]}]},{"@type":"ImageObject","inLanguage":"it-IT","@id":"https:\/\/www.italiaeconomiaonline.it\/web\/lavoro-confesercenti-quadro-resta-positivo-ad-agosto-occupazione-ai-massimi-livelli\/#primaryimage","url":"https:\/\/www.italiaeconomiaonline.it\/web\/wp-content\/uploads\/2019\/06\/lavoro-2.jpg","contentUrl":"https:\/\/www.italiaeconomiaonline.it\/web\/wp-content\/uploads\/2019\/06\/lavoro-2.jpg","width":960,"height":640},{"@type":"BreadcrumbList","@id":"https:\/\/www.italiaeconomiaonline.it\/web\/lavoro-confesercenti-quadro-resta-positivo-ad-agosto-occupazione-ai-massimi-livelli\/#breadcrumb","itemListElement":[{"@type":"ListItem","position":1,"name":"Home","item":"https:\/\/www.italiaeconomiaonline.it\/web\/"},{"@type":"ListItem","position":2,"name":"Lavoro: Confesercenti, quadro resta positivo, ad agosto occupazione ai massimi livelli"}]},{"@type":"WebSite","@id":"https:\/\/www.italiaeconomiaonline.it\/web\/#website","url":"https:\/\/www.italiaeconomiaonline.it\/web\/","name":"ItaliaEconomiaOnline","description":"Quotidiano Economico Online","potentialAction":[{"@type":"SearchAction","target":{"@type":"EntryPoint","urlTemplate":"https:\/\/www.italiaeconomiaonline.it\/web\/?s={search_term_string}"},"query-input":"required name=search_term_string"}],"inLanguage":"it-IT"},{"@type":"Person","@id":"https:\/\/www.italiaeconomiaonline.it\/web\/#\/schema\/person\/909a49cce752523b020fbc37d5ab1c31","name":"ladyitaliaeconomia","image":{"@type":"ImageObject","inLanguage":"it-IT","@id":"https:\/\/www.italiaeconomiaonline.it\/web\/#\/schema\/person\/image\/","url":"https:\/\/secure.gravatar.com\/avatar\/cedca10ce7416a579b9fa6bce9c0a8f2?s=96&d=mm&r=g","contentUrl":"https:\/\/secure.gravatar.com\/avatar\/cedca10ce7416a579b9fa6bce9c0a8f2?s=96&d=mm&r=g","caption":"ladyitaliaeconomia"},"url":"https:\/\/www.italiaeconomiaonline.it\/web\/author\/ladyitaliaeconomia\/"}]}},"_links":{"self":[{"href":"https:\/\/www.italiaeconomiaonline.it\/web\/wp-json\/wp\/v2\/posts\/7330"}],"collection":[{"href":"https:\/\/www.italiaeconomiaonline.it\/web\/wp-json\/wp\/v2\/posts"}],"about":[{"href":"https:\/\/www.italiaeconomiaonline.it\/web\/wp-json\/wp\/v2\/types\/post"}],"author":[{"embeddable":true,"href":"https:\/\/www.italiaeconomiaonline.it\/web\/wp-json\/wp\/v2\/users\/1"}],"replies":[{"embeddable":true,"href":"https:\/\/www.italiaeconomiaonline.it\/web\/wp-json\/wp\/v2\/comments?post=7330"}],"version-history":[{"count":1,"href":"https:\/\/www.italiaeconomiaonline.it\/web\/wp-json\/wp\/v2\/posts\/7330\/revisions"}],"predecessor-version":[{"id":7331,"href":"https:\/\/www.italiaeconomiaonline.it\/web\/wp-json\/wp\/v2\/posts\/7330\/revisions\/7331"}],"wp:featuredmedia":[{"embeddable":true,"href":"https:\/\/www.italiaeconomiaonline.it\/web\/wp-json\/wp\/v2\/media\/1007"}],"wp:attachment":[{"href":"https:\/\/www.italiaeconomiaonline.it\/web\/wp-json\/wp\/v2\/media?parent=7330"}],"wp:term":[{"taxonomy":"category","embeddable":true,"href":"https:\/\/www.italiaeconomiaonline.it\/web\/wp-json\/wp\/v2\/categories?post=7330"},{"taxonomy":"post_tag","embeddable":true,"href":"https:\/\/www.italiaeconomiaonline.it\/web\/wp-json\/wp\/v2\/tags?post=7330"}],"curies":[{"name":"wp","href":"https:\/\/api.w.org\/{rel}","templated":true}]}}