{"id":7333,"date":"2023-10-03T12:40:58","date_gmt":"2023-10-03T10:40:58","guid":{"rendered":"https:\/\/www.italiaeconomiaonline.it\/web\/?p=7333"},"modified":"2023-10-03T12:40:58","modified_gmt":"2023-10-03T10:40:58","slug":"caldo-coldiretti-boom-gelato-in-autunno-bollente","status":"publish","type":"post","link":"https:\/\/www.italiaeconomiaonline.it\/web\/caldo-coldiretti-boom-gelato-in-autunno-bollente\/","title":{"rendered":"Caldo: Coldiretti, boom gelato in autunno bollente"},"content":{"rendered":"<p class=\"xmprfx_MsoNormal\">Il caldo anomalo spinge il consumo di gelato per difendersi dall\u2019afa e non arrendersi all\u2019arrivo dell\u2019autunno, con un aumento del 10% rispetto allo stesso periodo dello scorso anno. E\u2019 quanto emerge da una stima della Coldiretti sugli effetti delle temperature praticamente estive dopo un settembre che\u00a0si posiziona come il secondo pi\u00f9 caldo mai osservato con una temperatura media superiore di 3,1 gradi la media climatica del periodo 1991-2020 secondo gli esperti dell&#8217;Osservatorio geofisico modenese Unimore.<\/p>\n<p class=\"xmprfx_MsoNormal\">\n<p class=\"xmprfx_MsoNormal\">Un aumento spinto anche dalla presenza dei turisti sulle spiagge e nelle citt\u00e0 d\u2019arte con circa 1,1 milioni di italiani che con il sole hanno deciso di trascorrere almeno qualche giorno di vacanza a ottobre, secondo l\u2019indagine Coldiretti\/Ixe\u2019.<\/p>\n<p class=\"xmprfx_MsoNormal\">\n<p class=\"xmprfx_MsoNormal\">Le\u00a0gelaterie\u00a0tornano ad affollarsi e oltre ai\u00a0gusti classici, come la\u00a0nocciola\u00a0e il\u00a0pistacchio si registra un nuovo interesse\u00a0nei confronti dei gusti a base di\u00a0frutta mentre al contempo si ricercano anche\u00a0sapori nuovi come il caramello salato,\u00a0il cioccolato al latte di bufala o\u00a0ricotta salata<\/p>\n<p class=\"xmprfx_MsoNormal\">\n<p class=\"xmprfx_MsoNormal\">Negli ultimi anni si \u00e8 registrato un vero e proprio boom delle agrigelaterie artigianali che garantiscono la provenienza della materia prima dalla stalla alla coppetta con gusti che vanno dal latte di asina a quello di capra fino alla bufala ma quest\u2019anno \u00e8 arrivato anche quello di latte di pecora. Una spinta che ha favorito la creativit\u00e0 nella scelta di ingredienti che valorizzano i primati di variet\u00e0 e qualit\u00e0 della produzione agroalimentare nazionale, dal gusto di basilico fino al prosecco.<\/p>\n<p class=\"xmprfx_MsoNormal\">\n<p class=\"xmprfx_MsoNormal\">Nelle agrigelaterie \u2013 conclude la Coldiretti \u2013 \u00e8 particolarmente curata la selezione degli ingredienti, dal latte alla frutta, che sono rigorosamente freschi con gusti a \u201cchilometri zero\u201d perch\u00e9 ottenuti da prodotti locali che non devono essere trasportati con mezzi che sprecano energia ed inquinano l\u2019ambiente.<\/p>\n<p class=\"xmprfx_MsoNormal\">\n","protected":false},"excerpt":{"rendered":"<p>Il caldo anomalo spinge il consumo di gelato per difendersi dall\u2019afa e non arrendersi all\u2019arrivo dell\u2019autunno, con un aumento del 10% rispetto allo stesso periodo dello scorso anno. E\u2019 quanto emerge da una stima della Coldiretti sugli effetti delle temperature praticamente estive dopo un settembre che\u00a0si posiziona come il secondo pi\u00f9 caldo mai osservato con [&hellip;]<\/p>\n","protected":false},"author":1,"featured_media":3549,"comment_status":"closed","ping_status":"open","sticky":false,"template":"","format":"standard","meta":{"footnotes":""},"categories":[1857],"tags":[],"yoast_head":"<!-- This site is optimized with the Yoast SEO plugin v22.2 - https:\/\/yoast.com\/wordpress\/plugins\/seo\/ -->\n<title>Caldo: Coldiretti, boom gelato in autunno bollente -<\/title>\n<meta name=\"robots\" content=\"index, follow, max-snippet:-1, max-image-preview:large, max-video-preview:-1\" \/>\n<link rel=\"canonical\" href=\"https:\/\/www.italiaeconomiaonline.it\/web\/caldo-coldiretti-boom-gelato-in-autunno-bollente\/\" \/>\n<meta property=\"og:locale\" content=\"it_IT\" \/>\n<meta property=\"og:type\" content=\"article\" \/>\n<meta property=\"og:title\" content=\"Caldo: Coldiretti, boom gelato in autunno bollente -\" \/>\n<meta property=\"og:description\" content=\"Il caldo anomalo spinge il consumo di gelato per difendersi dall\u2019afa e non arrendersi all\u2019arrivo dell\u2019autunno, con un aumento del 10% rispetto allo stesso periodo dello scorso anno. E\u2019 quanto emerge da una stima della Coldiretti sugli effetti delle temperature praticamente estive dopo un settembre che\u00a0si posiziona come il secondo pi\u00f9 caldo mai osservato con [&hellip;]\" \/>\n<meta property=\"og:url\" content=\"https:\/\/www.italiaeconomiaonline.it\/web\/caldo-coldiretti-boom-gelato-in-autunno-bollente\/\" \/>\n<meta property=\"og:site_name\" content=\"ItaliaEconomiaOnline\" \/>\n<meta property=\"article:published_time\" content=\"2023-10-03T10:40:58+00:00\" \/>\n<meta property=\"og:image\" content=\"https:\/\/www.italiaeconomiaonline.it\/web\/wp-content\/uploads\/2020\/07\/Schermata-2020-07-01-alle-10.27.10.png\" \/>\n\t<meta property=\"og:image:width\" content=\"1376\" \/>\n\t<meta property=\"og:image:height\" content=\"708\" \/>\n\t<meta property=\"og:image:type\" content=\"image\/png\" \/>\n<meta name=\"author\" content=\"ladyitaliaeconomia\" \/>\n<meta name=\"twitter:card\" content=\"summary_large_image\" \/>\n<meta name=\"twitter:label1\" content=\"Scritto da\" \/>\n\t<meta name=\"twitter:data1\" content=\"ladyitaliaeconomia\" \/>\n\t<meta name=\"twitter:label2\" content=\"Tempo di lettura stimato\" \/>\n\t<meta name=\"twitter:data2\" content=\"2 minuti\" \/>\n<script type=\"application\/ld+json\" class=\"yoast-schema-graph\">{\"@context\":\"https:\/\/schema.org\",\"@graph\":[{\"@type\":\"WebPage\",\"@id\":\"https:\/\/www.italiaeconomiaonline.it\/web\/caldo-coldiretti-boom-gelato-in-autunno-bollente\/\",\"url\":\"https:\/\/www.italiaeconomiaonline.it\/web\/caldo-coldiretti-boom-gelato-in-autunno-bollente\/\",\"name\":\"Caldo: Coldiretti, boom gelato in autunno bollente -\",\"isPartOf\":{\"@id\":\"https:\/\/www.italiaeconomiaonline.it\/web\/#website\"},\"primaryImageOfPage\":{\"@id\":\"https:\/\/www.italiaeconomiaonline.it\/web\/caldo-coldiretti-boom-gelato-in-autunno-bollente\/#primaryimage\"},\"image\":{\"@id\":\"https:\/\/www.italiaeconomiaonline.it\/web\/caldo-coldiretti-boom-gelato-in-autunno-bollente\/#primaryimage\"},\"thumbnailUrl\":\"https:\/\/www.italiaeconomiaonline.it\/web\/wp-content\/uploads\/2020\/07\/Schermata-2020-07-01-alle-10.27.10.png\",\"datePublished\":\"2023-10-03T10:40:58+00:00\",\"dateModified\":\"2023-10-03T10:40:58+00:00\",\"author\":{\"@id\":\"https:\/\/www.italiaeconomiaonline.it\/web\/#\/schema\/person\/909a49cce752523b020fbc37d5ab1c31\"},\"breadcrumb\":{\"@id\":\"https:\/\/www.italiaeconomiaonline.it\/web\/caldo-coldiretti-boom-gelato-in-autunno-bollente\/#breadcrumb\"},\"inLanguage\":\"it-IT\",\"potentialAction\":[{\"@type\":\"ReadAction\",\"target\":[\"https:\/\/www.italiaeconomiaonline.it\/web\/caldo-coldiretti-boom-gelato-in-autunno-bollente\/\"]}]},{\"@type\":\"ImageObject\",\"inLanguage\":\"it-IT\",\"@id\":\"https:\/\/www.italiaeconomiaonline.it\/web\/caldo-coldiretti-boom-gelato-in-autunno-bollente\/#primaryimage\",\"url\":\"https:\/\/www.italiaeconomiaonline.it\/web\/wp-content\/uploads\/2020\/07\/Schermata-2020-07-01-alle-10.27.10.png\",\"contentUrl\":\"https:\/\/www.italiaeconomiaonline.it\/web\/wp-content\/uploads\/2020\/07\/Schermata-2020-07-01-alle-10.27.10.png\",\"width\":1376,\"height\":708},{\"@type\":\"BreadcrumbList\",\"@id\":\"https:\/\/www.italiaeconomiaonline.it\/web\/caldo-coldiretti-boom-gelato-in-autunno-bollente\/#breadcrumb\",\"itemListElement\":[{\"@type\":\"ListItem\",\"position\":1,\"name\":\"Home\",\"item\":\"https:\/\/www.italiaeconomiaonline.it\/web\/\"},{\"@type\":\"ListItem\",\"position\":2,\"name\":\"Caldo: Coldiretti, boom gelato in autunno bollente\"}]},{\"@type\":\"WebSite\",\"@id\":\"https:\/\/www.italiaeconomiaonline.it\/web\/#website\",\"url\":\"https:\/\/www.italiaeconomiaonline.it\/web\/\",\"name\":\"ItaliaEconomiaOnline\",\"description\":\"Quotidiano Economico Online\",\"potentialAction\":[{\"@type\":\"SearchAction\",\"target\":{\"@type\":\"EntryPoint\",\"urlTemplate\":\"https:\/\/www.italiaeconomiaonline.it\/web\/?s={search_term_string}\"},\"query-input\":\"required name=search_term_string\"}],\"inLanguage\":\"it-IT\"},{\"@type\":\"Person\",\"@id\":\"https:\/\/www.italiaeconomiaonline.it\/web\/#\/schema\/person\/909a49cce752523b020fbc37d5ab1c31\",\"name\":\"ladyitaliaeconomia\",\"image\":{\"@type\":\"ImageObject\",\"inLanguage\":\"it-IT\",\"@id\":\"https:\/\/www.italiaeconomiaonline.it\/web\/#\/schema\/person\/image\/\",\"url\":\"https:\/\/secure.gravatar.com\/avatar\/cedca10ce7416a579b9fa6bce9c0a8f2?s=96&d=mm&r=g\",\"contentUrl\":\"https:\/\/secure.gravatar.com\/avatar\/cedca10ce7416a579b9fa6bce9c0a8f2?s=96&d=mm&r=g\",\"caption\":\"ladyitaliaeconomia\"},\"url\":\"https:\/\/www.italiaeconomiaonline.it\/web\/author\/ladyitaliaeconomia\/\"}]}<\/script>\n<!-- \/ Yoast SEO plugin. -->","yoast_head_json":{"title":"Caldo: Coldiretti, boom gelato in autunno bollente -","robots":{"index":"index","follow":"follow","max-snippet":"max-snippet:-1","max-image-preview":"max-image-preview:large","max-video-preview":"max-video-preview:-1"},"canonical":"https:\/\/www.italiaeconomiaonline.it\/web\/caldo-coldiretti-boom-gelato-in-autunno-bollente\/","og_locale":"it_IT","og_type":"article","og_title":"Caldo: Coldiretti, boom gelato in autunno bollente -","og_description":"Il caldo anomalo spinge il consumo di gelato per difendersi dall\u2019afa e non arrendersi all\u2019arrivo dell\u2019autunno, con un aumento del 10% rispetto allo stesso periodo dello scorso anno. E\u2019 quanto emerge da una stima della Coldiretti sugli effetti delle temperature praticamente estive dopo un settembre che\u00a0si posiziona come il secondo pi\u00f9 caldo mai osservato con [&hellip;]","og_url":"https:\/\/www.italiaeconomiaonline.it\/web\/caldo-coldiretti-boom-gelato-in-autunno-bollente\/","og_site_name":"ItaliaEconomiaOnline","article_published_time":"2023-10-03T10:40:58+00:00","og_image":[{"width":1376,"height":708,"url":"https:\/\/www.italiaeconomiaonline.it\/web\/wp-content\/uploads\/2020\/07\/Schermata-2020-07-01-alle-10.27.10.png","type":"image\/png"}],"author":"ladyitaliaeconomia","twitter_card":"summary_large_image","twitter_misc":{"Scritto da":"ladyitaliaeconomia","Tempo di lettura stimato":"2 minuti"},"schema":{"@context":"https:\/\/schema.org","@graph":[{"@type":"WebPage","@id":"https:\/\/www.italiaeconomiaonline.it\/web\/caldo-coldiretti-boom-gelato-in-autunno-bollente\/","url":"https:\/\/www.italiaeconomiaonline.it\/web\/caldo-coldiretti-boom-gelato-in-autunno-bollente\/","name":"Caldo: Coldiretti, boom gelato in autunno bollente -","isPartOf":{"@id":"https:\/\/www.italiaeconomiaonline.it\/web\/#website"},"primaryImageOfPage":{"@id":"https:\/\/www.italiaeconomiaonline.it\/web\/caldo-coldiretti-boom-gelato-in-autunno-bollente\/#primaryimage"},"image":{"@id":"https:\/\/www.italiaeconomiaonline.it\/web\/caldo-coldiretti-boom-gelato-in-autunno-bollente\/#primaryimage"},"thumbnailUrl":"https:\/\/www.italiaeconomiaonline.it\/web\/wp-content\/uploads\/2020\/07\/Schermata-2020-07-01-alle-10.27.10.png","datePublished":"2023-10-03T10:40:58+00:00","dateModified":"2023-10-03T10:40:58+00:00","author":{"@id":"https:\/\/www.italiaeconomiaonline.it\/web\/#\/schema\/person\/909a49cce752523b020fbc37d5ab1c31"},"breadcrumb":{"@id":"https:\/\/www.italiaeconomiaonline.it\/web\/caldo-coldiretti-boom-gelato-in-autunno-bollente\/#breadcrumb"},"inLanguage":"it-IT","potentialAction":[{"@type":"ReadAction","target":["https:\/\/www.italiaeconomiaonline.it\/web\/caldo-coldiretti-boom-gelato-in-autunno-bollente\/"]}]},{"@type":"ImageObject","inLanguage":"it-IT","@id":"https:\/\/www.italiaeconomiaonline.it\/web\/caldo-coldiretti-boom-gelato-in-autunno-bollente\/#primaryimage","url":"https:\/\/www.italiaeconomiaonline.it\/web\/wp-content\/uploads\/2020\/07\/Schermata-2020-07-01-alle-10.27.10.png","contentUrl":"https:\/\/www.italiaeconomiaonline.it\/web\/wp-content\/uploads\/2020\/07\/Schermata-2020-07-01-alle-10.27.10.png","width":1376,"height":708},{"@type":"BreadcrumbList","@id":"https:\/\/www.italiaeconomiaonline.it\/web\/caldo-coldiretti-boom-gelato-in-autunno-bollente\/#breadcrumb","itemListElement":[{"@type":"ListItem","position":1,"name":"Home","item":"https:\/\/www.italiaeconomiaonline.it\/web\/"},{"@type":"ListItem","position":2,"name":"Caldo: Coldiretti, boom gelato in autunno bollente"}]},{"@type":"WebSite","@id":"https:\/\/www.italiaeconomiaonline.it\/web\/#website","url":"https:\/\/www.italiaeconomiaonline.it\/web\/","name":"ItaliaEconomiaOnline","description":"Quotidiano Economico Online","potentialAction":[{"@type":"SearchAction","target":{"@type":"EntryPoint","urlTemplate":"https:\/\/www.italiaeconomiaonline.it\/web\/?s={search_term_string}"},"query-input":"required name=search_term_string"}],"inLanguage":"it-IT"},{"@type":"Person","@id":"https:\/\/www.italiaeconomiaonline.it\/web\/#\/schema\/person\/909a49cce752523b020fbc37d5ab1c31","name":"ladyitaliaeconomia","image":{"@type":"ImageObject","inLanguage":"it-IT","@id":"https:\/\/www.italiaeconomiaonline.it\/web\/#\/schema\/person\/image\/","url":"https:\/\/secure.gravatar.com\/avatar\/cedca10ce7416a579b9fa6bce9c0a8f2?s=96&d=mm&r=g","contentUrl":"https:\/\/secure.gravatar.com\/avatar\/cedca10ce7416a579b9fa6bce9c0a8f2?s=96&d=mm&r=g","caption":"ladyitaliaeconomia"},"url":"https:\/\/www.italiaeconomiaonline.it\/web\/author\/ladyitaliaeconomia\/"}]}},"_links":{"self":[{"href":"https:\/\/www.italiaeconomiaonline.it\/web\/wp-json\/wp\/v2\/posts\/7333"}],"collection":[{"href":"https:\/\/www.italiaeconomiaonline.it\/web\/wp-json\/wp\/v2\/posts"}],"about":[{"href":"https:\/\/www.italiaeconomiaonline.it\/web\/wp-json\/wp\/v2\/types\/post"}],"author":[{"embeddable":true,"href":"https:\/\/www.italiaeconomiaonline.it\/web\/wp-json\/wp\/v2\/users\/1"}],"replies":[{"embeddable":true,"href":"https:\/\/www.italiaeconomiaonline.it\/web\/wp-json\/wp\/v2\/comments?post=7333"}],"version-history":[{"count":1,"href":"https:\/\/www.italiaeconomiaonline.it\/web\/wp-json\/wp\/v2\/posts\/7333\/revisions"}],"predecessor-version":[{"id":7334,"href":"https:\/\/www.italiaeconomiaonline.it\/web\/wp-json\/wp\/v2\/posts\/7333\/revisions\/7334"}],"wp:featuredmedia":[{"embeddable":true,"href":"https:\/\/www.italiaeconomiaonline.it\/web\/wp-json\/wp\/v2\/media\/3549"}],"wp:attachment":[{"href":"https:\/\/www.italiaeconomiaonline.it\/web\/wp-json\/wp\/v2\/media?parent=7333"}],"wp:term":[{"taxonomy":"category","embeddable":true,"href":"https:\/\/www.italiaeconomiaonline.it\/web\/wp-json\/wp\/v2\/categories?post=7333"},{"taxonomy":"post_tag","embeddable":true,"href":"https:\/\/www.italiaeconomiaonline.it\/web\/wp-json\/wp\/v2\/tags?post=7333"}],"curies":[{"name":"wp","href":"https:\/\/api.w.org\/{rel}","templated":true}]}}