{"id":7457,"date":"2024-01-22T12:35:27","date_gmt":"2024-01-22T11:35:27","guid":{"rendered":"https:\/\/www.italiaeconomiaonline.it\/web\/?p=7457"},"modified":"2024-01-22T12:35:27","modified_gmt":"2024-01-22T11:35:27","slug":"trasporti-confcommercio-prorogare-obbligo-assicurazioni-rca-veicoli-in-aree-private","status":"publish","type":"post","link":"https:\/\/www.italiaeconomiaonline.it\/web\/trasporti-confcommercio-prorogare-obbligo-assicurazioni-rca-veicoli-in-aree-private\/","title":{"rendered":"Trasporti, Confcommercio: &#8220;Prorogare obbligo assicurazioni Rca veicoli in aree private&#8221;"},"content":{"rendered":"<p><b>Prorogare al 31 dicembre 2024 l\u2019entrata in vigore degli obblighi derivanti dal recepimento della Direttiva europea 2118 del 2021 il cui decreto legislativo 22 novembre 2023<\/b>\u00a0\u00e8 stato pubblicato in Gazzetta Ufficiale lo scorso 23 dicembre, con cui si impone ai veicoli di ogni genere non circolanti, parcheggiati in aree private, di assolvere l\u2019obbligo assicurativo.<\/p>\n<p>Lo richiede\u00a0<b>Confcommercio Mobilit\u00e0<\/b>\u00a0con\u00a0<b>Federmotorizzazione<\/b>\u00a0(Federazione dei concessionari e rivenditori autoveicoli),\u00a0<b>Assocamp<\/b>\u00a0(veicoli ricreazionali, camper e caravan) e\u00a0<b>Federacma<\/b>\u00a0(commercianti macchine agricole, da giardino, movimento terra, costruzioni, sollevamento) che ha rivolto ai deputati delle Commissioni Affari Costituzionali e Bilancio della Camera un appello a depositare un emendamento al Dl Milleproroghe in discussione a Montecitorio.<\/p>\n<p>Le disposizioni si applicheranno sul commercio dei veicoli, camper e caravan nonch\u00e9 trattori agricoli, nuovi e usati, che si trovano in attesa di vendita presso le sedi degli operatori commerciali e su tutti quei mezzi che operano all\u2019interno dei cantieri.<\/p>\n<p><i>\u201cPurtroppo n\u00e9 in sede parlamentare n\u00e9 successivamente presso il Ministero dei Trasporti \u00e8 stato possibile avviare alcun confronto con gli operatori dei diversi settori su cui impatta, in maniera rilevante, questa normativa \u2013\u00a0<\/i><b>dichiara Simonpaolo Buongiardino, presidente di Confcommercio Mobilit\u00e0\u00a0<\/b>(che raggruppa Federmotorizzazione, Assocamp e Federacma)<i>\u00a0\u2013 Alle rappresentanze parlamentari chiediamo una proroga proprio per poter comprendere come questi obblighi normativi possano essere rispettati, dato che vengono coinvolti almeno 3 milioni di veicoli all\u2019anno e oggi non vi sono ancora compagnie che abbiano ideato un sistema ad hoc di coperture assicurative adatto alle esigenze degli operatori commerciali e che possa soddisfare l\u2019obbligo di legge\u201d.<\/i><\/p>\n<p><i>\u00a0<\/i><i>\u201cFacciamo appello al Ministero dei Trasporti \u2013\u00a0<\/i><b>conclude<\/b><i>\u00a0<\/i><b>Buongiardino<\/b><i>\u00a0\u2013 affinch\u00e9 si apra quanto prima un tavolo di confronto che possa anche portare a strumenti assicurativi che non costituiscano un onere eccessivo per i commercianti e, nel frattempo, si tutelino tutte le categorie con una proroga che dia a chiunque la possibilit\u00e0 di mettersi in regola\u201d.<\/i><\/p>\n","protected":false},"excerpt":{"rendered":"<p>Prorogare al 31 dicembre 2024 l\u2019entrata in vigore degli obblighi derivanti dal recepimento della Direttiva europea 2118 del 2021 il cui decreto legislativo 22 novembre 2023\u00a0\u00e8 stato pubblicato in Gazzetta Ufficiale lo scorso 23 dicembre, con cui si impone ai veicoli di ogni genere non circolanti, parcheggiati in aree private, di assolvere l\u2019obbligo assicurativo. Lo [&hellip;]<\/p>\n","protected":false},"author":1,"featured_media":2634,"comment_status":"closed","ping_status":"open","sticky":false,"template":"","format":"standard","meta":{"footnotes":""},"categories":[29],"tags":[],"yoast_head":"<!-- This site is optimized with the Yoast SEO plugin v22.2 - https:\/\/yoast.com\/wordpress\/plugins\/seo\/ -->\n<title>Trasporti, Confcommercio: &quot;Prorogare obbligo assicurazioni Rca veicoli in aree private&quot; -<\/title>\n<meta name=\"robots\" content=\"index, follow, max-snippet:-1, max-image-preview:large, max-video-preview:-1\" \/>\n<link rel=\"canonical\" href=\"http:\/\/www.italiaeconomiaonline.it\/web\/trasporti-confcommercio-prorogare-obbligo-assicurazioni-rca-veicoli-in-aree-private\/\" \/>\n<meta property=\"og:locale\" content=\"it_IT\" \/>\n<meta property=\"og:type\" content=\"article\" \/>\n<meta property=\"og:title\" content=\"Trasporti, Confcommercio: &quot;Prorogare obbligo assicurazioni Rca veicoli in aree private&quot; -\" \/>\n<meta property=\"og:description\" content=\"Prorogare al 31 dicembre 2024 l\u2019entrata in vigore degli obblighi derivanti dal recepimento della Direttiva europea 2118 del 2021 il cui decreto legislativo 22 novembre 2023\u00a0\u00e8 stato pubblicato in Gazzetta Ufficiale lo scorso 23 dicembre, con cui si impone ai veicoli di ogni genere non circolanti, parcheggiati in aree private, di assolvere l\u2019obbligo assicurativo. Lo [&hellip;]\" \/>\n<meta property=\"og:url\" content=\"http:\/\/www.italiaeconomiaonline.it\/web\/trasporti-confcommercio-prorogare-obbligo-assicurazioni-rca-veicoli-in-aree-private\/\" \/>\n<meta property=\"og:site_name\" content=\"ItaliaEconomiaOnline\" \/>\n<meta property=\"article:published_time\" content=\"2024-01-22T11:35:27+00:00\" \/>\n<meta property=\"og:image\" content=\"http:\/\/www.italiaeconomiaonline.it\/web\/wp-content\/uploads\/2020\/03\/truck-2920533_960_720.jpg\" \/>\n\t<meta property=\"og:image:width\" content=\"960\" \/>\n\t<meta property=\"og:image:height\" content=\"646\" \/>\n\t<meta property=\"og:image:type\" content=\"image\/jpeg\" \/>\n<meta name=\"author\" content=\"ladyitaliaeconomia\" \/>\n<meta name=\"twitter:card\" content=\"summary_large_image\" \/>\n<meta name=\"twitter:label1\" content=\"Scritto da\" \/>\n\t<meta name=\"twitter:data1\" content=\"ladyitaliaeconomia\" \/>\n\t<meta name=\"twitter:label2\" content=\"Tempo di lettura stimato\" \/>\n\t<meta name=\"twitter:data2\" content=\"2 minuti\" \/>\n<script type=\"application\/ld+json\" class=\"yoast-schema-graph\">{\"@context\":\"https:\/\/schema.org\",\"@graph\":[{\"@type\":\"WebPage\",\"@id\":\"http:\/\/www.italiaeconomiaonline.it\/web\/trasporti-confcommercio-prorogare-obbligo-assicurazioni-rca-veicoli-in-aree-private\/\",\"url\":\"http:\/\/www.italiaeconomiaonline.it\/web\/trasporti-confcommercio-prorogare-obbligo-assicurazioni-rca-veicoli-in-aree-private\/\",\"name\":\"Trasporti, Confcommercio: \\\"Prorogare obbligo assicurazioni Rca veicoli in aree private\\\" -\",\"isPartOf\":{\"@id\":\"https:\/\/www.italiaeconomiaonline.it\/web\/#website\"},\"primaryImageOfPage\":{\"@id\":\"http:\/\/www.italiaeconomiaonline.it\/web\/trasporti-confcommercio-prorogare-obbligo-assicurazioni-rca-veicoli-in-aree-private\/#primaryimage\"},\"image\":{\"@id\":\"http:\/\/www.italiaeconomiaonline.it\/web\/trasporti-confcommercio-prorogare-obbligo-assicurazioni-rca-veicoli-in-aree-private\/#primaryimage\"},\"thumbnailUrl\":\"https:\/\/www.italiaeconomiaonline.it\/web\/wp-content\/uploads\/2020\/03\/truck-2920533_960_720.jpg\",\"datePublished\":\"2024-01-22T11:35:27+00:00\",\"dateModified\":\"2024-01-22T11:35:27+00:00\",\"author\":{\"@id\":\"https:\/\/www.italiaeconomiaonline.it\/web\/#\/schema\/person\/909a49cce752523b020fbc37d5ab1c31\"},\"breadcrumb\":{\"@id\":\"http:\/\/www.italiaeconomiaonline.it\/web\/trasporti-confcommercio-prorogare-obbligo-assicurazioni-rca-veicoli-in-aree-private\/#breadcrumb\"},\"inLanguage\":\"it-IT\",\"potentialAction\":[{\"@type\":\"ReadAction\",\"target\":[\"http:\/\/www.italiaeconomiaonline.it\/web\/trasporti-confcommercio-prorogare-obbligo-assicurazioni-rca-veicoli-in-aree-private\/\"]}]},{\"@type\":\"ImageObject\",\"inLanguage\":\"it-IT\",\"@id\":\"http:\/\/www.italiaeconomiaonline.it\/web\/trasporti-confcommercio-prorogare-obbligo-assicurazioni-rca-veicoli-in-aree-private\/#primaryimage\",\"url\":\"https:\/\/www.italiaeconomiaonline.it\/web\/wp-content\/uploads\/2020\/03\/truck-2920533_960_720.jpg\",\"contentUrl\":\"https:\/\/www.italiaeconomiaonline.it\/web\/wp-content\/uploads\/2020\/03\/truck-2920533_960_720.jpg\",\"width\":960,\"height\":646},{\"@type\":\"BreadcrumbList\",\"@id\":\"http:\/\/www.italiaeconomiaonline.it\/web\/trasporti-confcommercio-prorogare-obbligo-assicurazioni-rca-veicoli-in-aree-private\/#breadcrumb\",\"itemListElement\":[{\"@type\":\"ListItem\",\"position\":1,\"name\":\"Home\",\"item\":\"https:\/\/www.italiaeconomiaonline.it\/web\/\"},{\"@type\":\"ListItem\",\"position\":2,\"name\":\"Trasporti, Confcommercio: &#8220;Prorogare obbligo assicurazioni Rca veicoli in aree private&#8221;\"}]},{\"@type\":\"WebSite\",\"@id\":\"https:\/\/www.italiaeconomiaonline.it\/web\/#website\",\"url\":\"https:\/\/www.italiaeconomiaonline.it\/web\/\",\"name\":\"ItaliaEconomiaOnline\",\"description\":\"Quotidiano Economico Online\",\"potentialAction\":[{\"@type\":\"SearchAction\",\"target\":{\"@type\":\"EntryPoint\",\"urlTemplate\":\"https:\/\/www.italiaeconomiaonline.it\/web\/?s={search_term_string}\"},\"query-input\":\"required name=search_term_string\"}],\"inLanguage\":\"it-IT\"},{\"@type\":\"Person\",\"@id\":\"https:\/\/www.italiaeconomiaonline.it\/web\/#\/schema\/person\/909a49cce752523b020fbc37d5ab1c31\",\"name\":\"ladyitaliaeconomia\",\"image\":{\"@type\":\"ImageObject\",\"inLanguage\":\"it-IT\",\"@id\":\"https:\/\/www.italiaeconomiaonline.it\/web\/#\/schema\/person\/image\/\",\"url\":\"https:\/\/secure.gravatar.com\/avatar\/cedca10ce7416a579b9fa6bce9c0a8f2?s=96&d=mm&r=g\",\"contentUrl\":\"https:\/\/secure.gravatar.com\/avatar\/cedca10ce7416a579b9fa6bce9c0a8f2?s=96&d=mm&r=g\",\"caption\":\"ladyitaliaeconomia\"},\"url\":\"https:\/\/www.italiaeconomiaonline.it\/web\/author\/ladyitaliaeconomia\/\"}]}<\/script>\n<!-- \/ Yoast SEO plugin. -->","yoast_head_json":{"title":"Trasporti, Confcommercio: \"Prorogare obbligo assicurazioni Rca veicoli in aree private\" -","robots":{"index":"index","follow":"follow","max-snippet":"max-snippet:-1","max-image-preview":"max-image-preview:large","max-video-preview":"max-video-preview:-1"},"canonical":"http:\/\/www.italiaeconomiaonline.it\/web\/trasporti-confcommercio-prorogare-obbligo-assicurazioni-rca-veicoli-in-aree-private\/","og_locale":"it_IT","og_type":"article","og_title":"Trasporti, Confcommercio: \"Prorogare obbligo assicurazioni Rca veicoli in aree private\" -","og_description":"Prorogare al 31 dicembre 2024 l\u2019entrata in vigore degli obblighi derivanti dal recepimento della Direttiva europea 2118 del 2021 il cui decreto legislativo 22 novembre 2023\u00a0\u00e8 stato pubblicato in Gazzetta Ufficiale lo scorso 23 dicembre, con cui si impone ai veicoli di ogni genere non circolanti, parcheggiati in aree private, di assolvere l\u2019obbligo assicurativo. Lo [&hellip;]","og_url":"http:\/\/www.italiaeconomiaonline.it\/web\/trasporti-confcommercio-prorogare-obbligo-assicurazioni-rca-veicoli-in-aree-private\/","og_site_name":"ItaliaEconomiaOnline","article_published_time":"2024-01-22T11:35:27+00:00","og_image":[{"width":960,"height":646,"url":"http:\/\/www.italiaeconomiaonline.it\/web\/wp-content\/uploads\/2020\/03\/truck-2920533_960_720.jpg","type":"image\/jpeg"}],"author":"ladyitaliaeconomia","twitter_card":"summary_large_image","twitter_misc":{"Scritto da":"ladyitaliaeconomia","Tempo di lettura stimato":"2 minuti"},"schema":{"@context":"https:\/\/schema.org","@graph":[{"@type":"WebPage","@id":"http:\/\/www.italiaeconomiaonline.it\/web\/trasporti-confcommercio-prorogare-obbligo-assicurazioni-rca-veicoli-in-aree-private\/","url":"http:\/\/www.italiaeconomiaonline.it\/web\/trasporti-confcommercio-prorogare-obbligo-assicurazioni-rca-veicoli-in-aree-private\/","name":"Trasporti, Confcommercio: \"Prorogare obbligo assicurazioni Rca veicoli in aree private\" -","isPartOf":{"@id":"https:\/\/www.italiaeconomiaonline.it\/web\/#website"},"primaryImageOfPage":{"@id":"http:\/\/www.italiaeconomiaonline.it\/web\/trasporti-confcommercio-prorogare-obbligo-assicurazioni-rca-veicoli-in-aree-private\/#primaryimage"},"image":{"@id":"http:\/\/www.italiaeconomiaonline.it\/web\/trasporti-confcommercio-prorogare-obbligo-assicurazioni-rca-veicoli-in-aree-private\/#primaryimage"},"thumbnailUrl":"https:\/\/www.italiaeconomiaonline.it\/web\/wp-content\/uploads\/2020\/03\/truck-2920533_960_720.jpg","datePublished":"2024-01-22T11:35:27+00:00","dateModified":"2024-01-22T11:35:27+00:00","author":{"@id":"https:\/\/www.italiaeconomiaonline.it\/web\/#\/schema\/person\/909a49cce752523b020fbc37d5ab1c31"},"breadcrumb":{"@id":"http:\/\/www.italiaeconomiaonline.it\/web\/trasporti-confcommercio-prorogare-obbligo-assicurazioni-rca-veicoli-in-aree-private\/#breadcrumb"},"inLanguage":"it-IT","potentialAction":[{"@type":"ReadAction","target":["http:\/\/www.italiaeconomiaonline.it\/web\/trasporti-confcommercio-prorogare-obbligo-assicurazioni-rca-veicoli-in-aree-private\/"]}]},{"@type":"ImageObject","inLanguage":"it-IT","@id":"http:\/\/www.italiaeconomiaonline.it\/web\/trasporti-confcommercio-prorogare-obbligo-assicurazioni-rca-veicoli-in-aree-private\/#primaryimage","url":"https:\/\/www.italiaeconomiaonline.it\/web\/wp-content\/uploads\/2020\/03\/truck-2920533_960_720.jpg","contentUrl":"https:\/\/www.italiaeconomiaonline.it\/web\/wp-content\/uploads\/2020\/03\/truck-2920533_960_720.jpg","width":960,"height":646},{"@type":"BreadcrumbList","@id":"http:\/\/www.italiaeconomiaonline.it\/web\/trasporti-confcommercio-prorogare-obbligo-assicurazioni-rca-veicoli-in-aree-private\/#breadcrumb","itemListElement":[{"@type":"ListItem","position":1,"name":"Home","item":"https:\/\/www.italiaeconomiaonline.it\/web\/"},{"@type":"ListItem","position":2,"name":"Trasporti, Confcommercio: &#8220;Prorogare obbligo assicurazioni Rca veicoli in aree private&#8221;"}]},{"@type":"WebSite","@id":"https:\/\/www.italiaeconomiaonline.it\/web\/#website","url":"https:\/\/www.italiaeconomiaonline.it\/web\/","name":"ItaliaEconomiaOnline","description":"Quotidiano Economico Online","potentialAction":[{"@type":"SearchAction","target":{"@type":"EntryPoint","urlTemplate":"https:\/\/www.italiaeconomiaonline.it\/web\/?s={search_term_string}"},"query-input":"required name=search_term_string"}],"inLanguage":"it-IT"},{"@type":"Person","@id":"https:\/\/www.italiaeconomiaonline.it\/web\/#\/schema\/person\/909a49cce752523b020fbc37d5ab1c31","name":"ladyitaliaeconomia","image":{"@type":"ImageObject","inLanguage":"it-IT","@id":"https:\/\/www.italiaeconomiaonline.it\/web\/#\/schema\/person\/image\/","url":"https:\/\/secure.gravatar.com\/avatar\/cedca10ce7416a579b9fa6bce9c0a8f2?s=96&d=mm&r=g","contentUrl":"https:\/\/secure.gravatar.com\/avatar\/cedca10ce7416a579b9fa6bce9c0a8f2?s=96&d=mm&r=g","caption":"ladyitaliaeconomia"},"url":"https:\/\/www.italiaeconomiaonline.it\/web\/author\/ladyitaliaeconomia\/"}]}},"_links":{"self":[{"href":"https:\/\/www.italiaeconomiaonline.it\/web\/wp-json\/wp\/v2\/posts\/7457"}],"collection":[{"href":"https:\/\/www.italiaeconomiaonline.it\/web\/wp-json\/wp\/v2\/posts"}],"about":[{"href":"https:\/\/www.italiaeconomiaonline.it\/web\/wp-json\/wp\/v2\/types\/post"}],"author":[{"embeddable":true,"href":"https:\/\/www.italiaeconomiaonline.it\/web\/wp-json\/wp\/v2\/users\/1"}],"replies":[{"embeddable":true,"href":"https:\/\/www.italiaeconomiaonline.it\/web\/wp-json\/wp\/v2\/comments?post=7457"}],"version-history":[{"count":1,"href":"https:\/\/www.italiaeconomiaonline.it\/web\/wp-json\/wp\/v2\/posts\/7457\/revisions"}],"predecessor-version":[{"id":7458,"href":"https:\/\/www.italiaeconomiaonline.it\/web\/wp-json\/wp\/v2\/posts\/7457\/revisions\/7458"}],"wp:featuredmedia":[{"embeddable":true,"href":"https:\/\/www.italiaeconomiaonline.it\/web\/wp-json\/wp\/v2\/media\/2634"}],"wp:attachment":[{"href":"https:\/\/www.italiaeconomiaonline.it\/web\/wp-json\/wp\/v2\/media?parent=7457"}],"wp:term":[{"taxonomy":"category","embeddable":true,"href":"https:\/\/www.italiaeconomiaonline.it\/web\/wp-json\/wp\/v2\/categories?post=7457"},{"taxonomy":"post_tag","embeddable":true,"href":"https:\/\/www.italiaeconomiaonline.it\/web\/wp-json\/wp\/v2\/tags?post=7457"}],"curies":[{"name":"wp","href":"https:\/\/api.w.org\/{rel}","templated":true}]}}