{"id":750,"date":"2019-05-21T15:43:16","date_gmt":"2019-05-21T13:43:16","guid":{"rendered":"http:\/\/www.italiaeconomiaonline.it\/web\/?p=750"},"modified":"2019-05-21T15:43:16","modified_gmt":"2019-05-21T13:43:16","slug":"giornata-biodiversita-gli-agricoltori-primi-gestori-a-tutela-del-patrimonio-ambientale","status":"publish","type":"post","link":"https:\/\/www.italiaeconomiaonline.it\/web\/giornata-biodiversita-gli-agricoltori-primi-gestori-a-tutela-del-patrimonio-ambientale\/","title":{"rendered":"Giornata biodiversit\u00e0, gli agricoltori primi gestori a tutela del patrimonio ambientale"},"content":{"rendered":"<p><span class=\"dropcap dropcap3\">D<\/span>omani \u00e8 la <strong>Giornata Mondiale della Biodiversit\u00e0, <\/strong><strong>istituita dall\u2019Assemblea generale della Nazioni Unite per<\/strong> celebrare l\u2019adozione della Convenzione sulla Diversit\u00e0 Biologica.<\/p>\n<blockquote class=\"td_quote_box td_box_left\"><p>Quest\u2019anno il tema \u00e8 l\u2019agricoltura e il suo ruolo per la salvaguardia del paesaggio e dell\u2019ambiente.<\/p><\/blockquote>\n<p>Confagricoltura evidenzia il ricco patrimonio di biodiversit\u00e0 che l\u2019Italia vanta su numerosi fronti e il lavoro degli agricoltori quali principali garanti di queste risorse naturali.La gestione del territorio, anche per le sollecitazioni dei cambiamenti climatici e di altre emergenze, sta cambiando in chiave sempre piu\u2019 sostenibile, a tutela e conservazione di questo patrimonio.<\/p>\n<p>&nbsp;<\/p>\n<p>Oltre il 90% della superficie UE \u00e8 costituito da aree rurali, agricole e forestali abitate dal 56% della popolazione europea. Inoltre, quelle ad alto valore naturale si aggirano tra i 4 milioni ed i 6 milioni di ettari.<\/p>\n<p>Una quota rilevante dell\u2019intera superficie agricola nazionale, concentrata soprattutto nelle regioni centro-meridionali e lungo le dorsali degli Appennini e delle Alpi, che rivestono un ruolo fondamentale come corridoi ecologici.<\/p>\n<p>&nbsp;<\/p>\n<p>Negli ultimi anni l\u2019implementazione dei siti Natura 2000 ha rappresentato in Europa un significativo contributo alla tutela della biodiversit\u00e0.<\/p>\n<p>&nbsp;<\/p>\n<p>In queste ampie aree del nostro territorio (praticamente 1\/5 della superficie nazionale), operano tantissimi agricoltori che, con le loro attivit\u00e0 economiche perfettamente inserite in questi contesti, contribuiscono con il loro impegno quotidiano alla conservazione della biodiversit\u00e0.<\/p>\n<p>&nbsp;<\/p>\n<p>\u201cPreservare questo patrimonio significa gestirlo in modo lungimirante e non passivo \u2013 afferma il presidente di Confagricoltura <strong>Massimiliano Giansanti<\/strong> \u2013 Quindi occorrono politiche agricole che favoriscano pratiche sostenibili e compatibili con la tutela della biodiversit\u00e0, ma che al contempo garantiscano anche stabilit\u00e0 di mercato e giusta remunerazione di tutte le fasi della filiera.<\/p>\n<p>In questa direzione ci possono aiutare la ricerca e l\u2019innovazione tecnologica applicate ad un\u2019agricoltura moderna, che valorizzi l\u2019ambiente a vantaggio di tutta la comunit\u00e0\u201d.<\/p>\n<p>&nbsp;<\/p>\n","protected":false},"excerpt":{"rendered":"<p>Domani \u00e8 la Giornata Mondiale della Biodiversit\u00e0, istituita dall\u2019Assemblea generale della Nazioni Unite per celebrare l\u2019adozione della Convenzione sulla Diversit\u00e0 Biologica. Quest\u2019anno il tema \u00e8 l\u2019agricoltura e il suo ruolo per la salvaguardia del paesaggio e dell\u2019ambiente. Confagricoltura evidenzia il ricco patrimonio di biodiversit\u00e0 che l\u2019Italia vanta su numerosi fronti e il lavoro degli agricoltori [&hellip;]<\/p>\n","protected":false},"author":1,"featured_media":268,"comment_status":"closed","ping_status":"open","sticky":false,"template":"","format":"standard","meta":{"footnotes":""},"categories":[56],"tags":[],"yoast_head":"<!-- This site is optimized with the Yoast SEO plugin v22.2 - https:\/\/yoast.com\/wordpress\/plugins\/seo\/ -->\n<title>Giornata biodiversit\u00e0, gli agricoltori primi gestori a tutela del patrimonio ambientale -<\/title>\n<meta name=\"robots\" content=\"index, follow, max-snippet:-1, max-image-preview:large, max-video-preview:-1\" \/>\n<link rel=\"canonical\" href=\"https:\/\/www.italiaeconomiaonline.it\/web\/giornata-biodiversita-gli-agricoltori-primi-gestori-a-tutela-del-patrimonio-ambientale\/\" \/>\n<meta property=\"og:locale\" content=\"it_IT\" \/>\n<meta property=\"og:type\" content=\"article\" \/>\n<meta property=\"og:title\" content=\"Giornata biodiversit\u00e0, gli agricoltori primi gestori a tutela del patrimonio ambientale -\" \/>\n<meta property=\"og:description\" content=\"Domani \u00e8 la Giornata Mondiale della Biodiversit\u00e0, istituita dall\u2019Assemblea generale della Nazioni Unite per celebrare l\u2019adozione della Convenzione sulla Diversit\u00e0 Biologica. Quest\u2019anno il tema \u00e8 l\u2019agricoltura e il suo ruolo per la salvaguardia del paesaggio e dell\u2019ambiente. Confagricoltura evidenzia il ricco patrimonio di biodiversit\u00e0 che l\u2019Italia vanta su numerosi fronti e il lavoro degli agricoltori [&hellip;]\" \/>\n<meta property=\"og:url\" content=\"https:\/\/www.italiaeconomiaonline.it\/web\/giornata-biodiversita-gli-agricoltori-primi-gestori-a-tutela-del-patrimonio-ambientale\/\" \/>\n<meta property=\"og:site_name\" content=\"ItaliaEconomiaOnline\" \/>\n<meta property=\"article:published_time\" content=\"2019-05-21T13:43:16+00:00\" \/>\n<meta property=\"og:image\" content=\"https:\/\/www.italiaeconomiaonline.it\/web\/wp-content\/uploads\/2018\/09\/agricoltura-1.jpg\" \/>\n\t<meta property=\"og:image:width\" content=\"960\" \/>\n\t<meta property=\"og:image:height\" content=\"571\" \/>\n\t<meta property=\"og:image:type\" content=\"image\/jpeg\" \/>\n<meta name=\"author\" content=\"ladyitaliaeconomia\" \/>\n<meta name=\"twitter:card\" content=\"summary_large_image\" \/>\n<meta name=\"twitter:label1\" content=\"Scritto da\" \/>\n\t<meta name=\"twitter:data1\" content=\"ladyitaliaeconomia\" \/>\n\t<meta name=\"twitter:label2\" content=\"Tempo di lettura stimato\" \/>\n\t<meta name=\"twitter:data2\" content=\"1 minuto\" \/>\n<script type=\"application\/ld+json\" class=\"yoast-schema-graph\">{\"@context\":\"https:\/\/schema.org\",\"@graph\":[{\"@type\":\"WebPage\",\"@id\":\"https:\/\/www.italiaeconomiaonline.it\/web\/giornata-biodiversita-gli-agricoltori-primi-gestori-a-tutela-del-patrimonio-ambientale\/\",\"url\":\"https:\/\/www.italiaeconomiaonline.it\/web\/giornata-biodiversita-gli-agricoltori-primi-gestori-a-tutela-del-patrimonio-ambientale\/\",\"name\":\"Giornata biodiversit\u00e0, gli agricoltori primi gestori a tutela del patrimonio ambientale -\",\"isPartOf\":{\"@id\":\"https:\/\/www.italiaeconomiaonline.it\/web\/#website\"},\"primaryImageOfPage\":{\"@id\":\"https:\/\/www.italiaeconomiaonline.it\/web\/giornata-biodiversita-gli-agricoltori-primi-gestori-a-tutela-del-patrimonio-ambientale\/#primaryimage\"},\"image\":{\"@id\":\"https:\/\/www.italiaeconomiaonline.it\/web\/giornata-biodiversita-gli-agricoltori-primi-gestori-a-tutela-del-patrimonio-ambientale\/#primaryimage\"},\"thumbnailUrl\":\"https:\/\/www.italiaeconomiaonline.it\/web\/wp-content\/uploads\/2018\/09\/agricoltura-1.jpg\",\"datePublished\":\"2019-05-21T13:43:16+00:00\",\"dateModified\":\"2019-05-21T13:43:16+00:00\",\"author\":{\"@id\":\"https:\/\/www.italiaeconomiaonline.it\/web\/#\/schema\/person\/909a49cce752523b020fbc37d5ab1c31\"},\"breadcrumb\":{\"@id\":\"https:\/\/www.italiaeconomiaonline.it\/web\/giornata-biodiversita-gli-agricoltori-primi-gestori-a-tutela-del-patrimonio-ambientale\/#breadcrumb\"},\"inLanguage\":\"it-IT\",\"potentialAction\":[{\"@type\":\"ReadAction\",\"target\":[\"https:\/\/www.italiaeconomiaonline.it\/web\/giornata-biodiversita-gli-agricoltori-primi-gestori-a-tutela-del-patrimonio-ambientale\/\"]}]},{\"@type\":\"ImageObject\",\"inLanguage\":\"it-IT\",\"@id\":\"https:\/\/www.italiaeconomiaonline.it\/web\/giornata-biodiversita-gli-agricoltori-primi-gestori-a-tutela-del-patrimonio-ambientale\/#primaryimage\",\"url\":\"https:\/\/www.italiaeconomiaonline.it\/web\/wp-content\/uploads\/2018\/09\/agricoltura-1.jpg\",\"contentUrl\":\"https:\/\/www.italiaeconomiaonline.it\/web\/wp-content\/uploads\/2018\/09\/agricoltura-1.jpg\",\"width\":960,\"height\":571},{\"@type\":\"BreadcrumbList\",\"@id\":\"https:\/\/www.italiaeconomiaonline.it\/web\/giornata-biodiversita-gli-agricoltori-primi-gestori-a-tutela-del-patrimonio-ambientale\/#breadcrumb\",\"itemListElement\":[{\"@type\":\"ListItem\",\"position\":1,\"name\":\"Home\",\"item\":\"https:\/\/www.italiaeconomiaonline.it\/web\/\"},{\"@type\":\"ListItem\",\"position\":2,\"name\":\"Giornata biodiversit\u00e0, gli agricoltori primi gestori a tutela del patrimonio ambientale\"}]},{\"@type\":\"WebSite\",\"@id\":\"https:\/\/www.italiaeconomiaonline.it\/web\/#website\",\"url\":\"https:\/\/www.italiaeconomiaonline.it\/web\/\",\"name\":\"ItaliaEconomiaOnline\",\"description\":\"Quotidiano Economico Online\",\"potentialAction\":[{\"@type\":\"SearchAction\",\"target\":{\"@type\":\"EntryPoint\",\"urlTemplate\":\"https:\/\/www.italiaeconomiaonline.it\/web\/?s={search_term_string}\"},\"query-input\":\"required name=search_term_string\"}],\"inLanguage\":\"it-IT\"},{\"@type\":\"Person\",\"@id\":\"https:\/\/www.italiaeconomiaonline.it\/web\/#\/schema\/person\/909a49cce752523b020fbc37d5ab1c31\",\"name\":\"ladyitaliaeconomia\",\"image\":{\"@type\":\"ImageObject\",\"inLanguage\":\"it-IT\",\"@id\":\"https:\/\/www.italiaeconomiaonline.it\/web\/#\/schema\/person\/image\/\",\"url\":\"https:\/\/secure.gravatar.com\/avatar\/cedca10ce7416a579b9fa6bce9c0a8f2?s=96&d=mm&r=g\",\"contentUrl\":\"https:\/\/secure.gravatar.com\/avatar\/cedca10ce7416a579b9fa6bce9c0a8f2?s=96&d=mm&r=g\",\"caption\":\"ladyitaliaeconomia\"},\"url\":\"https:\/\/www.italiaeconomiaonline.it\/web\/author\/ladyitaliaeconomia\/\"}]}<\/script>\n<!-- \/ Yoast SEO plugin. -->","yoast_head_json":{"title":"Giornata biodiversit\u00e0, gli agricoltori primi gestori a tutela del patrimonio ambientale -","robots":{"index":"index","follow":"follow","max-snippet":"max-snippet:-1","max-image-preview":"max-image-preview:large","max-video-preview":"max-video-preview:-1"},"canonical":"https:\/\/www.italiaeconomiaonline.it\/web\/giornata-biodiversita-gli-agricoltori-primi-gestori-a-tutela-del-patrimonio-ambientale\/","og_locale":"it_IT","og_type":"article","og_title":"Giornata biodiversit\u00e0, gli agricoltori primi gestori a tutela del patrimonio ambientale -","og_description":"Domani \u00e8 la Giornata Mondiale della Biodiversit\u00e0, istituita dall\u2019Assemblea generale della Nazioni Unite per celebrare l\u2019adozione della Convenzione sulla Diversit\u00e0 Biologica. Quest\u2019anno il tema \u00e8 l\u2019agricoltura e il suo ruolo per la salvaguardia del paesaggio e dell\u2019ambiente. Confagricoltura evidenzia il ricco patrimonio di biodiversit\u00e0 che l\u2019Italia vanta su numerosi fronti e il lavoro degli agricoltori [&hellip;]","og_url":"https:\/\/www.italiaeconomiaonline.it\/web\/giornata-biodiversita-gli-agricoltori-primi-gestori-a-tutela-del-patrimonio-ambientale\/","og_site_name":"ItaliaEconomiaOnline","article_published_time":"2019-05-21T13:43:16+00:00","og_image":[{"width":960,"height":571,"url":"https:\/\/www.italiaeconomiaonline.it\/web\/wp-content\/uploads\/2018\/09\/agricoltura-1.jpg","type":"image\/jpeg"}],"author":"ladyitaliaeconomia","twitter_card":"summary_large_image","twitter_misc":{"Scritto da":"ladyitaliaeconomia","Tempo di lettura stimato":"1 minuto"},"schema":{"@context":"https:\/\/schema.org","@graph":[{"@type":"WebPage","@id":"https:\/\/www.italiaeconomiaonline.it\/web\/giornata-biodiversita-gli-agricoltori-primi-gestori-a-tutela-del-patrimonio-ambientale\/","url":"https:\/\/www.italiaeconomiaonline.it\/web\/giornata-biodiversita-gli-agricoltori-primi-gestori-a-tutela-del-patrimonio-ambientale\/","name":"Giornata biodiversit\u00e0, gli agricoltori primi gestori a tutela del patrimonio ambientale -","isPartOf":{"@id":"https:\/\/www.italiaeconomiaonline.it\/web\/#website"},"primaryImageOfPage":{"@id":"https:\/\/www.italiaeconomiaonline.it\/web\/giornata-biodiversita-gli-agricoltori-primi-gestori-a-tutela-del-patrimonio-ambientale\/#primaryimage"},"image":{"@id":"https:\/\/www.italiaeconomiaonline.it\/web\/giornata-biodiversita-gli-agricoltori-primi-gestori-a-tutela-del-patrimonio-ambientale\/#primaryimage"},"thumbnailUrl":"https:\/\/www.italiaeconomiaonline.it\/web\/wp-content\/uploads\/2018\/09\/agricoltura-1.jpg","datePublished":"2019-05-21T13:43:16+00:00","dateModified":"2019-05-21T13:43:16+00:00","author":{"@id":"https:\/\/www.italiaeconomiaonline.it\/web\/#\/schema\/person\/909a49cce752523b020fbc37d5ab1c31"},"breadcrumb":{"@id":"https:\/\/www.italiaeconomiaonline.it\/web\/giornata-biodiversita-gli-agricoltori-primi-gestori-a-tutela-del-patrimonio-ambientale\/#breadcrumb"},"inLanguage":"it-IT","potentialAction":[{"@type":"ReadAction","target":["https:\/\/www.italiaeconomiaonline.it\/web\/giornata-biodiversita-gli-agricoltori-primi-gestori-a-tutela-del-patrimonio-ambientale\/"]}]},{"@type":"ImageObject","inLanguage":"it-IT","@id":"https:\/\/www.italiaeconomiaonline.it\/web\/giornata-biodiversita-gli-agricoltori-primi-gestori-a-tutela-del-patrimonio-ambientale\/#primaryimage","url":"https:\/\/www.italiaeconomiaonline.it\/web\/wp-content\/uploads\/2018\/09\/agricoltura-1.jpg","contentUrl":"https:\/\/www.italiaeconomiaonline.it\/web\/wp-content\/uploads\/2018\/09\/agricoltura-1.jpg","width":960,"height":571},{"@type":"BreadcrumbList","@id":"https:\/\/www.italiaeconomiaonline.it\/web\/giornata-biodiversita-gli-agricoltori-primi-gestori-a-tutela-del-patrimonio-ambientale\/#breadcrumb","itemListElement":[{"@type":"ListItem","position":1,"name":"Home","item":"https:\/\/www.italiaeconomiaonline.it\/web\/"},{"@type":"ListItem","position":2,"name":"Giornata biodiversit\u00e0, gli agricoltori primi gestori a tutela del patrimonio ambientale"}]},{"@type":"WebSite","@id":"https:\/\/www.italiaeconomiaonline.it\/web\/#website","url":"https:\/\/www.italiaeconomiaonline.it\/web\/","name":"ItaliaEconomiaOnline","description":"Quotidiano Economico Online","potentialAction":[{"@type":"SearchAction","target":{"@type":"EntryPoint","urlTemplate":"https:\/\/www.italiaeconomiaonline.it\/web\/?s={search_term_string}"},"query-input":"required name=search_term_string"}],"inLanguage":"it-IT"},{"@type":"Person","@id":"https:\/\/www.italiaeconomiaonline.it\/web\/#\/schema\/person\/909a49cce752523b020fbc37d5ab1c31","name":"ladyitaliaeconomia","image":{"@type":"ImageObject","inLanguage":"it-IT","@id":"https:\/\/www.italiaeconomiaonline.it\/web\/#\/schema\/person\/image\/","url":"https:\/\/secure.gravatar.com\/avatar\/cedca10ce7416a579b9fa6bce9c0a8f2?s=96&d=mm&r=g","contentUrl":"https:\/\/secure.gravatar.com\/avatar\/cedca10ce7416a579b9fa6bce9c0a8f2?s=96&d=mm&r=g","caption":"ladyitaliaeconomia"},"url":"https:\/\/www.italiaeconomiaonline.it\/web\/author\/ladyitaliaeconomia\/"}]}},"_links":{"self":[{"href":"https:\/\/www.italiaeconomiaonline.it\/web\/wp-json\/wp\/v2\/posts\/750"}],"collection":[{"href":"https:\/\/www.italiaeconomiaonline.it\/web\/wp-json\/wp\/v2\/posts"}],"about":[{"href":"https:\/\/www.italiaeconomiaonline.it\/web\/wp-json\/wp\/v2\/types\/post"}],"author":[{"embeddable":true,"href":"https:\/\/www.italiaeconomiaonline.it\/web\/wp-json\/wp\/v2\/users\/1"}],"replies":[{"embeddable":true,"href":"https:\/\/www.italiaeconomiaonline.it\/web\/wp-json\/wp\/v2\/comments?post=750"}],"version-history":[{"count":1,"href":"https:\/\/www.italiaeconomiaonline.it\/web\/wp-json\/wp\/v2\/posts\/750\/revisions"}],"predecessor-version":[{"id":751,"href":"https:\/\/www.italiaeconomiaonline.it\/web\/wp-json\/wp\/v2\/posts\/750\/revisions\/751"}],"wp:featuredmedia":[{"embeddable":true,"href":"https:\/\/www.italiaeconomiaonline.it\/web\/wp-json\/wp\/v2\/media\/268"}],"wp:attachment":[{"href":"https:\/\/www.italiaeconomiaonline.it\/web\/wp-json\/wp\/v2\/media?parent=750"}],"wp:term":[{"taxonomy":"category","embeddable":true,"href":"https:\/\/www.italiaeconomiaonline.it\/web\/wp-json\/wp\/v2\/categories?post=750"},{"taxonomy":"post_tag","embeddable":true,"href":"https:\/\/www.italiaeconomiaonline.it\/web\/wp-json\/wp\/v2\/tags?post=750"}],"curies":[{"name":"wp","href":"https:\/\/api.w.org\/{rel}","templated":true}]}}