{"id":752,"date":"2019-05-21T16:27:19","date_gmt":"2019-05-21T14:27:19","guid":{"rendered":"http:\/\/www.italiaeconomiaonline.it\/web\/?p=752"},"modified":"2019-05-21T16:27:19","modified_gmt":"2019-05-21T14:27:19","slug":"pace-fiscale-per-i-contribuenti-in-buona-fede-ce-piu-tempo-per-rimediare-agli-errori","status":"publish","type":"post","link":"https:\/\/www.italiaeconomiaonline.it\/web\/pace-fiscale-per-i-contribuenti-in-buona-fede-ce-piu-tempo-per-rimediare-agli-errori\/","title":{"rendered":"Pace fiscale, per i contribuenti in buona fede c&#8217;\u00e8 pi\u00f9 tempo per rimediare agli errori"},"content":{"rendered":"<p><span class=\"dropcap dropcap3\">O<\/span>k alla definizione agevolata delle violazioni formali anche se non sono state corrette tutte le irregolarit\u00e0.<\/p>\n<p>Pi\u00f9 tempo rispetto al termine del 2 marzo 2020 per chi riceve un invito da parte dell\u2019ufficio, che potr\u00e0 usufruire, in presenza di un giustificato motivo (per esempio se non \u00e8 riuscito a individuare tutte le violazioni formali commesse) di ulteriori 30 giorni dalla ricezione, ad esempio, di una lettera di compliance per mettersi in regola.<\/p>\n<p>Ci\u00f2, naturalmente, a patto che abbia provveduto, entro il termine del 31 maggio 2019, al versamento della prima o unica rata. Sono i chiarimenti sulla definizione agevolata delle irregolarit\u00e0 formali (art. 9 Dl n. 119\/2018) contenuti nella circolare n 11\/E di oggi, che segue il provvedimento del 15 marzo 2019 e la risoluzione n. 37\/E del 21 marzo 2019 (con cui \u00e8 stato istituito il codice tributo da utilizzare per il versamento).<\/p>\n<p>In particolare il documento di prassi si sofferma sull\u2019ambito oggettivo di applicazione della misura, elencando le infrazioni, inosservanze e omissioni di natura formale ammesse alla definizione e quelle che &#8211; cos\u00ec come le violazioni sostanziali &#8211; restano fuori dalla definizione agevolata.<\/p>\n<p><strong>Quali sono le violazioni definibili<\/strong> &#8211; La regolarizzazione riguarda le infrazioni e le inosservanze di obblighi o adempimenti di natura formale, commesse, entro il 24 ottobre 2018, in materia di imposta sul valore aggiunto, di imposta sulle attivit\u00e0 produttive, imposte dirette e relative addizionali, imposte sostitutive, ritenute alle fonte e crediti d\u2019imposta, che non hanno inciso sulla determinazione della base imponibile, dell&#8217;imposta e sul versamento del tributo, ma che possono comunque arrecare pregiudizio all&#8217;esercizio dell\u2019attivit\u00e0 di controllo.<\/p>\n<p>Tra le violazioni definibili rientrano l\u2019omessa o irregolare presentazione delle comunicazioni dei dati delle fatture emesse e ricevute, la mancata o incompleta restituzione dei questionari inviati dall\u2019Agenzia, la tardiva trasmissione delle dichiarazioni da parte degli intermediari, l\u2019omessa comunicazione della risoluzione del contratto di locazione soggetto a cedolare secca.<\/p>\n<p><strong>Quando \u00e8 esclusa la regolarizzazione<\/strong> &#8211; Sono escluse dalla definizione agevolata le violazioni sostanziali, ossia quelle che hanno inciso sulla determinazione dell\u2019imponibile, dell\u2019imposta o sul pagamento del tributo.<\/p>\n<p>Non rientrano nell\u2019ambito di applicazione della definizione: l\u2019omessa presentazione delle dichiarazioni fiscali, in quanto l\u2019omissione rileva ai fini della determinazione della base imponibile anche in assenza di imposta dovuta, l\u2019omessa presentazione del modello F24 con saldo pari a zero, l\u2019indicazione di componenti negativi indeducibili come nell\u2019ipotesi di fatture ricevute a fronte di operazioni oggettivamente inesistenti, la mancata emissione di fatture, ricevute e scontrini fiscali, quando hanno inciso sulla corretta liquidazione del tributo, l\u2019omessa o irregolare presentazione delle liquidazioni periodiche Iva quando la violazione ha avuto riflessi sul debito d\u2019imposta.<\/p>\n<p><strong>La rimozione delle irregolarit\u00e0<\/strong> &#8211; Ai fini del perfezionamento della definizione, oltre al versamento delle somme dovute, \u00e8 necessario provvedere, entro il 2 marzo 2020, alla rimozione delle infrazioni compiute.<\/p>\n<p>Qualora il contribuente non abbia rimosso in buona fede tutte le irregolarit\u00e0 commesse, ha la possibilit\u00e0 di provvedervi entro trenta giorni dalla ricezione di invito da parte dell\u2019Agenzia delle Entrate.<\/p>\n<p>Ad esempio, se il contribuente riceve una lettera di compliance il 5 luglio 2019 con la segnalazione di una violazione formale relativa al periodo d\u2019imposta 2017, l\u2019irregolarit\u00e0 pu\u00f2 essere rimossa al pi\u00f9 tardi entro il 2 marzo 2020, purch\u00e9 entro il 31 maggio 2019 sia gi\u00e0 stato effettuato il versamento della prima o unica rata per lo stesso periodo d\u2019imposta. Se invece la lettera viene ricevuta il 28 febbraio 2020, il contribuente ha a disposizione 30 giorni per rimuovere la violazione purch\u00e9 il versamento per il 2017 sia stato effettuato in tutto o in parte entro il 31 maggio 2019.<\/p>\n<p>L\u2019omessa rimozione di tutte le violazioni non pregiudica il perfezionarsi della definizione per le altre violazioni correttamente regolarizzate all\u2019interno dello stesso periodo d\u2019imposta. In alcuni casi non \u00e8 necessario procedere alla rimozione, come per le violazioni del principio di competenza, se non incidono sull\u2019imposta dovuta o per l\u2019omessa presentazione delle liquidazioni periodiche Iva purch\u00e9 i dati siano confluiti nella dichiarazione Iva annuale.<\/p>\n<p><strong>Modi e tempi per la definizione agevolata delle violazioni formali<\/strong> \u2013 La regolarizzazione si perfeziona mediante la rimozione delle irregolarit\u00e0 od omissioni e il versamento di 200 euro per ciascuno dei periodi d\u2019imposta cui si riferiscono le violazioni formali indicati nel modello F24.<\/p>\n<p>Il contribuente pu\u00f2 scegliere quali e quanti periodi d\u2019imposta regolarizzare. Il versamento pu\u00f2 essere effettuato in due rate di pari importo, la prima entro il 31 maggio 2019 e la seconda entro il 2 marzo 2020. \u00c9 consentito anche il versamento in un&#8217;unica soluzione entro il 31 maggio 2019.<\/p>\n","protected":false},"excerpt":{"rendered":"<p>Ok alla definizione agevolata delle violazioni formali anche se non sono state corrette tutte le irregolarit\u00e0. Pi\u00f9 tempo rispetto al termine del 2 marzo 2020 per chi riceve un invito da parte dell\u2019ufficio, che potr\u00e0 usufruire, in presenza di un giustificato motivo (per esempio se non \u00e8 riuscito a individuare tutte le violazioni formali commesse) [&hellip;]<\/p>\n","protected":false},"author":1,"featured_media":754,"comment_status":"closed","ping_status":"open","sticky":false,"template":"","format":"standard","meta":{"footnotes":""},"categories":[41],"tags":[145,346,345],"yoast_head":"<!-- This site is optimized with the Yoast SEO plugin v22.2 - https:\/\/yoast.com\/wordpress\/plugins\/seo\/ -->\n<title>Pace fiscale, per i contribuenti in buona fede c&#039;\u00e8 pi\u00f9 tempo per rimediare agli errori -<\/title>\n<meta name=\"robots\" content=\"index, follow, max-snippet:-1, max-image-preview:large, max-video-preview:-1\" \/>\n<link rel=\"canonical\" href=\"https:\/\/www.italiaeconomiaonline.it\/web\/pace-fiscale-per-i-contribuenti-in-buona-fede-ce-piu-tempo-per-rimediare-agli-errori\/\" \/>\n<meta property=\"og:locale\" content=\"it_IT\" \/>\n<meta property=\"og:type\" content=\"article\" \/>\n<meta property=\"og:title\" content=\"Pace fiscale, per i contribuenti in buona fede c&#039;\u00e8 pi\u00f9 tempo per rimediare agli errori -\" \/>\n<meta property=\"og:description\" content=\"Ok alla definizione agevolata delle violazioni formali anche se non sono state corrette tutte le irregolarit\u00e0. Pi\u00f9 tempo rispetto al termine del 2 marzo 2020 per chi riceve un invito da parte dell\u2019ufficio, che potr\u00e0 usufruire, in presenza di un giustificato motivo (per esempio se non \u00e8 riuscito a individuare tutte le violazioni formali commesse) [&hellip;]\" \/>\n<meta property=\"og:url\" content=\"https:\/\/www.italiaeconomiaonline.it\/web\/pace-fiscale-per-i-contribuenti-in-buona-fede-ce-piu-tempo-per-rimediare-agli-errori\/\" \/>\n<meta property=\"og:site_name\" content=\"ItaliaEconomiaOnline\" \/>\n<meta property=\"article:published_time\" content=\"2019-05-21T14:27:19+00:00\" \/>\n<meta property=\"og:image\" content=\"https:\/\/www.italiaeconomiaonline.it\/web\/wp-content\/uploads\/2019\/05\/pace-fiscale.jpg\" \/>\n\t<meta property=\"og:image:width\" content=\"960\" \/>\n\t<meta property=\"og:image:height\" content=\"719\" \/>\n\t<meta property=\"og:image:type\" content=\"image\/jpeg\" \/>\n<meta name=\"author\" content=\"ladyitaliaeconomia\" \/>\n<meta name=\"twitter:card\" content=\"summary_large_image\" \/>\n<meta name=\"twitter:label1\" content=\"Scritto da\" \/>\n\t<meta name=\"twitter:data1\" content=\"ladyitaliaeconomia\" \/>\n\t<meta name=\"twitter:label2\" content=\"Tempo di lettura stimato\" \/>\n\t<meta name=\"twitter:data2\" content=\"4 minuti\" \/>\n<script type=\"application\/ld+json\" class=\"yoast-schema-graph\">{\"@context\":\"https:\/\/schema.org\",\"@graph\":[{\"@type\":\"WebPage\",\"@id\":\"https:\/\/www.italiaeconomiaonline.it\/web\/pace-fiscale-per-i-contribuenti-in-buona-fede-ce-piu-tempo-per-rimediare-agli-errori\/\",\"url\":\"https:\/\/www.italiaeconomiaonline.it\/web\/pace-fiscale-per-i-contribuenti-in-buona-fede-ce-piu-tempo-per-rimediare-agli-errori\/\",\"name\":\"Pace fiscale, per i contribuenti in buona fede c'\u00e8 pi\u00f9 tempo per rimediare agli errori -\",\"isPartOf\":{\"@id\":\"https:\/\/www.italiaeconomiaonline.it\/web\/#website\"},\"primaryImageOfPage\":{\"@id\":\"https:\/\/www.italiaeconomiaonline.it\/web\/pace-fiscale-per-i-contribuenti-in-buona-fede-ce-piu-tempo-per-rimediare-agli-errori\/#primaryimage\"},\"image\":{\"@id\":\"https:\/\/www.italiaeconomiaonline.it\/web\/pace-fiscale-per-i-contribuenti-in-buona-fede-ce-piu-tempo-per-rimediare-agli-errori\/#primaryimage\"},\"thumbnailUrl\":\"https:\/\/www.italiaeconomiaonline.it\/web\/wp-content\/uploads\/2019\/05\/pace-fiscale.jpg\",\"datePublished\":\"2019-05-21T14:27:19+00:00\",\"dateModified\":\"2019-05-21T14:27:19+00:00\",\"author\":{\"@id\":\"https:\/\/www.italiaeconomiaonline.it\/web\/#\/schema\/person\/909a49cce752523b020fbc37d5ab1c31\"},\"breadcrumb\":{\"@id\":\"https:\/\/www.italiaeconomiaonline.it\/web\/pace-fiscale-per-i-contribuenti-in-buona-fede-ce-piu-tempo-per-rimediare-agli-errori\/#breadcrumb\"},\"inLanguage\":\"it-IT\",\"potentialAction\":[{\"@type\":\"ReadAction\",\"target\":[\"https:\/\/www.italiaeconomiaonline.it\/web\/pace-fiscale-per-i-contribuenti-in-buona-fede-ce-piu-tempo-per-rimediare-agli-errori\/\"]}]},{\"@type\":\"ImageObject\",\"inLanguage\":\"it-IT\",\"@id\":\"https:\/\/www.italiaeconomiaonline.it\/web\/pace-fiscale-per-i-contribuenti-in-buona-fede-ce-piu-tempo-per-rimediare-agli-errori\/#primaryimage\",\"url\":\"https:\/\/www.italiaeconomiaonline.it\/web\/wp-content\/uploads\/2019\/05\/pace-fiscale.jpg\",\"contentUrl\":\"https:\/\/www.italiaeconomiaonline.it\/web\/wp-content\/uploads\/2019\/05\/pace-fiscale.jpg\",\"width\":960,\"height\":719,\"caption\":\"pace fiscale\"},{\"@type\":\"BreadcrumbList\",\"@id\":\"https:\/\/www.italiaeconomiaonline.it\/web\/pace-fiscale-per-i-contribuenti-in-buona-fede-ce-piu-tempo-per-rimediare-agli-errori\/#breadcrumb\",\"itemListElement\":[{\"@type\":\"ListItem\",\"position\":1,\"name\":\"Home\",\"item\":\"https:\/\/www.italiaeconomiaonline.it\/web\/\"},{\"@type\":\"ListItem\",\"position\":2,\"name\":\"Pace fiscale, per i contribuenti in buona fede c&#8217;\u00e8 pi\u00f9 tempo per rimediare agli errori\"}]},{\"@type\":\"WebSite\",\"@id\":\"https:\/\/www.italiaeconomiaonline.it\/web\/#website\",\"url\":\"https:\/\/www.italiaeconomiaonline.it\/web\/\",\"name\":\"ItaliaEconomiaOnline\",\"description\":\"Quotidiano Economico Online\",\"potentialAction\":[{\"@type\":\"SearchAction\",\"target\":{\"@type\":\"EntryPoint\",\"urlTemplate\":\"https:\/\/www.italiaeconomiaonline.it\/web\/?s={search_term_string}\"},\"query-input\":\"required name=search_term_string\"}],\"inLanguage\":\"it-IT\"},{\"@type\":\"Person\",\"@id\":\"https:\/\/www.italiaeconomiaonline.it\/web\/#\/schema\/person\/909a49cce752523b020fbc37d5ab1c31\",\"name\":\"ladyitaliaeconomia\",\"image\":{\"@type\":\"ImageObject\",\"inLanguage\":\"it-IT\",\"@id\":\"https:\/\/www.italiaeconomiaonline.it\/web\/#\/schema\/person\/image\/\",\"url\":\"https:\/\/secure.gravatar.com\/avatar\/cedca10ce7416a579b9fa6bce9c0a8f2?s=96&d=mm&r=g\",\"contentUrl\":\"https:\/\/secure.gravatar.com\/avatar\/cedca10ce7416a579b9fa6bce9c0a8f2?s=96&d=mm&r=g\",\"caption\":\"ladyitaliaeconomia\"},\"url\":\"https:\/\/www.italiaeconomiaonline.it\/web\/author\/ladyitaliaeconomia\/\"}]}<\/script>\n<!-- \/ Yoast SEO plugin. -->","yoast_head_json":{"title":"Pace fiscale, per i contribuenti in buona fede c'\u00e8 pi\u00f9 tempo per rimediare agli errori -","robots":{"index":"index","follow":"follow","max-snippet":"max-snippet:-1","max-image-preview":"max-image-preview:large","max-video-preview":"max-video-preview:-1"},"canonical":"https:\/\/www.italiaeconomiaonline.it\/web\/pace-fiscale-per-i-contribuenti-in-buona-fede-ce-piu-tempo-per-rimediare-agli-errori\/","og_locale":"it_IT","og_type":"article","og_title":"Pace fiscale, per i contribuenti in buona fede c'\u00e8 pi\u00f9 tempo per rimediare agli errori -","og_description":"Ok alla definizione agevolata delle violazioni formali anche se non sono state corrette tutte le irregolarit\u00e0. Pi\u00f9 tempo rispetto al termine del 2 marzo 2020 per chi riceve un invito da parte dell\u2019ufficio, che potr\u00e0 usufruire, in presenza di un giustificato motivo (per esempio se non \u00e8 riuscito a individuare tutte le violazioni formali commesse) [&hellip;]","og_url":"https:\/\/www.italiaeconomiaonline.it\/web\/pace-fiscale-per-i-contribuenti-in-buona-fede-ce-piu-tempo-per-rimediare-agli-errori\/","og_site_name":"ItaliaEconomiaOnline","article_published_time":"2019-05-21T14:27:19+00:00","og_image":[{"width":960,"height":719,"url":"https:\/\/www.italiaeconomiaonline.it\/web\/wp-content\/uploads\/2019\/05\/pace-fiscale.jpg","type":"image\/jpeg"}],"author":"ladyitaliaeconomia","twitter_card":"summary_large_image","twitter_misc":{"Scritto da":"ladyitaliaeconomia","Tempo di lettura stimato":"4 minuti"},"schema":{"@context":"https:\/\/schema.org","@graph":[{"@type":"WebPage","@id":"https:\/\/www.italiaeconomiaonline.it\/web\/pace-fiscale-per-i-contribuenti-in-buona-fede-ce-piu-tempo-per-rimediare-agli-errori\/","url":"https:\/\/www.italiaeconomiaonline.it\/web\/pace-fiscale-per-i-contribuenti-in-buona-fede-ce-piu-tempo-per-rimediare-agli-errori\/","name":"Pace fiscale, per i contribuenti in buona fede c'\u00e8 pi\u00f9 tempo per rimediare agli errori -","isPartOf":{"@id":"https:\/\/www.italiaeconomiaonline.it\/web\/#website"},"primaryImageOfPage":{"@id":"https:\/\/www.italiaeconomiaonline.it\/web\/pace-fiscale-per-i-contribuenti-in-buona-fede-ce-piu-tempo-per-rimediare-agli-errori\/#primaryimage"},"image":{"@id":"https:\/\/www.italiaeconomiaonline.it\/web\/pace-fiscale-per-i-contribuenti-in-buona-fede-ce-piu-tempo-per-rimediare-agli-errori\/#primaryimage"},"thumbnailUrl":"https:\/\/www.italiaeconomiaonline.it\/web\/wp-content\/uploads\/2019\/05\/pace-fiscale.jpg","datePublished":"2019-05-21T14:27:19+00:00","dateModified":"2019-05-21T14:27:19+00:00","author":{"@id":"https:\/\/www.italiaeconomiaonline.it\/web\/#\/schema\/person\/909a49cce752523b020fbc37d5ab1c31"},"breadcrumb":{"@id":"https:\/\/www.italiaeconomiaonline.it\/web\/pace-fiscale-per-i-contribuenti-in-buona-fede-ce-piu-tempo-per-rimediare-agli-errori\/#breadcrumb"},"inLanguage":"it-IT","potentialAction":[{"@type":"ReadAction","target":["https:\/\/www.italiaeconomiaonline.it\/web\/pace-fiscale-per-i-contribuenti-in-buona-fede-ce-piu-tempo-per-rimediare-agli-errori\/"]}]},{"@type":"ImageObject","inLanguage":"it-IT","@id":"https:\/\/www.italiaeconomiaonline.it\/web\/pace-fiscale-per-i-contribuenti-in-buona-fede-ce-piu-tempo-per-rimediare-agli-errori\/#primaryimage","url":"https:\/\/www.italiaeconomiaonline.it\/web\/wp-content\/uploads\/2019\/05\/pace-fiscale.jpg","contentUrl":"https:\/\/www.italiaeconomiaonline.it\/web\/wp-content\/uploads\/2019\/05\/pace-fiscale.jpg","width":960,"height":719,"caption":"pace fiscale"},{"@type":"BreadcrumbList","@id":"https:\/\/www.italiaeconomiaonline.it\/web\/pace-fiscale-per-i-contribuenti-in-buona-fede-ce-piu-tempo-per-rimediare-agli-errori\/#breadcrumb","itemListElement":[{"@type":"ListItem","position":1,"name":"Home","item":"https:\/\/www.italiaeconomiaonline.it\/web\/"},{"@type":"ListItem","position":2,"name":"Pace fiscale, per i contribuenti in buona fede c&#8217;\u00e8 pi\u00f9 tempo per rimediare agli errori"}]},{"@type":"WebSite","@id":"https:\/\/www.italiaeconomiaonline.it\/web\/#website","url":"https:\/\/www.italiaeconomiaonline.it\/web\/","name":"ItaliaEconomiaOnline","description":"Quotidiano Economico Online","potentialAction":[{"@type":"SearchAction","target":{"@type":"EntryPoint","urlTemplate":"https:\/\/www.italiaeconomiaonline.it\/web\/?s={search_term_string}"},"query-input":"required name=search_term_string"}],"inLanguage":"it-IT"},{"@type":"Person","@id":"https:\/\/www.italiaeconomiaonline.it\/web\/#\/schema\/person\/909a49cce752523b020fbc37d5ab1c31","name":"ladyitaliaeconomia","image":{"@type":"ImageObject","inLanguage":"it-IT","@id":"https:\/\/www.italiaeconomiaonline.it\/web\/#\/schema\/person\/image\/","url":"https:\/\/secure.gravatar.com\/avatar\/cedca10ce7416a579b9fa6bce9c0a8f2?s=96&d=mm&r=g","contentUrl":"https:\/\/secure.gravatar.com\/avatar\/cedca10ce7416a579b9fa6bce9c0a8f2?s=96&d=mm&r=g","caption":"ladyitaliaeconomia"},"url":"https:\/\/www.italiaeconomiaonline.it\/web\/author\/ladyitaliaeconomia\/"}]}},"_links":{"self":[{"href":"https:\/\/www.italiaeconomiaonline.it\/web\/wp-json\/wp\/v2\/posts\/752"}],"collection":[{"href":"https:\/\/www.italiaeconomiaonline.it\/web\/wp-json\/wp\/v2\/posts"}],"about":[{"href":"https:\/\/www.italiaeconomiaonline.it\/web\/wp-json\/wp\/v2\/types\/post"}],"author":[{"embeddable":true,"href":"https:\/\/www.italiaeconomiaonline.it\/web\/wp-json\/wp\/v2\/users\/1"}],"replies":[{"embeddable":true,"href":"https:\/\/www.italiaeconomiaonline.it\/web\/wp-json\/wp\/v2\/comments?post=752"}],"version-history":[{"count":2,"href":"https:\/\/www.italiaeconomiaonline.it\/web\/wp-json\/wp\/v2\/posts\/752\/revisions"}],"predecessor-version":[{"id":755,"href":"https:\/\/www.italiaeconomiaonline.it\/web\/wp-json\/wp\/v2\/posts\/752\/revisions\/755"}],"wp:featuredmedia":[{"embeddable":true,"href":"https:\/\/www.italiaeconomiaonline.it\/web\/wp-json\/wp\/v2\/media\/754"}],"wp:attachment":[{"href":"https:\/\/www.italiaeconomiaonline.it\/web\/wp-json\/wp\/v2\/media?parent=752"}],"wp:term":[{"taxonomy":"category","embeddable":true,"href":"https:\/\/www.italiaeconomiaonline.it\/web\/wp-json\/wp\/v2\/categories?post=752"},{"taxonomy":"post_tag","embeddable":true,"href":"https:\/\/www.italiaeconomiaonline.it\/web\/wp-json\/wp\/v2\/tags?post=752"}],"curies":[{"name":"wp","href":"https:\/\/api.w.org\/{rel}","templated":true}]}}