{"id":756,"date":"2019-05-21T17:23:09","date_gmt":"2019-05-21T15:23:09","guid":{"rendered":"http:\/\/www.italiaeconomiaonline.it\/web\/?p=756"},"modified":"2019-05-21T17:23:09","modified_gmt":"2019-05-21T15:23:09","slug":"il-veneto-vince-ad-amatrice-la-finale-dellagrichef-festival","status":"publish","type":"post","link":"https:\/\/www.italiaeconomiaonline.it\/web\/il-veneto-vince-ad-amatrice-la-finale-dellagrichef-festival\/","title":{"rendered":"Il Veneto vince ad Amatrice la finale dell\u2019Agrichef Festival"},"content":{"rendered":"<p><span class=\"dropcap dropcap3\">C<\/span>on la <strong>tappa finale dell\u2019Agrichef Festival<\/strong> oggi ad <strong>Amatrice<\/strong>, nell\u2019<strong>Area Food <\/strong>progettata da <strong>Stefano Boeri<\/strong>, si conclude l\u2019evento itinerante promosso da <strong>Turismo Verde<\/strong>, l&#8217;associazione agrituristica di Cia-Agricoltori Italiani, ideato per promuovere e valorizzare i piatti tipici della tradizione contadina, attraverso la collaborazione con gli istituti alberghieri italiani.<\/p>\n<p>L\u2019Agrichef Festival ha decretato <strong>la ricetta vincitrice a livello nazionale, i tortelli di gallina di Lonigo al rag\u00f9 trilogia di asparagi<\/strong>, <strong>preparati dall\u2019agrichef Patrizia Zambon dal Veneto<\/strong>, che ha avuto la meglio fra i cuochi agricoli provenienti dagli agriturismi di tutt\u2019Italia, ciascuno vincitore della gara ai fornelli nella propria regione, in un tour che si \u00e8 alternato in 13 citt\u00e0 nell\u2019arco di sei mesi.<\/p>\n<p><strong>A valutare<\/strong> la qualit\u00e0 delle proposte culinarie, <strong>una giuria di esperti composta da<\/strong> <strong>food blogger, chef stellati e critici gastronomici<\/strong>, con la presenza del sindaco di Amatrice, Filippo Palombini. L\u2019evento si \u00e8 tenuto in collaborazione con il <strong>Centro di formazione professionale alberghiero di Amatrice, in via di ricostruzione grazie al contributo di Cia-Agricoltori Italiani<\/strong>. La partnership con gli istituti alberghieri italiani ha anche messo in contatto le aziende con gli allievi, futuri ambasciatori della cucina italiana, per opportunit\u00e0 di formazione e di lavoro.<\/p>\n<p>\u201cAbbiamo accolto con entusiasmo la proposta di ospitare la finale dell\u2019Agrichef Festival presso il nostro Centro di Formazione -ha dichiarato la <strong>direttrice Anna Fratini<\/strong>-. I piatti sono il risultato di un grande lavoro e nascono dalle tradizioni e dai prodotti delle loro terre, cos\u00ec come le tradizioni enogastronomiche e il profondo radicamento con la cultura del territorio, rappresentano i valori fondamentali alla base del percorso formativo dei nostri allievi\u201d.<\/p>\n<p>\u201cC&#8217;\u00e8 una rete di valori che appartiene al mondo rurale e ha bisogno delle nuove generazioni per essere tramandata, ma va anche resa sostenibile e innovativa -hanno aggiunto il <strong>presidente nazionale di Turismo Verde<\/strong> <strong>Giulio Sparascio e <\/strong>il <strong>vicepresidente nazionale di Cia Mauro Di Zio<\/strong>-. Agrichef Cia e agricoltori sono parte delle comunit\u00e0 e contribuiscono alla loro tenuta creando opportunit\u00e0 di lavoro, e insieme alle istituzioni e ai cittadini partecipano alla promozione del territorio&#8221;.<\/p>\n<p>L&#8217;<strong>Agrichef<\/strong> \u00e8 un cuoco che lavora all\u2019interno di un agriturismo, impegnandosi a trasformare le produzioni della sua azienda nel rispetto della stagionalit\u00e0, con l\u2019utilizzo di materie prime e ingredienti legati al territorio.<\/p>\n<p><strong>Il Festival \u00e8 stata l\u2019occasione per ribadire l\u2019importanza degli agriturismi italiani<\/strong> e mettere in connessione tutte le realt\u00e0 del settore per contribuire allo <strong>sviluppo del turismo dei territori rurali<\/strong>. La diffusione dell\u2019agriturismo produce benefici nelle campagne grazie all\u2019intervento di contadini e imprenditori che riportano in vita produzioni in pericolo di abbandono. La <strong>citt\u00e0 di Amatrice<\/strong> \u00e8 stata scelta per richiamare l\u2019attenzione su un\u2019area a rischio spopolamento dopo <strong>la tragedia del sisma del 2016 nel Centro Italia.<\/strong> Cia-Agricoltori Italiani da anni \u00e8 attiva nei territori appenninici con una strategia mirata a supportare la ripresa delle aree interne e delle aziende agricole nelle <strong>quattro regioni colpite<\/strong> dal terremoto (Lazio, Abruzzo, Marche e Umbria) con il progetto &#8220;I Prodotti dell&#8217;Appennino&#8221;, realizzato insieme a JPMorgan Chase Foundation.<\/p>\n<p>&nbsp;<\/p>\n<p><strong><u>Agrichef Festival \u2013 la giuria<\/u><\/strong><\/p>\n<p>Presidente, Anna Fratini (direttrice Istituto di Formazione Professionale Alberghiero di Amatrice); gli altri giurati: Filippo Palombini (sindaco di Amatrice), Mariano Calisse (presidente Provincia di Rieti), Sandro e Maurizio Serva (chef stellati), Francesco Maria Palomba (Accademia italiana della cucina), Elia Grillotti (presidente dell\u2019Associazione Provinciale Cuochi Rieti) Alessia Dalla Massara (food blogger Agrodolce) Laura Ciarallo(food blogger Sorelle su Marte) Serena Bringheli (food blogger Cucina Serena) e Simone Casini (allievo del Centro di Formazione Professionale Alberghiero di Amatrice).<\/p>\n<p><strong><u>\u00a0<\/u><\/strong><\/p>\n<p><strong><u>Agriturismo \u2013 numeri <\/u><\/strong><\/p>\n<p><strong>Nell\u2019ultimo rapporto Istat del 2018<\/strong> si registrano <strong>23.406 aziende agrituristiche autorizzate<\/strong>, 745 in pi\u00f9 rispetto all\u2019anno precedente (+3,3%). Le presenze dei clienti negli agriturismi ammontano a 12,7 milioni (+5,3%). I conti economici dell\u2019agricoltura consentono di misurare la dimensione economica del settore agrituristico, pari nel 2017 a 1,36 miliardi di euro, in crescita del 6,7% sul 2016. L\u201984,2% delle aziende agrituristiche \u00e8 situato in aree montane e collinari, il restante 15,8% in pianura. La crescita del numero degli agriturismi, registrata in tutto il Paese, \u00e8 molto pi\u00f9 decisa nel Centro (+6,3%) rispetto al Mezzogiorno (+3,9%) e al Nord (+0,8%). Pi\u00f9 di un\u2019azienda su tre (36,2%) \u00e8 a conduzione femminile. La maggiore concentrazione si rileva in Toscana con 1.789 unit\u00e0, pari al 39,2% del totale degli agriturismi regionali e al 21,1% di quelli nazionali a conduzione femminile.<\/p>\n<p><strong><u>Turismo Verde <\/u><\/strong><\/p>\n<p>Turismo Verde \u00e8 l\u2019associazione di Cia-Agricoltori Italiani che rappresenta e tutela le aziende agricole che svolgono attivit\u00e0 di agriturismo, nella sua accezione pi\u00f9 classica quali ospitalit\u00e0, ristorazione, degustazione, attivit\u00e0 sportive, attivit\u00e0 ricreative. Sono associate a Turismo Vedere anche le aziende impegnate nella valorizzazione della biodiversit\u00e0, del paesaggio rurale e delle tradizioni culturali locali.<\/p>\n<p>&nbsp;<\/p>\n","protected":false},"excerpt":{"rendered":"<p>Con la tappa finale dell\u2019Agrichef Festival oggi ad Amatrice, nell\u2019Area Food progettata da Stefano Boeri, si conclude l\u2019evento itinerante promosso da Turismo Verde, l&#8217;associazione agrituristica di Cia-Agricoltori Italiani, ideato per promuovere e valorizzare i piatti tipici della tradizione contadina, attraverso la collaborazione con gli istituti alberghieri italiani. L\u2019Agrichef Festival ha decretato la ricetta vincitrice a [&hellip;]<\/p>\n","protected":false},"author":1,"featured_media":757,"comment_status":"closed","ping_status":"open","sticky":false,"template":"","format":"standard","meta":{"footnotes":""},"categories":[70],"tags":[347,349,348,350],"yoast_head":"<!-- This site is optimized with the Yoast SEO plugin v22.2 - https:\/\/yoast.com\/wordpress\/plugins\/seo\/ -->\n<title>Il Veneto vince ad Amatrice la finale dell\u2019Agrichef Festival -<\/title>\n<meta name=\"robots\" content=\"index, follow, max-snippet:-1, max-image-preview:large, max-video-preview:-1\" \/>\n<link rel=\"canonical\" href=\"https:\/\/www.italiaeconomiaonline.it\/web\/il-veneto-vince-ad-amatrice-la-finale-dellagrichef-festival\/\" \/>\n<meta property=\"og:locale\" content=\"it_IT\" \/>\n<meta property=\"og:type\" content=\"article\" \/>\n<meta property=\"og:title\" content=\"Il Veneto vince ad Amatrice la finale dell\u2019Agrichef Festival -\" \/>\n<meta property=\"og:description\" content=\"Con la tappa finale dell\u2019Agrichef Festival oggi ad Amatrice, nell\u2019Area Food progettata da Stefano Boeri, si conclude l\u2019evento itinerante promosso da Turismo Verde, l&#8217;associazione agrituristica di Cia-Agricoltori Italiani, ideato per promuovere e valorizzare i piatti tipici della tradizione contadina, attraverso la collaborazione con gli istituti alberghieri italiani. L\u2019Agrichef Festival ha decretato la ricetta vincitrice a [&hellip;]\" \/>\n<meta property=\"og:url\" content=\"https:\/\/www.italiaeconomiaonline.it\/web\/il-veneto-vince-ad-amatrice-la-finale-dellagrichef-festival\/\" \/>\n<meta property=\"og:site_name\" content=\"ItaliaEconomiaOnline\" \/>\n<meta property=\"article:published_time\" content=\"2019-05-21T15:23:09+00:00\" \/>\n<meta property=\"og:image\" content=\"https:\/\/www.italiaeconomiaonline.it\/web\/wp-content\/uploads\/2019\/05\/Patrizia_Zambon-e1558452113602.jpg\" \/>\n\t<meta property=\"og:image:width\" content=\"757\" \/>\n\t<meta property=\"og:image:height\" content=\"535\" \/>\n\t<meta property=\"og:image:type\" content=\"image\/jpeg\" \/>\n<meta name=\"author\" content=\"ladyitaliaeconomia\" \/>\n<meta name=\"twitter:card\" content=\"summary_large_image\" \/>\n<meta name=\"twitter:label1\" content=\"Scritto da\" \/>\n\t<meta name=\"twitter:data1\" content=\"ladyitaliaeconomia\" \/>\n\t<meta name=\"twitter:label2\" content=\"Tempo di lettura stimato\" \/>\n\t<meta name=\"twitter:data2\" content=\"4 minuti\" \/>\n<script type=\"application\/ld+json\" class=\"yoast-schema-graph\">{\"@context\":\"https:\/\/schema.org\",\"@graph\":[{\"@type\":\"WebPage\",\"@id\":\"https:\/\/www.italiaeconomiaonline.it\/web\/il-veneto-vince-ad-amatrice-la-finale-dellagrichef-festival\/\",\"url\":\"https:\/\/www.italiaeconomiaonline.it\/web\/il-veneto-vince-ad-amatrice-la-finale-dellagrichef-festival\/\",\"name\":\"Il Veneto vince ad Amatrice la finale dell\u2019Agrichef Festival -\",\"isPartOf\":{\"@id\":\"https:\/\/www.italiaeconomiaonline.it\/web\/#website\"},\"primaryImageOfPage\":{\"@id\":\"https:\/\/www.italiaeconomiaonline.it\/web\/il-veneto-vince-ad-amatrice-la-finale-dellagrichef-festival\/#primaryimage\"},\"image\":{\"@id\":\"https:\/\/www.italiaeconomiaonline.it\/web\/il-veneto-vince-ad-amatrice-la-finale-dellagrichef-festival\/#primaryimage\"},\"thumbnailUrl\":\"https:\/\/www.italiaeconomiaonline.it\/web\/wp-content\/uploads\/2019\/05\/Patrizia_Zambon-e1558452113602.jpg\",\"datePublished\":\"2019-05-21T15:23:09+00:00\",\"dateModified\":\"2019-05-21T15:23:09+00:00\",\"author\":{\"@id\":\"https:\/\/www.italiaeconomiaonline.it\/web\/#\/schema\/person\/909a49cce752523b020fbc37d5ab1c31\"},\"breadcrumb\":{\"@id\":\"https:\/\/www.italiaeconomiaonline.it\/web\/il-veneto-vince-ad-amatrice-la-finale-dellagrichef-festival\/#breadcrumb\"},\"inLanguage\":\"it-IT\",\"potentialAction\":[{\"@type\":\"ReadAction\",\"target\":[\"https:\/\/www.italiaeconomiaonline.it\/web\/il-veneto-vince-ad-amatrice-la-finale-dellagrichef-festival\/\"]}]},{\"@type\":\"ImageObject\",\"inLanguage\":\"it-IT\",\"@id\":\"https:\/\/www.italiaeconomiaonline.it\/web\/il-veneto-vince-ad-amatrice-la-finale-dellagrichef-festival\/#primaryimage\",\"url\":\"https:\/\/www.italiaeconomiaonline.it\/web\/wp-content\/uploads\/2019\/05\/Patrizia_Zambon-e1558452113602.jpg\",\"contentUrl\":\"https:\/\/www.italiaeconomiaonline.it\/web\/wp-content\/uploads\/2019\/05\/Patrizia_Zambon-e1558452113602.jpg\",\"width\":757,\"height\":535},{\"@type\":\"BreadcrumbList\",\"@id\":\"https:\/\/www.italiaeconomiaonline.it\/web\/il-veneto-vince-ad-amatrice-la-finale-dellagrichef-festival\/#breadcrumb\",\"itemListElement\":[{\"@type\":\"ListItem\",\"position\":1,\"name\":\"Home\",\"item\":\"https:\/\/www.italiaeconomiaonline.it\/web\/\"},{\"@type\":\"ListItem\",\"position\":2,\"name\":\"Il Veneto vince ad Amatrice la finale dell\u2019Agrichef Festival\"}]},{\"@type\":\"WebSite\",\"@id\":\"https:\/\/www.italiaeconomiaonline.it\/web\/#website\",\"url\":\"https:\/\/www.italiaeconomiaonline.it\/web\/\",\"name\":\"ItaliaEconomiaOnline\",\"description\":\"Quotidiano Economico Online\",\"potentialAction\":[{\"@type\":\"SearchAction\",\"target\":{\"@type\":\"EntryPoint\",\"urlTemplate\":\"https:\/\/www.italiaeconomiaonline.it\/web\/?s={search_term_string}\"},\"query-input\":\"required name=search_term_string\"}],\"inLanguage\":\"it-IT\"},{\"@type\":\"Person\",\"@id\":\"https:\/\/www.italiaeconomiaonline.it\/web\/#\/schema\/person\/909a49cce752523b020fbc37d5ab1c31\",\"name\":\"ladyitaliaeconomia\",\"image\":{\"@type\":\"ImageObject\",\"inLanguage\":\"it-IT\",\"@id\":\"https:\/\/www.italiaeconomiaonline.it\/web\/#\/schema\/person\/image\/\",\"url\":\"https:\/\/secure.gravatar.com\/avatar\/cedca10ce7416a579b9fa6bce9c0a8f2?s=96&d=mm&r=g\",\"contentUrl\":\"https:\/\/secure.gravatar.com\/avatar\/cedca10ce7416a579b9fa6bce9c0a8f2?s=96&d=mm&r=g\",\"caption\":\"ladyitaliaeconomia\"},\"url\":\"https:\/\/www.italiaeconomiaonline.it\/web\/author\/ladyitaliaeconomia\/\"}]}<\/script>\n<!-- \/ Yoast SEO plugin. -->","yoast_head_json":{"title":"Il Veneto vince ad Amatrice la finale dell\u2019Agrichef Festival -","robots":{"index":"index","follow":"follow","max-snippet":"max-snippet:-1","max-image-preview":"max-image-preview:large","max-video-preview":"max-video-preview:-1"},"canonical":"https:\/\/www.italiaeconomiaonline.it\/web\/il-veneto-vince-ad-amatrice-la-finale-dellagrichef-festival\/","og_locale":"it_IT","og_type":"article","og_title":"Il Veneto vince ad Amatrice la finale dell\u2019Agrichef Festival -","og_description":"Con la tappa finale dell\u2019Agrichef Festival oggi ad Amatrice, nell\u2019Area Food progettata da Stefano Boeri, si conclude l\u2019evento itinerante promosso da Turismo Verde, l&#8217;associazione agrituristica di Cia-Agricoltori Italiani, ideato per promuovere e valorizzare i piatti tipici della tradizione contadina, attraverso la collaborazione con gli istituti alberghieri italiani. L\u2019Agrichef Festival ha decretato la ricetta vincitrice a [&hellip;]","og_url":"https:\/\/www.italiaeconomiaonline.it\/web\/il-veneto-vince-ad-amatrice-la-finale-dellagrichef-festival\/","og_site_name":"ItaliaEconomiaOnline","article_published_time":"2019-05-21T15:23:09+00:00","og_image":[{"width":757,"height":535,"url":"https:\/\/www.italiaeconomiaonline.it\/web\/wp-content\/uploads\/2019\/05\/Patrizia_Zambon-e1558452113602.jpg","type":"image\/jpeg"}],"author":"ladyitaliaeconomia","twitter_card":"summary_large_image","twitter_misc":{"Scritto da":"ladyitaliaeconomia","Tempo di lettura stimato":"4 minuti"},"schema":{"@context":"https:\/\/schema.org","@graph":[{"@type":"WebPage","@id":"https:\/\/www.italiaeconomiaonline.it\/web\/il-veneto-vince-ad-amatrice-la-finale-dellagrichef-festival\/","url":"https:\/\/www.italiaeconomiaonline.it\/web\/il-veneto-vince-ad-amatrice-la-finale-dellagrichef-festival\/","name":"Il Veneto vince ad Amatrice la finale dell\u2019Agrichef Festival -","isPartOf":{"@id":"https:\/\/www.italiaeconomiaonline.it\/web\/#website"},"primaryImageOfPage":{"@id":"https:\/\/www.italiaeconomiaonline.it\/web\/il-veneto-vince-ad-amatrice-la-finale-dellagrichef-festival\/#primaryimage"},"image":{"@id":"https:\/\/www.italiaeconomiaonline.it\/web\/il-veneto-vince-ad-amatrice-la-finale-dellagrichef-festival\/#primaryimage"},"thumbnailUrl":"https:\/\/www.italiaeconomiaonline.it\/web\/wp-content\/uploads\/2019\/05\/Patrizia_Zambon-e1558452113602.jpg","datePublished":"2019-05-21T15:23:09+00:00","dateModified":"2019-05-21T15:23:09+00:00","author":{"@id":"https:\/\/www.italiaeconomiaonline.it\/web\/#\/schema\/person\/909a49cce752523b020fbc37d5ab1c31"},"breadcrumb":{"@id":"https:\/\/www.italiaeconomiaonline.it\/web\/il-veneto-vince-ad-amatrice-la-finale-dellagrichef-festival\/#breadcrumb"},"inLanguage":"it-IT","potentialAction":[{"@type":"ReadAction","target":["https:\/\/www.italiaeconomiaonline.it\/web\/il-veneto-vince-ad-amatrice-la-finale-dellagrichef-festival\/"]}]},{"@type":"ImageObject","inLanguage":"it-IT","@id":"https:\/\/www.italiaeconomiaonline.it\/web\/il-veneto-vince-ad-amatrice-la-finale-dellagrichef-festival\/#primaryimage","url":"https:\/\/www.italiaeconomiaonline.it\/web\/wp-content\/uploads\/2019\/05\/Patrizia_Zambon-e1558452113602.jpg","contentUrl":"https:\/\/www.italiaeconomiaonline.it\/web\/wp-content\/uploads\/2019\/05\/Patrizia_Zambon-e1558452113602.jpg","width":757,"height":535},{"@type":"BreadcrumbList","@id":"https:\/\/www.italiaeconomiaonline.it\/web\/il-veneto-vince-ad-amatrice-la-finale-dellagrichef-festival\/#breadcrumb","itemListElement":[{"@type":"ListItem","position":1,"name":"Home","item":"https:\/\/www.italiaeconomiaonline.it\/web\/"},{"@type":"ListItem","position":2,"name":"Il Veneto vince ad Amatrice la finale dell\u2019Agrichef Festival"}]},{"@type":"WebSite","@id":"https:\/\/www.italiaeconomiaonline.it\/web\/#website","url":"https:\/\/www.italiaeconomiaonline.it\/web\/","name":"ItaliaEconomiaOnline","description":"Quotidiano Economico Online","potentialAction":[{"@type":"SearchAction","target":{"@type":"EntryPoint","urlTemplate":"https:\/\/www.italiaeconomiaonline.it\/web\/?s={search_term_string}"},"query-input":"required name=search_term_string"}],"inLanguage":"it-IT"},{"@type":"Person","@id":"https:\/\/www.italiaeconomiaonline.it\/web\/#\/schema\/person\/909a49cce752523b020fbc37d5ab1c31","name":"ladyitaliaeconomia","image":{"@type":"ImageObject","inLanguage":"it-IT","@id":"https:\/\/www.italiaeconomiaonline.it\/web\/#\/schema\/person\/image\/","url":"https:\/\/secure.gravatar.com\/avatar\/cedca10ce7416a579b9fa6bce9c0a8f2?s=96&d=mm&r=g","contentUrl":"https:\/\/secure.gravatar.com\/avatar\/cedca10ce7416a579b9fa6bce9c0a8f2?s=96&d=mm&r=g","caption":"ladyitaliaeconomia"},"url":"https:\/\/www.italiaeconomiaonline.it\/web\/author\/ladyitaliaeconomia\/"}]}},"_links":{"self":[{"href":"https:\/\/www.italiaeconomiaonline.it\/web\/wp-json\/wp\/v2\/posts\/756"}],"collection":[{"href":"https:\/\/www.italiaeconomiaonline.it\/web\/wp-json\/wp\/v2\/posts"}],"about":[{"href":"https:\/\/www.italiaeconomiaonline.it\/web\/wp-json\/wp\/v2\/types\/post"}],"author":[{"embeddable":true,"href":"https:\/\/www.italiaeconomiaonline.it\/web\/wp-json\/wp\/v2\/users\/1"}],"replies":[{"embeddable":true,"href":"https:\/\/www.italiaeconomiaonline.it\/web\/wp-json\/wp\/v2\/comments?post=756"}],"version-history":[{"count":1,"href":"https:\/\/www.italiaeconomiaonline.it\/web\/wp-json\/wp\/v2\/posts\/756\/revisions"}],"predecessor-version":[{"id":758,"href":"https:\/\/www.italiaeconomiaonline.it\/web\/wp-json\/wp\/v2\/posts\/756\/revisions\/758"}],"wp:featuredmedia":[{"embeddable":true,"href":"https:\/\/www.italiaeconomiaonline.it\/web\/wp-json\/wp\/v2\/media\/757"}],"wp:attachment":[{"href":"https:\/\/www.italiaeconomiaonline.it\/web\/wp-json\/wp\/v2\/media?parent=756"}],"wp:term":[{"taxonomy":"category","embeddable":true,"href":"https:\/\/www.italiaeconomiaonline.it\/web\/wp-json\/wp\/v2\/categories?post=756"},{"taxonomy":"post_tag","embeddable":true,"href":"https:\/\/www.italiaeconomiaonline.it\/web\/wp-json\/wp\/v2\/tags?post=756"}],"curies":[{"name":"wp","href":"https:\/\/api.w.org\/{rel}","templated":true}]}}