{"id":7701,"date":"2024-09-17T10:17:09","date_gmt":"2024-09-17T08:17:09","guid":{"rendered":"https:\/\/www.italiaeconomiaonline.it\/web\/?p=7701"},"modified":"2024-09-20T10:17:59","modified_gmt":"2024-09-20T08:17:59","slug":"al-via-la-32esima-edizione-di-puliamo-il-mondo-di-legambiente","status":"publish","type":"post","link":"https:\/\/www.italiaeconomiaonline.it\/web\/al-via-la-32esima-edizione-di-puliamo-il-mondo-di-legambiente\/","title":{"rendered":"Al via la 32esima edizione di \u201cPuliamo il Mondo\u201d di Legambiente"},"content":{"rendered":"<div class=\"xmprfx_elementToProof\">Tutela dell\u2019ambiente, citt\u00e0 pi\u00f9 pulite e vivibili, cittadinanza attiva e senso di comunit\u00e0 ma anche la promozione della pace, il rispetto della diversit\u00e0 e la giustizia sociale e climatica, come sottolineato dal motto \u201cPer un clima di pace\u201d: torna in tutta Italia,\u00a0<b>dal 20 al 22 settembre<\/b>,<b>\u00a0la 32esima edizione di Puliamo il Mondo<\/b>, la<b>\u00a0storica campagna\u00a0<\/b>di volontariato ambientale organizzata in Italia da<b>\u00a0Legambiente\u00a0<\/b>per ripulire dai rifiuti abbandonati aree verdi, strade, piazze, sponde di fiumi e spiagge.\u00a0<b>Migliaia gli eventi in programma dal nord al Sud del Paese e che anche quest\u2019anno avranno come protagonisti\u00a0<\/b>cittadini-e di tutte le et\u00e0, studenti, amministrazioni e aziende, impegnati per fare un gesto concreto per l\u2019ambiente.\u00a0<b>Ad aprire il grande week-end di Puliamo il Mondo<\/b>\u00a0sar\u00e0\u00a0<b>domani 18 settembre, ore 10:30, l\u2019anteprima organizzata a \u00a0Napoli presso piazza Garibaldi. Un luogo simbolico<\/b>\u00a0&#8211; altamente frequentato, crocevia di culture e contraddizioni e protagonista di un progetto di rigenerazione urbana e sociale \u2013\u00a0<b>che vedr\u00e0 all\u2019azione<\/b>, muniti di guanti e sacchetti,<b>\u00a0i volontari e le volontarie di Legambiente e di diverse 13 associazioni di volontariato aderenti all\u2019iniziativa<\/b>:\u00a0<b>Croce Rossa Italiana, Caritas Italiana, Dedalus cooperativa sociale, Erasmus Student Network, Azione Cattolica, i segni dei tempi, Un Ponte Per, Agesci, Focsiv, Centro Astalli, la comunit\u00e0 palestinese, Action Aid, Libera<\/b>. Tutte insieme unite anche per lanciare un messaggio di pace.<\/div>\n<div><\/div>\n<div><b>Dati Park litter, rifiuti nei parchi urbani<\/b>: In vista dello \u201cstart\u201d ufficiale della campagna, Legambiente torna a denunciare la piaga dei rifiuti abbandonati nei parchi urbani pubblicando i dati della\u00a0<b>nuova indagine\u00a0<i>park litter:\u00a0<\/i>nel 2024 sono stati 20.757 i rifiuti raccolti e catalogati\u00a0<\/b>dai volontari-e\u00a0<b>nei 42 transetti eseguiti in 35 parchi urbani in 12 citt\u00e0<\/b>\u00a0(Ancona, Bari, Caltanissetta, Codigoro (FE), Firenze, Milano, Moncalieri (TO), Napoli, Perugia, Pineto (TE), Roma, Torino).\u00a0<b>Circa 5 rifiuti ogni metro quadrato monitorato<\/b>. Tra i rifiuti pi\u00f9 trovati si confermano al primo posto<b>\u00a0i mozziconi di sigaretta\u00a0<\/b>(11.077, il<b>\u00a053%<\/b>), seguiti da\u00a0<b>tappi di bottiglia\/barattoli<\/b>\u00a0e dalle\u00a0<b>Linguette di lattine\u00a0<\/b>(1.436, il<b>\u00a07%<\/b>). Raggruppati per categorie di materiali, i rifiuti dispersi nei parchi sono riconducibili per il 74% ai polimeri artificiali (plastiche) per un totale di 15.452 rifiuti, per l\u20198,6% al metallo (1.787 rifiuti), il 8% a carta e cartone (1.603), il 6% a vetro e ceramica (1.154), il 4% ad altre tipologie di rifiuti.\u00a0 Da notare, la categoria \u201caltri oggetti in plastica identificabili ma non in lista\u201d \u00e8 costituita da coriandoli (1.101, il 5% del totale dei rifiuti), oggetti che si usano per festeggiare ma che si diffondono molto facilmente nell\u2019ambiente, anche trasportati dal vento, e possono causare un grave problema ambientale.<\/div>\n<div><b>\u00a0<\/b><\/div>\n<div><b>Zone di accumulo rifiuti<\/b>: Legambiente, inoltre, sottolinea che le\u00a0<b>principali zone di accumulo dei rifiuti<\/b>\u00a0nei parchi urbani restano perlopi\u00f9 sotto o nelle vicinanze di\u00a0<b>panchine e tavoli da pic-nick e dei cestini<\/b>. Il vento resta la principale causa della dispersione dei rifiuti nell\u2019ambiente, unita al fatto che spesso i cestini sono privi di copertura. Solo in 19 transetti su 42 (46,3%) Legambiente ha trovato questa caratteristica utile a prevenire la dispersione di materiale. Rifiuti che spesso attraverso tombini e canali di scolo dai parchi urbani arrivano fino in mare.<\/div>\n<div><\/div>\n<div>\u201cIn Italia non si arresta la piaga dei rifiuti abbandonati. &#8211;\u00a0<b>dichiara Giorgio Zampetti, direttore generale di Legambiente<\/b>-. Da 32 anni, con Puliamo il mondo, promuoviamo l\u2019informazione e la sensibilizzazione sul tema dei rifiuti abbandonati e dispersi promuovendo strumenti e soluzioni per ridurne sempre di pi\u00f9 la presenza e organizzando iniziative di cittadinanza attiva in difesa dell\u2019ambiente, restituendo, grazie alle volontarie e ai volontari, alla comunit\u00e0 luoghi pi\u00f9 puliti, accoglienti e anche pi\u00f9 inclusivi. Infatti, con il motto \u201cPer un clima di pace\u201d, la campagna vuole farsi promotrice e sostenitrice di una societ\u00e0 che promuove la pace e l\u2019inclusione, secondo il principio che \u00e8 cittadino di un luogo chi se ne prende cura, attraverso il rispetto della diversit\u00e0, rifiutando la guerra, ogni forma di pregiudizio violenza, di odio e discriminazione. Vi aspettiamo questo week-end, insieme possiamo fare la differenza&#8221;.<\/div>\n<div><i>\u00a0<\/i><\/div>\n<div>Puliamo il Mondo \u00e8 l\u2019edizione italiana di\u00a0<i>Clean up the World,<\/i>\u00a0che Legambiente organizza dal 1993. Oltre alle tradizionali attivit\u00e0 di pulizia, anche quest\u2019anno i volontari di Legambiente organizzeranno anche dei monitoraggi nei parchi urbani per stimare quantit\u00e0 e tipologia dei rifiuti raccolti all\u2019interno di aree verdi grazie al prezioso coinvolgimento del volontariato attivo di aziende e scuole. In primo piano anche il tema dell\u2019inquinamento del<i>\u00a0marine litter,\u00a0<\/i>sottolineando come l&#8217;emergenza dei rifiuti in mare dipenda dalle nostre abitudini e da modelli di produzione e consumo sulla terraferma.<\/div>\n<div><\/div>\n<div><b><u>Gli eventi di Puliamo il Mondo.<\/u><\/b>\u00a0Tra i principali eventi in Italia,\u00a0<b>venerd\u00ec 20 settembre<\/b>,\u00a0<b>a Minturno (LT)<\/b>, evento di pulizia e narrazione degli eventi storici presso il comprensorio archeologico di Minturnae nell\u2019ambito dell\u2019Appia Day 2024. A<b>\u00a0Caltanissetta<\/b>\u00a0l\u2019attivit\u00e0 di clean up dell&#8217;area circostante il PalaCannizzaro e lo Stadio Tomaselli e, nel pomeriggio, dell&#8217;area antistante il piazzale della Statua del Redentore e l\u2019area perimetrale sottostante (Monte San Giuliano).\u00a0<b>Sabato 21 settembre<\/b>\u00a0<b>ad Amandola (FM)<\/b>, nell\u2019ambito del progetto BeComE, pulizia del borgo dei cittadini e scuole e, a seguire, l&#8217;evento informativo sulle CER e sul progetto di realizzazione ad Amandola; e ancora presso la<b>\u00a0spiaggia di Punta Vagno (GE)\u00a0<\/b>per scoprire il funzionamento di una pulizia scientifica affiancata da un momento di analisi sull&#8217;origine dei rifiuti. A\u00a0<b>Manduria (TA)\u00a0<\/b>pulizia del litorale e dell\u2019area protetta della riserva naturale.\u00a0<b>Domenica 22 settembre<\/b>, presso\u00a0<b>San Stino di Livenza (VE)<\/b>\u00a0l\u2019inaugurazione della Mostra Permanente &#8220;Impronta Insostenibile&#8221;, che raccoglie i rifiuti trovati sulle spiagge venete. Un modo per informare e denunciare il tema del marine e beach litte; e ancora Puliamo il Mondo sar\u00e0 nel\u00a0<b>Parco Regionale del Matese<\/b>\u00a0con appuntamento presso il Lago di Matese (CE). Tra gli eventi di punta di domenica 22 settembre, i<b>n Umbria,<\/b>\u00a0attivit\u00e0 di pulizia lungo il\u00a0<b>lago Trasimeno<\/b>\u00a0insieme a volontari e amministrazioni locali. Si parler\u00e0 anche del progetto Life Blue Lakes. A<b>\u00a0Fiorano Modenese (MO)<\/b>\u00a0pulizia dei tre parchi limitrofi: parco Foibe, XXV aprile e Rea verde &#8220;ex case mighetti&#8221; per sensibilizzare sul tema park litter.<\/div>\n<div><\/div>\n<div class=\"xmprfx_elementToProof\"><b><u>Puliamo il Mondo festeggia l\u2019Appia Day<\/u>:\u00a0<\/b>tanti gli eventi in programma\u00a0<b>anche lungo i comuni dell\u2019Appia Antica con visite gratuite, attivit\u00e0 di volontariato e pulizie, ecotrekking per festeggiare il 22 settembre con \u201cl\u2019Appia Day\u201d la Regina Viarium diventata il 27 luglio patrimonio dell\u2019Unesco.<\/b>\u00a0Tra le iniziative di punta: domenica 22 settembre a<b>\u00a0Brindisi<\/b>, lungo il tratto dell\u2019Appia Antica evento di pulizia presso l&#8217;Oasi del Cillarese. Ai colli romani, ore 9.00, pulizia del X e XI miglio della via appia antica, con le scuole e le associazioni del tettorio. Sempre domenica a Terracina, dalle 15.30 alle 18.30 Puliamo il Mondo d\u00e0 appuntamento presso Pisco Montano (variante traianea) insieme al Parco Regionale e Lago di Fondi con associazioni e comitati. \u00a0E poi a Monte an Biagio, a Matera, a Benevento dove alle ore 9.00 a Ponte Leproso ci saranno attivit\u00e0 di pulizie e volontariato ambientale, a seguire un breve incontro istituzionale con il sindaco. Venerd\u00ec 20 settembre ore 9.30 appuntamento anche a Minturno per ripulire dai rifiuti abbandonati, insieme al comune, l\u2019acquedotto romano; mentre sabato 21 settembre dalle ore 9.00, a Sessa Aurunca, ecotrekking archeologico in localit\u00e0 petercane- san limato, con pulizia dei sentieri e visita guidata in prossimit\u00e0 dell\u2019appia antica.<\/div>\n<div class=\"xmprfx_elementToProof\"><\/div>\n<div><b><u>RAI \u2013 Puliamo il Mondo.\u00a0<\/u>Dal 16 al 22 settembre la Rai, preziosa alleata di Puliamo il Mondo, racconter\u00e0 su Rai3 la campagna con una maratona tutta televisiva<\/b>: con la striscia quotidiana, in onda dal luned\u00ec 16 a sabato 21 settembre, dalle ore 15:00 alle 15:15, e\u00a0con\u00a0<b>lo speciale RAI \u2013 Puliamo il Mondo in onda domenica 22 settembre\u00a0<\/b>(ore 10.30-12.00), realizzati dalla TGR. Tra gli ospiti della striscia quotidiana: Stefano Ciafani, presidente nazionale Legambiente; Giorgio Zampetti, direttore generale di Legambiente; Andrea Minutolo, responsabile scientifico Legambiente; Vanda Bonardo, responsabile nazionale Alpi Legambiente; Laura Brambilla e Emilio Bianco, responsabile e referente di Puliamo il Mondo; Stefania Di Vito, ufficio scientifico di Legambiente; Roberto Scacchi, presidente di Legambiente Lazio. Temi al centro le sfide e le campagne dell\u2019associazione ambientalista, ma anche l\u2019economia circolare, lo stato di salute dei ghiacciai per effetto della crisi climatica e le attivit\u00e0 di Clean up in quota, l&#8217;inquinamento che non risparmia mari e fiumi italiani, la mappatura delle discariche e la questione degli incendi nel Lazio, solo per citarne alcuni.<\/div>\n<div><\/div>\n","protected":false},"excerpt":{"rendered":"<p>Tutela dell\u2019ambiente, citt\u00e0 pi\u00f9 pulite e vivibili, cittadinanza attiva e senso di comunit\u00e0 ma anche la promozione della pace, il rispetto della diversit\u00e0 e la giustizia sociale e climatica, come sottolineato dal motto \u201cPer un clima di pace\u201d: torna in tutta Italia,\u00a0dal 20 al 22 settembre,\u00a0la 32esima edizione di Puliamo il Mondo, la\u00a0storica campagna\u00a0di volontariato [&hellip;]<\/p>\n","protected":false},"author":1,"featured_media":3645,"comment_status":"closed","ping_status":"open","sticky":false,"template":"","format":"standard","meta":{"footnotes":""},"categories":[127],"tags":[],"yoast_head":"<!-- This site is optimized with the Yoast SEO plugin v22.2 - https:\/\/yoast.com\/wordpress\/plugins\/seo\/ -->\n<title>Al via la 32esima edizione di \u201cPuliamo il Mondo\u201d di Legambiente -<\/title>\n<meta name=\"robots\" content=\"index, follow, max-snippet:-1, max-image-preview:large, max-video-preview:-1\" \/>\n<link rel=\"canonical\" href=\"http:\/\/www.italiaeconomiaonline.it\/web\/al-via-la-32esima-edizione-di-puliamo-il-mondo-di-legambiente\/\" \/>\n<meta property=\"og:locale\" content=\"it_IT\" \/>\n<meta property=\"og:type\" content=\"article\" \/>\n<meta property=\"og:title\" content=\"Al via la 32esima edizione di \u201cPuliamo il Mondo\u201d di Legambiente -\" \/>\n<meta property=\"og:description\" content=\"Tutela dell\u2019ambiente, citt\u00e0 pi\u00f9 pulite e vivibili, cittadinanza attiva e senso di comunit\u00e0 ma anche la promozione della pace, il rispetto della diversit\u00e0 e la giustizia sociale e climatica, come sottolineato dal motto \u201cPer un clima di pace\u201d: torna in tutta Italia,\u00a0dal 20 al 22 settembre,\u00a0la 32esima edizione di Puliamo il Mondo, la\u00a0storica campagna\u00a0di volontariato [&hellip;]\" \/>\n<meta property=\"og:url\" content=\"http:\/\/www.italiaeconomiaonline.it\/web\/al-via-la-32esima-edizione-di-puliamo-il-mondo-di-legambiente\/\" \/>\n<meta property=\"og:site_name\" content=\"ItaliaEconomiaOnline\" \/>\n<meta property=\"article:published_time\" content=\"2024-09-17T08:17:09+00:00\" \/>\n<meta property=\"article:modified_time\" content=\"2024-09-20T08:17:59+00:00\" \/>\n<meta property=\"og:image\" content=\"http:\/\/www.italiaeconomiaonline.it\/web\/wp-content\/uploads\/2020\/07\/Cam2004_Foce-Garigliano-1-scaled-e1594386619549.jpg\" \/>\n\t<meta property=\"og:image:width\" content=\"1920\" \/>\n\t<meta property=\"og:image:height\" content=\"1318\" \/>\n\t<meta property=\"og:image:type\" content=\"image\/jpeg\" \/>\n<meta name=\"author\" content=\"ladyitaliaeconomia\" \/>\n<meta name=\"twitter:card\" content=\"summary_large_image\" \/>\n<meta name=\"twitter:label1\" content=\"Scritto da\" \/>\n\t<meta name=\"twitter:data1\" content=\"ladyitaliaeconomia\" \/>\n\t<meta name=\"twitter:label2\" content=\"Tempo di lettura stimato\" \/>\n\t<meta name=\"twitter:data2\" content=\"8 minuti\" \/>\n<script type=\"application\/ld+json\" class=\"yoast-schema-graph\">{\"@context\":\"https:\/\/schema.org\",\"@graph\":[{\"@type\":\"WebPage\",\"@id\":\"http:\/\/www.italiaeconomiaonline.it\/web\/al-via-la-32esima-edizione-di-puliamo-il-mondo-di-legambiente\/\",\"url\":\"http:\/\/www.italiaeconomiaonline.it\/web\/al-via-la-32esima-edizione-di-puliamo-il-mondo-di-legambiente\/\",\"name\":\"Al via la 32esima edizione di \u201cPuliamo il Mondo\u201d di Legambiente -\",\"isPartOf\":{\"@id\":\"https:\/\/www.italiaeconomiaonline.it\/web\/#website\"},\"primaryImageOfPage\":{\"@id\":\"http:\/\/www.italiaeconomiaonline.it\/web\/al-via-la-32esima-edizione-di-puliamo-il-mondo-di-legambiente\/#primaryimage\"},\"image\":{\"@id\":\"http:\/\/www.italiaeconomiaonline.it\/web\/al-via-la-32esima-edizione-di-puliamo-il-mondo-di-legambiente\/#primaryimage\"},\"thumbnailUrl\":\"https:\/\/www.italiaeconomiaonline.it\/web\/wp-content\/uploads\/2020\/07\/Cam2004_Foce-Garigliano-1-scaled-e1594386619549.jpg\",\"datePublished\":\"2024-09-17T08:17:09+00:00\",\"dateModified\":\"2024-09-20T08:17:59+00:00\",\"author\":{\"@id\":\"https:\/\/www.italiaeconomiaonline.it\/web\/#\/schema\/person\/909a49cce752523b020fbc37d5ab1c31\"},\"breadcrumb\":{\"@id\":\"http:\/\/www.italiaeconomiaonline.it\/web\/al-via-la-32esima-edizione-di-puliamo-il-mondo-di-legambiente\/#breadcrumb\"},\"inLanguage\":\"it-IT\",\"potentialAction\":[{\"@type\":\"ReadAction\",\"target\":[\"http:\/\/www.italiaeconomiaonline.it\/web\/al-via-la-32esima-edizione-di-puliamo-il-mondo-di-legambiente\/\"]}]},{\"@type\":\"ImageObject\",\"inLanguage\":\"it-IT\",\"@id\":\"http:\/\/www.italiaeconomiaonline.it\/web\/al-via-la-32esima-edizione-di-puliamo-il-mondo-di-legambiente\/#primaryimage\",\"url\":\"https:\/\/www.italiaeconomiaonline.it\/web\/wp-content\/uploads\/2020\/07\/Cam2004_Foce-Garigliano-1-scaled-e1594386619549.jpg\",\"contentUrl\":\"https:\/\/www.italiaeconomiaonline.it\/web\/wp-content\/uploads\/2020\/07\/Cam2004_Foce-Garigliano-1-scaled-e1594386619549.jpg\",\"width\":1920,\"height\":1318},{\"@type\":\"BreadcrumbList\",\"@id\":\"http:\/\/www.italiaeconomiaonline.it\/web\/al-via-la-32esima-edizione-di-puliamo-il-mondo-di-legambiente\/#breadcrumb\",\"itemListElement\":[{\"@type\":\"ListItem\",\"position\":1,\"name\":\"Home\",\"item\":\"https:\/\/www.italiaeconomiaonline.it\/web\/\"},{\"@type\":\"ListItem\",\"position\":2,\"name\":\"Al via la 32esima edizione di \u201cPuliamo il Mondo\u201d di Legambiente\"}]},{\"@type\":\"WebSite\",\"@id\":\"https:\/\/www.italiaeconomiaonline.it\/web\/#website\",\"url\":\"https:\/\/www.italiaeconomiaonline.it\/web\/\",\"name\":\"ItaliaEconomiaOnline\",\"description\":\"Quotidiano Economico Online\",\"potentialAction\":[{\"@type\":\"SearchAction\",\"target\":{\"@type\":\"EntryPoint\",\"urlTemplate\":\"https:\/\/www.italiaeconomiaonline.it\/web\/?s={search_term_string}\"},\"query-input\":\"required name=search_term_string\"}],\"inLanguage\":\"it-IT\"},{\"@type\":\"Person\",\"@id\":\"https:\/\/www.italiaeconomiaonline.it\/web\/#\/schema\/person\/909a49cce752523b020fbc37d5ab1c31\",\"name\":\"ladyitaliaeconomia\",\"image\":{\"@type\":\"ImageObject\",\"inLanguage\":\"it-IT\",\"@id\":\"https:\/\/www.italiaeconomiaonline.it\/web\/#\/schema\/person\/image\/\",\"url\":\"https:\/\/secure.gravatar.com\/avatar\/cedca10ce7416a579b9fa6bce9c0a8f2?s=96&d=mm&r=g\",\"contentUrl\":\"https:\/\/secure.gravatar.com\/avatar\/cedca10ce7416a579b9fa6bce9c0a8f2?s=96&d=mm&r=g\",\"caption\":\"ladyitaliaeconomia\"},\"url\":\"https:\/\/www.italiaeconomiaonline.it\/web\/author\/ladyitaliaeconomia\/\"}]}<\/script>\n<!-- \/ Yoast SEO plugin. -->","yoast_head_json":{"title":"Al via la 32esima edizione di \u201cPuliamo il Mondo\u201d di Legambiente -","robots":{"index":"index","follow":"follow","max-snippet":"max-snippet:-1","max-image-preview":"max-image-preview:large","max-video-preview":"max-video-preview:-1"},"canonical":"http:\/\/www.italiaeconomiaonline.it\/web\/al-via-la-32esima-edizione-di-puliamo-il-mondo-di-legambiente\/","og_locale":"it_IT","og_type":"article","og_title":"Al via la 32esima edizione di \u201cPuliamo il Mondo\u201d di Legambiente -","og_description":"Tutela dell\u2019ambiente, citt\u00e0 pi\u00f9 pulite e vivibili, cittadinanza attiva e senso di comunit\u00e0 ma anche la promozione della pace, il rispetto della diversit\u00e0 e la giustizia sociale e climatica, come sottolineato dal motto \u201cPer un clima di pace\u201d: torna in tutta Italia,\u00a0dal 20 al 22 settembre,\u00a0la 32esima edizione di Puliamo il Mondo, la\u00a0storica campagna\u00a0di volontariato [&hellip;]","og_url":"http:\/\/www.italiaeconomiaonline.it\/web\/al-via-la-32esima-edizione-di-puliamo-il-mondo-di-legambiente\/","og_site_name":"ItaliaEconomiaOnline","article_published_time":"2024-09-17T08:17:09+00:00","article_modified_time":"2024-09-20T08:17:59+00:00","og_image":[{"width":1920,"height":1318,"url":"http:\/\/www.italiaeconomiaonline.it\/web\/wp-content\/uploads\/2020\/07\/Cam2004_Foce-Garigliano-1-scaled-e1594386619549.jpg","type":"image\/jpeg"}],"author":"ladyitaliaeconomia","twitter_card":"summary_large_image","twitter_misc":{"Scritto da":"ladyitaliaeconomia","Tempo di lettura stimato":"8 minuti"},"schema":{"@context":"https:\/\/schema.org","@graph":[{"@type":"WebPage","@id":"http:\/\/www.italiaeconomiaonline.it\/web\/al-via-la-32esima-edizione-di-puliamo-il-mondo-di-legambiente\/","url":"http:\/\/www.italiaeconomiaonline.it\/web\/al-via-la-32esima-edizione-di-puliamo-il-mondo-di-legambiente\/","name":"Al via la 32esima edizione di \u201cPuliamo il Mondo\u201d di Legambiente -","isPartOf":{"@id":"https:\/\/www.italiaeconomiaonline.it\/web\/#website"},"primaryImageOfPage":{"@id":"http:\/\/www.italiaeconomiaonline.it\/web\/al-via-la-32esima-edizione-di-puliamo-il-mondo-di-legambiente\/#primaryimage"},"image":{"@id":"http:\/\/www.italiaeconomiaonline.it\/web\/al-via-la-32esima-edizione-di-puliamo-il-mondo-di-legambiente\/#primaryimage"},"thumbnailUrl":"https:\/\/www.italiaeconomiaonline.it\/web\/wp-content\/uploads\/2020\/07\/Cam2004_Foce-Garigliano-1-scaled-e1594386619549.jpg","datePublished":"2024-09-17T08:17:09+00:00","dateModified":"2024-09-20T08:17:59+00:00","author":{"@id":"https:\/\/www.italiaeconomiaonline.it\/web\/#\/schema\/person\/909a49cce752523b020fbc37d5ab1c31"},"breadcrumb":{"@id":"http:\/\/www.italiaeconomiaonline.it\/web\/al-via-la-32esima-edizione-di-puliamo-il-mondo-di-legambiente\/#breadcrumb"},"inLanguage":"it-IT","potentialAction":[{"@type":"ReadAction","target":["http:\/\/www.italiaeconomiaonline.it\/web\/al-via-la-32esima-edizione-di-puliamo-il-mondo-di-legambiente\/"]}]},{"@type":"ImageObject","inLanguage":"it-IT","@id":"http:\/\/www.italiaeconomiaonline.it\/web\/al-via-la-32esima-edizione-di-puliamo-il-mondo-di-legambiente\/#primaryimage","url":"https:\/\/www.italiaeconomiaonline.it\/web\/wp-content\/uploads\/2020\/07\/Cam2004_Foce-Garigliano-1-scaled-e1594386619549.jpg","contentUrl":"https:\/\/www.italiaeconomiaonline.it\/web\/wp-content\/uploads\/2020\/07\/Cam2004_Foce-Garigliano-1-scaled-e1594386619549.jpg","width":1920,"height":1318},{"@type":"BreadcrumbList","@id":"http:\/\/www.italiaeconomiaonline.it\/web\/al-via-la-32esima-edizione-di-puliamo-il-mondo-di-legambiente\/#breadcrumb","itemListElement":[{"@type":"ListItem","position":1,"name":"Home","item":"https:\/\/www.italiaeconomiaonline.it\/web\/"},{"@type":"ListItem","position":2,"name":"Al via la 32esima edizione di \u201cPuliamo il Mondo\u201d di Legambiente"}]},{"@type":"WebSite","@id":"https:\/\/www.italiaeconomiaonline.it\/web\/#website","url":"https:\/\/www.italiaeconomiaonline.it\/web\/","name":"ItaliaEconomiaOnline","description":"Quotidiano Economico Online","potentialAction":[{"@type":"SearchAction","target":{"@type":"EntryPoint","urlTemplate":"https:\/\/www.italiaeconomiaonline.it\/web\/?s={search_term_string}"},"query-input":"required name=search_term_string"}],"inLanguage":"it-IT"},{"@type":"Person","@id":"https:\/\/www.italiaeconomiaonline.it\/web\/#\/schema\/person\/909a49cce752523b020fbc37d5ab1c31","name":"ladyitaliaeconomia","image":{"@type":"ImageObject","inLanguage":"it-IT","@id":"https:\/\/www.italiaeconomiaonline.it\/web\/#\/schema\/person\/image\/","url":"https:\/\/secure.gravatar.com\/avatar\/cedca10ce7416a579b9fa6bce9c0a8f2?s=96&d=mm&r=g","contentUrl":"https:\/\/secure.gravatar.com\/avatar\/cedca10ce7416a579b9fa6bce9c0a8f2?s=96&d=mm&r=g","caption":"ladyitaliaeconomia"},"url":"https:\/\/www.italiaeconomiaonline.it\/web\/author\/ladyitaliaeconomia\/"}]}},"_links":{"self":[{"href":"https:\/\/www.italiaeconomiaonline.it\/web\/wp-json\/wp\/v2\/posts\/7701"}],"collection":[{"href":"https:\/\/www.italiaeconomiaonline.it\/web\/wp-json\/wp\/v2\/posts"}],"about":[{"href":"https:\/\/www.italiaeconomiaonline.it\/web\/wp-json\/wp\/v2\/types\/post"}],"author":[{"embeddable":true,"href":"https:\/\/www.italiaeconomiaonline.it\/web\/wp-json\/wp\/v2\/users\/1"}],"replies":[{"embeddable":true,"href":"https:\/\/www.italiaeconomiaonline.it\/web\/wp-json\/wp\/v2\/comments?post=7701"}],"version-history":[{"count":1,"href":"https:\/\/www.italiaeconomiaonline.it\/web\/wp-json\/wp\/v2\/posts\/7701\/revisions"}],"predecessor-version":[{"id":7702,"href":"https:\/\/www.italiaeconomiaonline.it\/web\/wp-json\/wp\/v2\/posts\/7701\/revisions\/7702"}],"wp:featuredmedia":[{"embeddable":true,"href":"https:\/\/www.italiaeconomiaonline.it\/web\/wp-json\/wp\/v2\/media\/3645"}],"wp:attachment":[{"href":"https:\/\/www.italiaeconomiaonline.it\/web\/wp-json\/wp\/v2\/media?parent=7701"}],"wp:term":[{"taxonomy":"category","embeddable":true,"href":"https:\/\/www.italiaeconomiaonline.it\/web\/wp-json\/wp\/v2\/categories?post=7701"},{"taxonomy":"post_tag","embeddable":true,"href":"https:\/\/www.italiaeconomiaonline.it\/web\/wp-json\/wp\/v2\/tags?post=7701"}],"curies":[{"name":"wp","href":"https:\/\/api.w.org\/{rel}","templated":true}]}}