{"id":7760,"date":"2025-01-14T11:45:44","date_gmt":"2025-01-14T10:45:44","guid":{"rendered":"https:\/\/www.italiaeconomiaonline.it\/web\/?p=7760"},"modified":"2025-01-14T11:45:44","modified_gmt":"2025-01-14T10:45:44","slug":"s-antonio-venerdi-17-gennaio-la-fattoria-solidale-in-vaticano","status":"publish","type":"post","link":"https:\/\/www.italiaeconomiaonline.it\/web\/s-antonio-venerdi-17-gennaio-la-fattoria-solidale-in-vaticano\/","title":{"rendered":"S.Antonio: Venerdi 17 gennaio la fattoria solidale in Vaticano"},"content":{"rendered":"<p>Per la festa di Sant\u2019Antonio Abate, patrono degli animali, la Fattoria Italia diventa solidale con asini, cavalli, mucche, pecore e conigli che arriveranno a San Pietro come simbolo del nuovo ruolo degli allevamenti italiani nella costruzione di un sistema di welfare a tutela dei pi\u00f9 deboli, su iniziativa dell\u2019Associazione italiana Allevatori (Aia) e della Coldiretti.<\/p>\n<p>L\u2019appuntamento \u00e8 per venerd\u00ec 17 gennaio 2025 dalle ore 9 in Piazza Papa Pio XII, davanti a San Pietro a Roma, dove i giovani della Coldiretti porteranno una serie di cesti con i prodotti dell\u2019agricoltura sociale.<\/p>\n<p>Sar\u00e0 diffusa l\u2019analisi \u201cSemi di inclusione: il nuovo welfare della Fattoria Italia\u201d con un\u2019analisi sul fenomeno che vede proprio nell\u2019allevamento uno dei suoi punti di forza, con l\u2019utilizzo degli animali nelle pratiche terapeutiche per adulti e bambini con difficolt\u00e0.<\/p>\n<p>Alle ore 11 si terr\u00e0 la funzione liturgica all\u2019interno della Basilica Vaticana, presso l\u2019Altare Cattedra, presenziata da Sua Eminenza Cardinal Mauro Gambetti, Arciprete della Basilica Papale di San Pietro in Vaticano, Vicario Generale di Sua Santit\u00e0 per la Citt\u00e0 del Vaticano e Presidente della Fabbrica di San Pietro, che al termine della Santa Messa impartir\u00e0 la benedizione alle famiglie e agli animali radunati in Piazza Pio XII.<\/p>\n<p>&nbsp;<\/p>\n","protected":false},"excerpt":{"rendered":"<p>Per la festa di Sant\u2019Antonio Abate, patrono degli animali, la Fattoria Italia diventa solidale con asini, cavalli, mucche, pecore e conigli che arriveranno a San Pietro come simbolo del nuovo ruolo degli allevamenti italiani nella costruzione di un sistema di welfare a tutela dei pi\u00f9 deboli, su iniziativa dell\u2019Associazione italiana Allevatori (Aia) e della Coldiretti. [&hellip;]<\/p>\n","protected":false},"author":1,"featured_media":4533,"comment_status":"closed","ping_status":"open","sticky":false,"template":"","format":"standard","meta":{"footnotes":""},"categories":[70],"tags":[],"yoast_head":"<!-- This site is optimized with the Yoast SEO plugin v22.2 - https:\/\/yoast.com\/wordpress\/plugins\/seo\/ -->\n<title>S.Antonio: Venerdi 17 gennaio la fattoria solidale in Vaticano -<\/title>\n<meta name=\"robots\" content=\"index, follow, max-snippet:-1, max-image-preview:large, max-video-preview:-1\" \/>\n<link rel=\"canonical\" href=\"https:\/\/www.italiaeconomiaonline.it\/web\/s-antonio-venerdi-17-gennaio-la-fattoria-solidale-in-vaticano\/\" \/>\n<meta property=\"og:locale\" content=\"it_IT\" \/>\n<meta property=\"og:type\" content=\"article\" \/>\n<meta property=\"og:title\" content=\"S.Antonio: Venerdi 17 gennaio la fattoria solidale in Vaticano -\" \/>\n<meta property=\"og:description\" content=\"Per la festa di Sant\u2019Antonio Abate, patrono degli animali, la Fattoria Italia diventa solidale con asini, cavalli, mucche, pecore e conigli che arriveranno a San Pietro come simbolo del nuovo ruolo degli allevamenti italiani nella costruzione di un sistema di welfare a tutela dei pi\u00f9 deboli, su iniziativa dell\u2019Associazione italiana Allevatori (Aia) e della Coldiretti. [&hellip;]\" \/>\n<meta property=\"og:url\" content=\"https:\/\/www.italiaeconomiaonline.it\/web\/s-antonio-venerdi-17-gennaio-la-fattoria-solidale-in-vaticano\/\" \/>\n<meta property=\"og:site_name\" content=\"ItaliaEconomiaOnline\" \/>\n<meta property=\"article:published_time\" content=\"2025-01-14T10:45:44+00:00\" \/>\n<meta property=\"og:image\" content=\"https:\/\/www.italiaeconomiaonline.it\/web\/wp-content\/uploads\/2020\/11\/Schermata-2020-11-02-alle-16.10.44.png\" \/>\n\t<meta property=\"og:image:width\" content=\"1160\" \/>\n\t<meta property=\"og:image:height\" content=\"786\" \/>\n\t<meta property=\"og:image:type\" content=\"image\/png\" \/>\n<meta name=\"author\" content=\"ladyitaliaeconomia\" \/>\n<meta name=\"twitter:card\" content=\"summary_large_image\" \/>\n<meta name=\"twitter:label1\" content=\"Scritto da\" \/>\n\t<meta name=\"twitter:data1\" content=\"ladyitaliaeconomia\" \/>\n\t<meta name=\"twitter:label2\" content=\"Tempo di lettura stimato\" \/>\n\t<meta name=\"twitter:data2\" content=\"2 minuti\" \/>\n<script type=\"application\/ld+json\" class=\"yoast-schema-graph\">{\"@context\":\"https:\/\/schema.org\",\"@graph\":[{\"@type\":\"WebPage\",\"@id\":\"https:\/\/www.italiaeconomiaonline.it\/web\/s-antonio-venerdi-17-gennaio-la-fattoria-solidale-in-vaticano\/\",\"url\":\"https:\/\/www.italiaeconomiaonline.it\/web\/s-antonio-venerdi-17-gennaio-la-fattoria-solidale-in-vaticano\/\",\"name\":\"S.Antonio: Venerdi 17 gennaio la fattoria solidale in Vaticano -\",\"isPartOf\":{\"@id\":\"https:\/\/www.italiaeconomiaonline.it\/web\/#website\"},\"primaryImageOfPage\":{\"@id\":\"https:\/\/www.italiaeconomiaonline.it\/web\/s-antonio-venerdi-17-gennaio-la-fattoria-solidale-in-vaticano\/#primaryimage\"},\"image\":{\"@id\":\"https:\/\/www.italiaeconomiaonline.it\/web\/s-antonio-venerdi-17-gennaio-la-fattoria-solidale-in-vaticano\/#primaryimage\"},\"thumbnailUrl\":\"https:\/\/www.italiaeconomiaonline.it\/web\/wp-content\/uploads\/2020\/11\/Schermata-2020-11-02-alle-16.10.44.png\",\"datePublished\":\"2025-01-14T10:45:44+00:00\",\"dateModified\":\"2025-01-14T10:45:44+00:00\",\"author\":{\"@id\":\"https:\/\/www.italiaeconomiaonline.it\/web\/#\/schema\/person\/909a49cce752523b020fbc37d5ab1c31\"},\"breadcrumb\":{\"@id\":\"https:\/\/www.italiaeconomiaonline.it\/web\/s-antonio-venerdi-17-gennaio-la-fattoria-solidale-in-vaticano\/#breadcrumb\"},\"inLanguage\":\"it-IT\",\"potentialAction\":[{\"@type\":\"ReadAction\",\"target\":[\"https:\/\/www.italiaeconomiaonline.it\/web\/s-antonio-venerdi-17-gennaio-la-fattoria-solidale-in-vaticano\/\"]}]},{\"@type\":\"ImageObject\",\"inLanguage\":\"it-IT\",\"@id\":\"https:\/\/www.italiaeconomiaonline.it\/web\/s-antonio-venerdi-17-gennaio-la-fattoria-solidale-in-vaticano\/#primaryimage\",\"url\":\"https:\/\/www.italiaeconomiaonline.it\/web\/wp-content\/uploads\/2020\/11\/Schermata-2020-11-02-alle-16.10.44.png\",\"contentUrl\":\"https:\/\/www.italiaeconomiaonline.it\/web\/wp-content\/uploads\/2020\/11\/Schermata-2020-11-02-alle-16.10.44.png\",\"width\":1160,\"height\":786},{\"@type\":\"BreadcrumbList\",\"@id\":\"https:\/\/www.italiaeconomiaonline.it\/web\/s-antonio-venerdi-17-gennaio-la-fattoria-solidale-in-vaticano\/#breadcrumb\",\"itemListElement\":[{\"@type\":\"ListItem\",\"position\":1,\"name\":\"Home\",\"item\":\"https:\/\/www.italiaeconomiaonline.it\/web\/\"},{\"@type\":\"ListItem\",\"position\":2,\"name\":\"S.Antonio: Venerdi 17 gennaio la fattoria solidale in Vaticano\"}]},{\"@type\":\"WebSite\",\"@id\":\"https:\/\/www.italiaeconomiaonline.it\/web\/#website\",\"url\":\"https:\/\/www.italiaeconomiaonline.it\/web\/\",\"name\":\"ItaliaEconomiaOnline\",\"description\":\"Quotidiano Economico Online\",\"potentialAction\":[{\"@type\":\"SearchAction\",\"target\":{\"@type\":\"EntryPoint\",\"urlTemplate\":\"https:\/\/www.italiaeconomiaonline.it\/web\/?s={search_term_string}\"},\"query-input\":\"required name=search_term_string\"}],\"inLanguage\":\"it-IT\"},{\"@type\":\"Person\",\"@id\":\"https:\/\/www.italiaeconomiaonline.it\/web\/#\/schema\/person\/909a49cce752523b020fbc37d5ab1c31\",\"name\":\"ladyitaliaeconomia\",\"image\":{\"@type\":\"ImageObject\",\"inLanguage\":\"it-IT\",\"@id\":\"https:\/\/www.italiaeconomiaonline.it\/web\/#\/schema\/person\/image\/\",\"url\":\"https:\/\/secure.gravatar.com\/avatar\/cedca10ce7416a579b9fa6bce9c0a8f2?s=96&d=mm&r=g\",\"contentUrl\":\"https:\/\/secure.gravatar.com\/avatar\/cedca10ce7416a579b9fa6bce9c0a8f2?s=96&d=mm&r=g\",\"caption\":\"ladyitaliaeconomia\"},\"url\":\"https:\/\/www.italiaeconomiaonline.it\/web\/author\/ladyitaliaeconomia\/\"}]}<\/script>\n<!-- \/ Yoast SEO plugin. -->","yoast_head_json":{"title":"S.Antonio: Venerdi 17 gennaio la fattoria solidale in Vaticano -","robots":{"index":"index","follow":"follow","max-snippet":"max-snippet:-1","max-image-preview":"max-image-preview:large","max-video-preview":"max-video-preview:-1"},"canonical":"https:\/\/www.italiaeconomiaonline.it\/web\/s-antonio-venerdi-17-gennaio-la-fattoria-solidale-in-vaticano\/","og_locale":"it_IT","og_type":"article","og_title":"S.Antonio: Venerdi 17 gennaio la fattoria solidale in Vaticano -","og_description":"Per la festa di Sant\u2019Antonio Abate, patrono degli animali, la Fattoria Italia diventa solidale con asini, cavalli, mucche, pecore e conigli che arriveranno a San Pietro come simbolo del nuovo ruolo degli allevamenti italiani nella costruzione di un sistema di welfare a tutela dei pi\u00f9 deboli, su iniziativa dell\u2019Associazione italiana Allevatori (Aia) e della Coldiretti. [&hellip;]","og_url":"https:\/\/www.italiaeconomiaonline.it\/web\/s-antonio-venerdi-17-gennaio-la-fattoria-solidale-in-vaticano\/","og_site_name":"ItaliaEconomiaOnline","article_published_time":"2025-01-14T10:45:44+00:00","og_image":[{"width":1160,"height":786,"url":"https:\/\/www.italiaeconomiaonline.it\/web\/wp-content\/uploads\/2020\/11\/Schermata-2020-11-02-alle-16.10.44.png","type":"image\/png"}],"author":"ladyitaliaeconomia","twitter_card":"summary_large_image","twitter_misc":{"Scritto da":"ladyitaliaeconomia","Tempo di lettura stimato":"2 minuti"},"schema":{"@context":"https:\/\/schema.org","@graph":[{"@type":"WebPage","@id":"https:\/\/www.italiaeconomiaonline.it\/web\/s-antonio-venerdi-17-gennaio-la-fattoria-solidale-in-vaticano\/","url":"https:\/\/www.italiaeconomiaonline.it\/web\/s-antonio-venerdi-17-gennaio-la-fattoria-solidale-in-vaticano\/","name":"S.Antonio: Venerdi 17 gennaio la fattoria solidale in Vaticano -","isPartOf":{"@id":"https:\/\/www.italiaeconomiaonline.it\/web\/#website"},"primaryImageOfPage":{"@id":"https:\/\/www.italiaeconomiaonline.it\/web\/s-antonio-venerdi-17-gennaio-la-fattoria-solidale-in-vaticano\/#primaryimage"},"image":{"@id":"https:\/\/www.italiaeconomiaonline.it\/web\/s-antonio-venerdi-17-gennaio-la-fattoria-solidale-in-vaticano\/#primaryimage"},"thumbnailUrl":"https:\/\/www.italiaeconomiaonline.it\/web\/wp-content\/uploads\/2020\/11\/Schermata-2020-11-02-alle-16.10.44.png","datePublished":"2025-01-14T10:45:44+00:00","dateModified":"2025-01-14T10:45:44+00:00","author":{"@id":"https:\/\/www.italiaeconomiaonline.it\/web\/#\/schema\/person\/909a49cce752523b020fbc37d5ab1c31"},"breadcrumb":{"@id":"https:\/\/www.italiaeconomiaonline.it\/web\/s-antonio-venerdi-17-gennaio-la-fattoria-solidale-in-vaticano\/#breadcrumb"},"inLanguage":"it-IT","potentialAction":[{"@type":"ReadAction","target":["https:\/\/www.italiaeconomiaonline.it\/web\/s-antonio-venerdi-17-gennaio-la-fattoria-solidale-in-vaticano\/"]}]},{"@type":"ImageObject","inLanguage":"it-IT","@id":"https:\/\/www.italiaeconomiaonline.it\/web\/s-antonio-venerdi-17-gennaio-la-fattoria-solidale-in-vaticano\/#primaryimage","url":"https:\/\/www.italiaeconomiaonline.it\/web\/wp-content\/uploads\/2020\/11\/Schermata-2020-11-02-alle-16.10.44.png","contentUrl":"https:\/\/www.italiaeconomiaonline.it\/web\/wp-content\/uploads\/2020\/11\/Schermata-2020-11-02-alle-16.10.44.png","width":1160,"height":786},{"@type":"BreadcrumbList","@id":"https:\/\/www.italiaeconomiaonline.it\/web\/s-antonio-venerdi-17-gennaio-la-fattoria-solidale-in-vaticano\/#breadcrumb","itemListElement":[{"@type":"ListItem","position":1,"name":"Home","item":"https:\/\/www.italiaeconomiaonline.it\/web\/"},{"@type":"ListItem","position":2,"name":"S.Antonio: Venerdi 17 gennaio la fattoria solidale in Vaticano"}]},{"@type":"WebSite","@id":"https:\/\/www.italiaeconomiaonline.it\/web\/#website","url":"https:\/\/www.italiaeconomiaonline.it\/web\/","name":"ItaliaEconomiaOnline","description":"Quotidiano Economico Online","potentialAction":[{"@type":"SearchAction","target":{"@type":"EntryPoint","urlTemplate":"https:\/\/www.italiaeconomiaonline.it\/web\/?s={search_term_string}"},"query-input":"required name=search_term_string"}],"inLanguage":"it-IT"},{"@type":"Person","@id":"https:\/\/www.italiaeconomiaonline.it\/web\/#\/schema\/person\/909a49cce752523b020fbc37d5ab1c31","name":"ladyitaliaeconomia","image":{"@type":"ImageObject","inLanguage":"it-IT","@id":"https:\/\/www.italiaeconomiaonline.it\/web\/#\/schema\/person\/image\/","url":"https:\/\/secure.gravatar.com\/avatar\/cedca10ce7416a579b9fa6bce9c0a8f2?s=96&d=mm&r=g","contentUrl":"https:\/\/secure.gravatar.com\/avatar\/cedca10ce7416a579b9fa6bce9c0a8f2?s=96&d=mm&r=g","caption":"ladyitaliaeconomia"},"url":"https:\/\/www.italiaeconomiaonline.it\/web\/author\/ladyitaliaeconomia\/"}]}},"_links":{"self":[{"href":"https:\/\/www.italiaeconomiaonline.it\/web\/wp-json\/wp\/v2\/posts\/7760"}],"collection":[{"href":"https:\/\/www.italiaeconomiaonline.it\/web\/wp-json\/wp\/v2\/posts"}],"about":[{"href":"https:\/\/www.italiaeconomiaonline.it\/web\/wp-json\/wp\/v2\/types\/post"}],"author":[{"embeddable":true,"href":"https:\/\/www.italiaeconomiaonline.it\/web\/wp-json\/wp\/v2\/users\/1"}],"replies":[{"embeddable":true,"href":"https:\/\/www.italiaeconomiaonline.it\/web\/wp-json\/wp\/v2\/comments?post=7760"}],"version-history":[{"count":1,"href":"https:\/\/www.italiaeconomiaonline.it\/web\/wp-json\/wp\/v2\/posts\/7760\/revisions"}],"predecessor-version":[{"id":7761,"href":"https:\/\/www.italiaeconomiaonline.it\/web\/wp-json\/wp\/v2\/posts\/7760\/revisions\/7761"}],"wp:featuredmedia":[{"embeddable":true,"href":"https:\/\/www.italiaeconomiaonline.it\/web\/wp-json\/wp\/v2\/media\/4533"}],"wp:attachment":[{"href":"https:\/\/www.italiaeconomiaonline.it\/web\/wp-json\/wp\/v2\/media?parent=7760"}],"wp:term":[{"taxonomy":"category","embeddable":true,"href":"https:\/\/www.italiaeconomiaonline.it\/web\/wp-json\/wp\/v2\/categories?post=7760"},{"taxonomy":"post_tag","embeddable":true,"href":"https:\/\/www.italiaeconomiaonline.it\/web\/wp-json\/wp\/v2\/tags?post=7760"}],"curies":[{"name":"wp","href":"https:\/\/api.w.org\/{rel}","templated":true}]}}