{"id":7808,"date":"2025-02-20T16:39:47","date_gmt":"2025-02-20T15:39:47","guid":{"rendered":"https:\/\/www.italiaeconomiaonline.it\/web\/?p=7808"},"modified":"2025-02-20T16:39:47","modified_gmt":"2025-02-20T15:39:47","slug":"decreto-legge-pa-un-concreto-cambio-di-paradigma-nel-rapporto-tra-amministrazioni-cittadini-e-imprese","status":"publish","type":"post","link":"https:\/\/www.italiaeconomiaonline.it\/web\/decreto-legge-pa-un-concreto-cambio-di-paradigma-nel-rapporto-tra-amministrazioni-cittadini-e-imprese\/","title":{"rendered":"Decreto-Legge PA: un concreto cambio di paradigma nel rapporto tra amministrazioni, cittadini e imprese"},"content":{"rendered":"<p>Accogliamo con grande soddisfazione il nuovo Decreto-legge che introduce un rafforzamento nelle procedure di selezione della Pubblica Amministrazione, con particolare attenzione ai profili esperti in transizione digitale e sicurezza informatica. Questo provvedimento rappresenta un primo, fondamentale passo verso il rinnovamento di un settore che, come Fondazione Aidr (<a href=\"https:\/\/cittaininternet.musvc3.net\/e\/tr?q=A%3dKROYM%26C%3dIa%268%3dSMfS%26F%3dGZLVMb%26E%3d99R0_If1j_TP_Pkte_ZZ_If1j_SUUGN.pGxI.xR%26x%3dD0QF4H.LyK%26xQ%3dKVGcO%26K8%3dZTSJhLSOYOaLZO%269%3dIhz69u2pMByTIZNXJ0xRtawXsBu6MayUsByXteO4r0y2JbRTMAM7qdTUH9xRMbx5NByZ&amp;mupckp=mupAtu4m8OiX0wt\" target=\"_blank\" rel=\"noopener noreferrer\">www.aidr.it<\/a>), sosteniamo da circa dieci anni.<\/p>\n<p>Dobbiamo riconoscere al Ministro Paolo Zangrillo di aver mantenuto la parola data. Durante un nostro convegno aveva anticipato l&#8217;intenzione di promuovere un intervento legislativo in grado di trasformare il reclutamento nella PA, offrendo ai giovani una reale opportunit\u00e0 di inserirsi in un contesto lavorativo profondamente innovato dall\u2019uso delle tecnologie digitali. Oggi, con questa iniziativa normativa approvata dal Consiglio dei ministri su proposta del Presidente Giorgia Meloni e dal Ministro Paolo Zangrillo, si gettano le basi per un cambio di paradigma nel rapporto tra amministrazioni, cittadini e imprese.<\/p>\n<p>Ora tocca a tutti gli attori coinvolti, sia all\u2019interno della Pubblica Amministrazione che nella societ\u00e0 civile, promuovere e valorizzare questa grande opportunit\u00e0. La Fondazione Aidr \u00e8 pronta a fare la propria parte: gi\u00e0 nei prossimi mesi avvieremo una serie di iniziative nell\u2019ambito dell&#8217;Anno europeo dell&#8217;educazione\u00a0alla cittadinanza digitale. In collaborazione con gli Uffici in Italia del Parlamento e della Commissione europea, delle universit\u00e0 e delle aziende IT, sosterremo la formazione di nuove competenze digitali. Il nostro impegno si concretizzer\u00e0 anche attraverso la destinazione del 5&#215;1000 al finanziamento di dottorati di ricerca, borse di studio, tirocini e corsi di formazione dedicati a tutti coloro che vogliono dotarsi di competenze certificate in transizione digitale e sicurezza informatica.<\/p>\n<p>L\u2019obiettivo comune deve essere quello di rendere la Pubblica Amministrazione pi\u00f9 attrattiva per i giovani talenti, dotandola delle competenze necessarie per affrontare le sfide della trasformazione digitale e offrire ai cittadini servizi sempre pi\u00f9 efficienti e innovativi.<\/p>\n<p><strong><em>\u00a0<\/em><\/strong><\/p>\n<p>&nbsp;<\/p>\n","protected":false},"excerpt":{"rendered":"<p>Accogliamo con grande soddisfazione il nuovo Decreto-legge che introduce un rafforzamento nelle procedure di selezione della Pubblica Amministrazione, con particolare attenzione ai profili esperti in transizione digitale e sicurezza informatica. Questo provvedimento rappresenta un primo, fondamentale passo verso il rinnovamento di un settore che, come Fondazione Aidr (www.aidr.it), sosteniamo da circa dieci anni. Dobbiamo riconoscere [&hellip;]<\/p>\n","protected":false},"author":1,"featured_media":7809,"comment_status":"closed","ping_status":"open","sticky":false,"template":"","format":"standard","meta":{"footnotes":""},"categories":[309],"tags":[1409,586,1896],"yoast_head":"<!-- This site is optimized with the Yoast SEO plugin v22.2 - https:\/\/yoast.com\/wordpress\/plugins\/seo\/ -->\n<title>Decreto-Legge PA: un concreto cambio di paradigma nel rapporto tra amministrazioni, cittadini e imprese -<\/title>\n<meta name=\"robots\" content=\"index, follow, max-snippet:-1, max-image-preview:large, max-video-preview:-1\" \/>\n<link rel=\"canonical\" href=\"https:\/\/www.italiaeconomiaonline.it\/web\/decreto-legge-pa-un-concreto-cambio-di-paradigma-nel-rapporto-tra-amministrazioni-cittadini-e-imprese\/\" \/>\n<meta property=\"og:locale\" content=\"it_IT\" \/>\n<meta property=\"og:type\" content=\"article\" \/>\n<meta property=\"og:title\" content=\"Decreto-Legge PA: un concreto cambio di paradigma nel rapporto tra amministrazioni, cittadini e imprese -\" \/>\n<meta property=\"og:description\" content=\"Accogliamo con grande soddisfazione il nuovo Decreto-legge che introduce un rafforzamento nelle procedure di selezione della Pubblica Amministrazione, con particolare attenzione ai profili esperti in transizione digitale e sicurezza informatica. Questo provvedimento rappresenta un primo, fondamentale passo verso il rinnovamento di un settore che, come Fondazione Aidr (www.aidr.it), sosteniamo da circa dieci anni. Dobbiamo riconoscere [&hellip;]\" \/>\n<meta property=\"og:url\" content=\"https:\/\/www.italiaeconomiaonline.it\/web\/decreto-legge-pa-un-concreto-cambio-di-paradigma-nel-rapporto-tra-amministrazioni-cittadini-e-imprese\/\" \/>\n<meta property=\"og:site_name\" content=\"ItaliaEconomiaOnline\" \/>\n<meta property=\"article:published_time\" content=\"2025-02-20T15:39:47+00:00\" \/>\n<meta property=\"og:image\" content=\"https:\/\/www.italiaeconomiaonline.it\/web\/wp-content\/uploads\/2025\/02\/Ministro-Zangrillo_Carlo-Corazza_Antonio-Parenti.jpg\" \/>\n\t<meta property=\"og:image:width\" content=\"900\" \/>\n\t<meta property=\"og:image:height\" content=\"600\" \/>\n\t<meta property=\"og:image:type\" content=\"image\/jpeg\" \/>\n<meta name=\"author\" content=\"ladyitaliaeconomia\" \/>\n<meta name=\"twitter:card\" content=\"summary_large_image\" \/>\n<meta name=\"twitter:label1\" content=\"Scritto da\" \/>\n\t<meta name=\"twitter:data1\" content=\"ladyitaliaeconomia\" \/>\n\t<meta name=\"twitter:label2\" content=\"Tempo di lettura stimato\" \/>\n\t<meta name=\"twitter:data2\" content=\"2 minuti\" \/>\n<script type=\"application\/ld+json\" class=\"yoast-schema-graph\">{\"@context\":\"https:\/\/schema.org\",\"@graph\":[{\"@type\":\"WebPage\",\"@id\":\"https:\/\/www.italiaeconomiaonline.it\/web\/decreto-legge-pa-un-concreto-cambio-di-paradigma-nel-rapporto-tra-amministrazioni-cittadini-e-imprese\/\",\"url\":\"https:\/\/www.italiaeconomiaonline.it\/web\/decreto-legge-pa-un-concreto-cambio-di-paradigma-nel-rapporto-tra-amministrazioni-cittadini-e-imprese\/\",\"name\":\"Decreto-Legge PA: un concreto cambio di paradigma nel rapporto tra amministrazioni, cittadini e imprese -\",\"isPartOf\":{\"@id\":\"https:\/\/www.italiaeconomiaonline.it\/web\/#website\"},\"primaryImageOfPage\":{\"@id\":\"https:\/\/www.italiaeconomiaonline.it\/web\/decreto-legge-pa-un-concreto-cambio-di-paradigma-nel-rapporto-tra-amministrazioni-cittadini-e-imprese\/#primaryimage\"},\"image\":{\"@id\":\"https:\/\/www.italiaeconomiaonline.it\/web\/decreto-legge-pa-un-concreto-cambio-di-paradigma-nel-rapporto-tra-amministrazioni-cittadini-e-imprese\/#primaryimage\"},\"thumbnailUrl\":\"https:\/\/www.italiaeconomiaonline.it\/web\/wp-content\/uploads\/2025\/02\/Ministro-Zangrillo_Carlo-Corazza_Antonio-Parenti.jpg\",\"datePublished\":\"2025-02-20T15:39:47+00:00\",\"dateModified\":\"2025-02-20T15:39:47+00:00\",\"author\":{\"@id\":\"https:\/\/www.italiaeconomiaonline.it\/web\/#\/schema\/person\/909a49cce752523b020fbc37d5ab1c31\"},\"breadcrumb\":{\"@id\":\"https:\/\/www.italiaeconomiaonline.it\/web\/decreto-legge-pa-un-concreto-cambio-di-paradigma-nel-rapporto-tra-amministrazioni-cittadini-e-imprese\/#breadcrumb\"},\"inLanguage\":\"it-IT\",\"potentialAction\":[{\"@type\":\"ReadAction\",\"target\":[\"https:\/\/www.italiaeconomiaonline.it\/web\/decreto-legge-pa-un-concreto-cambio-di-paradigma-nel-rapporto-tra-amministrazioni-cittadini-e-imprese\/\"]}]},{\"@type\":\"ImageObject\",\"inLanguage\":\"it-IT\",\"@id\":\"https:\/\/www.italiaeconomiaonline.it\/web\/decreto-legge-pa-un-concreto-cambio-di-paradigma-nel-rapporto-tra-amministrazioni-cittadini-e-imprese\/#primaryimage\",\"url\":\"https:\/\/www.italiaeconomiaonline.it\/web\/wp-content\/uploads\/2025\/02\/Ministro-Zangrillo_Carlo-Corazza_Antonio-Parenti.jpg\",\"contentUrl\":\"https:\/\/www.italiaeconomiaonline.it\/web\/wp-content\/uploads\/2025\/02\/Ministro-Zangrillo_Carlo-Corazza_Antonio-Parenti.jpg\",\"width\":900,\"height\":600},{\"@type\":\"BreadcrumbList\",\"@id\":\"https:\/\/www.italiaeconomiaonline.it\/web\/decreto-legge-pa-un-concreto-cambio-di-paradigma-nel-rapporto-tra-amministrazioni-cittadini-e-imprese\/#breadcrumb\",\"itemListElement\":[{\"@type\":\"ListItem\",\"position\":1,\"name\":\"Home\",\"item\":\"https:\/\/www.italiaeconomiaonline.it\/web\/\"},{\"@type\":\"ListItem\",\"position\":2,\"name\":\"Decreto-Legge PA: un concreto cambio di paradigma nel rapporto tra amministrazioni, cittadini e imprese\"}]},{\"@type\":\"WebSite\",\"@id\":\"https:\/\/www.italiaeconomiaonline.it\/web\/#website\",\"url\":\"https:\/\/www.italiaeconomiaonline.it\/web\/\",\"name\":\"ItaliaEconomiaOnline\",\"description\":\"Quotidiano Economico Online\",\"potentialAction\":[{\"@type\":\"SearchAction\",\"target\":{\"@type\":\"EntryPoint\",\"urlTemplate\":\"https:\/\/www.italiaeconomiaonline.it\/web\/?s={search_term_string}\"},\"query-input\":\"required name=search_term_string\"}],\"inLanguage\":\"it-IT\"},{\"@type\":\"Person\",\"@id\":\"https:\/\/www.italiaeconomiaonline.it\/web\/#\/schema\/person\/909a49cce752523b020fbc37d5ab1c31\",\"name\":\"ladyitaliaeconomia\",\"image\":{\"@type\":\"ImageObject\",\"inLanguage\":\"it-IT\",\"@id\":\"https:\/\/www.italiaeconomiaonline.it\/web\/#\/schema\/person\/image\/\",\"url\":\"https:\/\/secure.gravatar.com\/avatar\/cedca10ce7416a579b9fa6bce9c0a8f2?s=96&d=mm&r=g\",\"contentUrl\":\"https:\/\/secure.gravatar.com\/avatar\/cedca10ce7416a579b9fa6bce9c0a8f2?s=96&d=mm&r=g\",\"caption\":\"ladyitaliaeconomia\"},\"url\":\"https:\/\/www.italiaeconomiaonline.it\/web\/author\/ladyitaliaeconomia\/\"}]}<\/script>\n<!-- \/ Yoast SEO plugin. -->","yoast_head_json":{"title":"Decreto-Legge PA: un concreto cambio di paradigma nel rapporto tra amministrazioni, cittadini e imprese -","robots":{"index":"index","follow":"follow","max-snippet":"max-snippet:-1","max-image-preview":"max-image-preview:large","max-video-preview":"max-video-preview:-1"},"canonical":"https:\/\/www.italiaeconomiaonline.it\/web\/decreto-legge-pa-un-concreto-cambio-di-paradigma-nel-rapporto-tra-amministrazioni-cittadini-e-imprese\/","og_locale":"it_IT","og_type":"article","og_title":"Decreto-Legge PA: un concreto cambio di paradigma nel rapporto tra amministrazioni, cittadini e imprese -","og_description":"Accogliamo con grande soddisfazione il nuovo Decreto-legge che introduce un rafforzamento nelle procedure di selezione della Pubblica Amministrazione, con particolare attenzione ai profili esperti in transizione digitale e sicurezza informatica. Questo provvedimento rappresenta un primo, fondamentale passo verso il rinnovamento di un settore che, come Fondazione Aidr (www.aidr.it), sosteniamo da circa dieci anni. Dobbiamo riconoscere [&hellip;]","og_url":"https:\/\/www.italiaeconomiaonline.it\/web\/decreto-legge-pa-un-concreto-cambio-di-paradigma-nel-rapporto-tra-amministrazioni-cittadini-e-imprese\/","og_site_name":"ItaliaEconomiaOnline","article_published_time":"2025-02-20T15:39:47+00:00","og_image":[{"width":900,"height":600,"url":"https:\/\/www.italiaeconomiaonline.it\/web\/wp-content\/uploads\/2025\/02\/Ministro-Zangrillo_Carlo-Corazza_Antonio-Parenti.jpg","type":"image\/jpeg"}],"author":"ladyitaliaeconomia","twitter_card":"summary_large_image","twitter_misc":{"Scritto da":"ladyitaliaeconomia","Tempo di lettura stimato":"2 minuti"},"schema":{"@context":"https:\/\/schema.org","@graph":[{"@type":"WebPage","@id":"https:\/\/www.italiaeconomiaonline.it\/web\/decreto-legge-pa-un-concreto-cambio-di-paradigma-nel-rapporto-tra-amministrazioni-cittadini-e-imprese\/","url":"https:\/\/www.italiaeconomiaonline.it\/web\/decreto-legge-pa-un-concreto-cambio-di-paradigma-nel-rapporto-tra-amministrazioni-cittadini-e-imprese\/","name":"Decreto-Legge PA: un concreto cambio di paradigma nel rapporto tra amministrazioni, cittadini e imprese -","isPartOf":{"@id":"https:\/\/www.italiaeconomiaonline.it\/web\/#website"},"primaryImageOfPage":{"@id":"https:\/\/www.italiaeconomiaonline.it\/web\/decreto-legge-pa-un-concreto-cambio-di-paradigma-nel-rapporto-tra-amministrazioni-cittadini-e-imprese\/#primaryimage"},"image":{"@id":"https:\/\/www.italiaeconomiaonline.it\/web\/decreto-legge-pa-un-concreto-cambio-di-paradigma-nel-rapporto-tra-amministrazioni-cittadini-e-imprese\/#primaryimage"},"thumbnailUrl":"https:\/\/www.italiaeconomiaonline.it\/web\/wp-content\/uploads\/2025\/02\/Ministro-Zangrillo_Carlo-Corazza_Antonio-Parenti.jpg","datePublished":"2025-02-20T15:39:47+00:00","dateModified":"2025-02-20T15:39:47+00:00","author":{"@id":"https:\/\/www.italiaeconomiaonline.it\/web\/#\/schema\/person\/909a49cce752523b020fbc37d5ab1c31"},"breadcrumb":{"@id":"https:\/\/www.italiaeconomiaonline.it\/web\/decreto-legge-pa-un-concreto-cambio-di-paradigma-nel-rapporto-tra-amministrazioni-cittadini-e-imprese\/#breadcrumb"},"inLanguage":"it-IT","potentialAction":[{"@type":"ReadAction","target":["https:\/\/www.italiaeconomiaonline.it\/web\/decreto-legge-pa-un-concreto-cambio-di-paradigma-nel-rapporto-tra-amministrazioni-cittadini-e-imprese\/"]}]},{"@type":"ImageObject","inLanguage":"it-IT","@id":"https:\/\/www.italiaeconomiaonline.it\/web\/decreto-legge-pa-un-concreto-cambio-di-paradigma-nel-rapporto-tra-amministrazioni-cittadini-e-imprese\/#primaryimage","url":"https:\/\/www.italiaeconomiaonline.it\/web\/wp-content\/uploads\/2025\/02\/Ministro-Zangrillo_Carlo-Corazza_Antonio-Parenti.jpg","contentUrl":"https:\/\/www.italiaeconomiaonline.it\/web\/wp-content\/uploads\/2025\/02\/Ministro-Zangrillo_Carlo-Corazza_Antonio-Parenti.jpg","width":900,"height":600},{"@type":"BreadcrumbList","@id":"https:\/\/www.italiaeconomiaonline.it\/web\/decreto-legge-pa-un-concreto-cambio-di-paradigma-nel-rapporto-tra-amministrazioni-cittadini-e-imprese\/#breadcrumb","itemListElement":[{"@type":"ListItem","position":1,"name":"Home","item":"https:\/\/www.italiaeconomiaonline.it\/web\/"},{"@type":"ListItem","position":2,"name":"Decreto-Legge PA: un concreto cambio di paradigma nel rapporto tra amministrazioni, cittadini e imprese"}]},{"@type":"WebSite","@id":"https:\/\/www.italiaeconomiaonline.it\/web\/#website","url":"https:\/\/www.italiaeconomiaonline.it\/web\/","name":"ItaliaEconomiaOnline","description":"Quotidiano Economico Online","potentialAction":[{"@type":"SearchAction","target":{"@type":"EntryPoint","urlTemplate":"https:\/\/www.italiaeconomiaonline.it\/web\/?s={search_term_string}"},"query-input":"required name=search_term_string"}],"inLanguage":"it-IT"},{"@type":"Person","@id":"https:\/\/www.italiaeconomiaonline.it\/web\/#\/schema\/person\/909a49cce752523b020fbc37d5ab1c31","name":"ladyitaliaeconomia","image":{"@type":"ImageObject","inLanguage":"it-IT","@id":"https:\/\/www.italiaeconomiaonline.it\/web\/#\/schema\/person\/image\/","url":"https:\/\/secure.gravatar.com\/avatar\/cedca10ce7416a579b9fa6bce9c0a8f2?s=96&d=mm&r=g","contentUrl":"https:\/\/secure.gravatar.com\/avatar\/cedca10ce7416a579b9fa6bce9c0a8f2?s=96&d=mm&r=g","caption":"ladyitaliaeconomia"},"url":"https:\/\/www.italiaeconomiaonline.it\/web\/author\/ladyitaliaeconomia\/"}]}},"_links":{"self":[{"href":"https:\/\/www.italiaeconomiaonline.it\/web\/wp-json\/wp\/v2\/posts\/7808"}],"collection":[{"href":"https:\/\/www.italiaeconomiaonline.it\/web\/wp-json\/wp\/v2\/posts"}],"about":[{"href":"https:\/\/www.italiaeconomiaonline.it\/web\/wp-json\/wp\/v2\/types\/post"}],"author":[{"embeddable":true,"href":"https:\/\/www.italiaeconomiaonline.it\/web\/wp-json\/wp\/v2\/users\/1"}],"replies":[{"embeddable":true,"href":"https:\/\/www.italiaeconomiaonline.it\/web\/wp-json\/wp\/v2\/comments?post=7808"}],"version-history":[{"count":1,"href":"https:\/\/www.italiaeconomiaonline.it\/web\/wp-json\/wp\/v2\/posts\/7808\/revisions"}],"predecessor-version":[{"id":7810,"href":"https:\/\/www.italiaeconomiaonline.it\/web\/wp-json\/wp\/v2\/posts\/7808\/revisions\/7810"}],"wp:featuredmedia":[{"embeddable":true,"href":"https:\/\/www.italiaeconomiaonline.it\/web\/wp-json\/wp\/v2\/media\/7809"}],"wp:attachment":[{"href":"https:\/\/www.italiaeconomiaonline.it\/web\/wp-json\/wp\/v2\/media?parent=7808"}],"wp:term":[{"taxonomy":"category","embeddable":true,"href":"https:\/\/www.italiaeconomiaonline.it\/web\/wp-json\/wp\/v2\/categories?post=7808"},{"taxonomy":"post_tag","embeddable":true,"href":"https:\/\/www.italiaeconomiaonline.it\/web\/wp-json\/wp\/v2\/tags?post=7808"}],"curies":[{"name":"wp","href":"https:\/\/api.w.org\/{rel}","templated":true}]}}