{"id":8001,"date":"2026-04-01T17:30:04","date_gmt":"2026-04-01T15:30:04","guid":{"rendered":"https:\/\/www.italiaeconomiaonline.it\/web\/?p=8001"},"modified":"2026-04-01T17:30:04","modified_gmt":"2026-04-01T15:30:04","slug":"giornata-autismo-coldiretti-dagli-alpaca-ai-frutti-antichi-9mila-fattori-sociali-a-sostegno-delle-fragilita","status":"publish","type":"post","link":"https:\/\/www.italiaeconomiaonline.it\/web\/giornata-autismo-coldiretti-dagli-alpaca-ai-frutti-antichi-9mila-fattori-sociali-a-sostegno-delle-fragilita\/","title":{"rendered":"Giornata autismo: Coldiretti, dagli Alpaca ai frutti antichi, 9mila fattori sociali a sostegno delle fragilit\u00e0"},"content":{"rendered":"<p>Dai laboratori con gli alpaca alle \u201cbrigate di cucina\u201d all\u2019interno dei mercati contadini, fino al museo dei frutti antichi, l\u2019agricoltura sta acquisendo un peso crescente nel sostegno alle fragilit\u00e0, abbinando laboratori e pet therapy a formazione e inserimento lavorativo delle persone con disabilit\u00e0. Il tutto grazie al lavoro quotidiano delle novemila fattorie sociali nate nelle campagne italiane. E\u2019 quanto emerge da una analisi della Coldiretti diffusa in occasione della Giornata mondiale per la consapevolezza dell\u2019autismo che ricorre il 2 aprile.<\/p>\n<p>Le persone con disabilit\u00e0 mentali sono in cima alle categorie pi\u00f9 seguite dalle iniziative di agricoltura sociale, seguite da minori in difficolt\u00e0 e disabili fisici. Le fattorie accolgono per\u00f2 anche ex detenuti, donne vittime di violenza, anziani, individui con disturbi relazionali o dipendenze, disoccupati e immigrati. Nell&#8217;ultimo anno \u2013 evidenzia Coldiretti \u2013 oltre 50mila persone hanno beneficiato dei servizi promossi dall&#8217;impegno sociale degli agricoltori, migliorando la qualit\u00e0 della vita, acquisendo competenze e frequentando le aziende spesso quotidianamente.<\/p>\n<p>Il welfare rurale offre oggi servizi sanitari ed educativi per un valore superiore al miliardo di euro, con 600 milioni in prodotti e 400 milioni in attivit\u00e0 sociali gestite dalle imprese agricole, secondo le stime Coldiretti. In tutta Italia numerosi esempi si concentrano sul supporto a bambini e giovani autistici.<\/p>\n<p>Nel mercato coperto di Campagna Amica di Cosenza si affianca alla vendita diretta un ulteriore elemento di grande valore: la Cucina Sociale del Ristorante Contadino \u201cBuoni Buoni\u201d, nata nel 2022 come progetto di Coldiretti e Campagna Amica Calabria, insieme all\u2019associazione \u201cGli altri siamo noi\u201d e alla cooperativa sociale \u201cVolando Oltre\u201d.<\/p>\n<p>Qui i visitatori possono degustare piatti tipici calabresi preparati con i prodotti del mercato, in un contesto di inclusione sociale che vede il coinvolgimento attivo di persone con disabilit\u00e0 e persone con disturbo dello spettro autistico, impegnate nelle attivit\u00e0 di preparazione e servizio. Un\u2019esperienza che rende il mercato non solo un luogo di spesa, ma anche uno spazio di accoglienza, relazione e cultura del cibo.<\/p>\n<p>Nei boschi di Coredo in val di Non (Trentino), l\u2019Agricola Predaia accoglie i ragazzi di Casa Sebastiano per coltivare insieme il sogno di &#8220;Impronta Vegetale&#8221;. Qui, guidati dalla Fondazione Trentina per l\u2019Autismo, tra orti bio e profumi di erbe aromatiche, trovano rifugio in una routine che rassicura e in un lavoro che restituisce orgoglio e autonomia.<\/p>\n<p>Ma c\u2019\u00e8 anche l\u2019abruzzese \u201cRurabilandia\u201d, fattoria didattica e sociale che \u2013 spiega Coldiretti &#8211; lavora con scuole, istituzioni, associazioni e famiglie per costruire, in maniera comunitaria, percorsi didattici, educativi e ludici per bambini e ragazzi, in particolare con disabilit\u00e0. Nell&#8217;attivit\u00e0 di ristorazione agrituristica e accoglienza e servizio di sala sono stati coinvolti a vario titolo e con varia frequentazione 20 ragazzi con disabilit\u00e0 fisica e intellettiva anche grave. Sempre in Abruzzo, a Serramonacesca, l\u2019azienda agricola Colle Rosa alleva alpaca promuovendo esperienze di pet therapy rivolte anche ai soggetti con disturbi dello spettro autistico.<\/p>\n<p>A Macerata, nelle Marche, \u00e8 attivo il progetto di agricoltura sociale \u201cTuttincampo\u201d, che coinvolge giovani con disabilit\u00e0 cognitive, tra cui persone nello spettro autistico. Attraverso il lavoro in campagna, i partecipanti sviluppano competenze, autonomia e inclusione sociale. L\u2019iniziativa, guidata dall\u2019azienda<a href=\"http:\/\/si.gi\/\" target=\"_blank\" rel=\"noopener noreferrer\">\u00a0Si.Gi<\/a>. con il supporto di cooperative e universit\u00e0, unisce crescita personale, inclusione, supporto alle famiglie ma anche valorizzazione della biodiversit\u00e0 con la realizzazione dell\u2019E-Museo dei Frutti Antichi, con il frutteto aziendale trasformato in spazio accessibile e interattivo, simbolo di integrazione e conoscenza del mondo rurale.<\/p>\n<p>Nell&#8217;Az. Agr. L&#8217;Oasi al Mugello a Firenze si organizzano giornate per bambini e ragazzi, Vacanze di Natale e Pasqua in fattoria, centri estivi, persino pigiama party. Il programma prevede sempre tanto tempo libero in natura, il contatto con gli animali, la cura dell&#8217;orto ed ogni giorno un laboratorio diverso, tra cucina, creativit\u00e0, cura dell&#8217;ambiente, passeggiate nel bosco.<\/p>\n<p>Il nuovo welfare &#8220;verde&#8221; offre diverse opportunit\u00e0, regolamentate dalla legge statale 141\/2015, per integrare \u2013 come rileva Coldiretti \u2013 i servizi pubblici sempre pi\u00f9 sovraccarichi. Lo Stato, infatti fatica a sostenere i costi e a garantire assistenza sociale adeguata per tutti: qui l&#8217;agricoltura, storicamente vicina ai pi\u00f9 vulnerabili e radicata sul territorio, pu\u00f2 dare un supporto essenziale al welfare pubblico.<\/p>\n","protected":false},"excerpt":{"rendered":"<p>Dai laboratori con gli alpaca alle \u201cbrigate di cucina\u201d all\u2019interno dei mercati contadini, fino al museo dei frutti antichi, l\u2019agricoltura sta acquisendo un peso crescente nel sostegno alle fragilit\u00e0, abbinando laboratori e pet therapy a formazione e inserimento lavorativo delle persone con disabilit\u00e0. Il tutto grazie al lavoro quotidiano delle novemila fattorie sociali nate nelle [&hellip;]<\/p>\n","protected":false},"author":1,"featured_media":241,"comment_status":"closed","ping_status":"open","sticky":false,"template":"","format":"standard","meta":{"footnotes":""},"categories":[970],"tags":[158,1908],"yoast_head":"<!-- This site is optimized with the Yoast SEO plugin v22.2 - https:\/\/yoast.com\/wordpress\/plugins\/seo\/ -->\n<title>Giornata autismo: Coldiretti, dagli Alpaca ai frutti antichi, 9mila fattori sociali a sostegno delle fragilit\u00e0 -<\/title>\n<meta name=\"robots\" content=\"index, follow, max-snippet:-1, max-image-preview:large, max-video-preview:-1\" \/>\n<link rel=\"canonical\" href=\"https:\/\/www.italiaeconomiaonline.it\/web\/giornata-autismo-coldiretti-dagli-alpaca-ai-frutti-antichi-9mila-fattori-sociali-a-sostegno-delle-fragilita\/\" \/>\n<meta property=\"og:locale\" content=\"it_IT\" \/>\n<meta property=\"og:type\" content=\"article\" \/>\n<meta property=\"og:title\" content=\"Giornata autismo: Coldiretti, dagli Alpaca ai frutti antichi, 9mila fattori sociali a sostegno delle fragilit\u00e0 -\" \/>\n<meta property=\"og:description\" content=\"Dai laboratori con gli alpaca alle \u201cbrigate di cucina\u201d all\u2019interno dei mercati contadini, fino al museo dei frutti antichi, l\u2019agricoltura sta acquisendo un peso crescente nel sostegno alle fragilit\u00e0, abbinando laboratori e pet therapy a formazione e inserimento lavorativo delle persone con disabilit\u00e0. Il tutto grazie al lavoro quotidiano delle novemila fattorie sociali nate nelle [&hellip;]\" \/>\n<meta property=\"og:url\" content=\"https:\/\/www.italiaeconomiaonline.it\/web\/giornata-autismo-coldiretti-dagli-alpaca-ai-frutti-antichi-9mila-fattori-sociali-a-sostegno-delle-fragilita\/\" \/>\n<meta property=\"og:site_name\" content=\"ItaliaEconomiaOnline\" \/>\n<meta property=\"article:published_time\" content=\"2026-04-01T15:30:04+00:00\" \/>\n<meta property=\"og:image\" content=\"https:\/\/www.italiaeconomiaonline.it\/web\/wp-content\/uploads\/2018\/09\/agriturismo.jpg\" \/>\n\t<meta property=\"og:image:width\" content=\"960\" \/>\n\t<meta property=\"og:image:height\" content=\"640\" \/>\n\t<meta property=\"og:image:type\" content=\"image\/jpeg\" \/>\n<meta name=\"author\" content=\"ladyitaliaeconomia\" \/>\n<meta name=\"twitter:card\" content=\"summary_large_image\" \/>\n<meta name=\"twitter:label1\" content=\"Scritto da\" \/>\n\t<meta name=\"twitter:data1\" content=\"ladyitaliaeconomia\" \/>\n\t<meta name=\"twitter:label2\" content=\"Tempo di lettura stimato\" \/>\n\t<meta name=\"twitter:data2\" content=\"4 minuti\" \/>\n<script type=\"application\/ld+json\" class=\"yoast-schema-graph\">{\"@context\":\"https:\/\/schema.org\",\"@graph\":[{\"@type\":\"WebPage\",\"@id\":\"https:\/\/www.italiaeconomiaonline.it\/web\/giornata-autismo-coldiretti-dagli-alpaca-ai-frutti-antichi-9mila-fattori-sociali-a-sostegno-delle-fragilita\/\",\"url\":\"https:\/\/www.italiaeconomiaonline.it\/web\/giornata-autismo-coldiretti-dagli-alpaca-ai-frutti-antichi-9mila-fattori-sociali-a-sostegno-delle-fragilita\/\",\"name\":\"Giornata autismo: Coldiretti, dagli Alpaca ai frutti antichi, 9mila fattori sociali a sostegno delle fragilit\u00e0 -\",\"isPartOf\":{\"@id\":\"https:\/\/www.italiaeconomiaonline.it\/web\/#website\"},\"primaryImageOfPage\":{\"@id\":\"https:\/\/www.italiaeconomiaonline.it\/web\/giornata-autismo-coldiretti-dagli-alpaca-ai-frutti-antichi-9mila-fattori-sociali-a-sostegno-delle-fragilita\/#primaryimage\"},\"image\":{\"@id\":\"https:\/\/www.italiaeconomiaonline.it\/web\/giornata-autismo-coldiretti-dagli-alpaca-ai-frutti-antichi-9mila-fattori-sociali-a-sostegno-delle-fragilita\/#primaryimage\"},\"thumbnailUrl\":\"https:\/\/www.italiaeconomiaonline.it\/web\/wp-content\/uploads\/2018\/09\/agriturismo.jpg\",\"datePublished\":\"2026-04-01T15:30:04+00:00\",\"dateModified\":\"2026-04-01T15:30:04+00:00\",\"author\":{\"@id\":\"https:\/\/www.italiaeconomiaonline.it\/web\/#\/schema\/person\/909a49cce752523b020fbc37d5ab1c31\"},\"breadcrumb\":{\"@id\":\"https:\/\/www.italiaeconomiaonline.it\/web\/giornata-autismo-coldiretti-dagli-alpaca-ai-frutti-antichi-9mila-fattori-sociali-a-sostegno-delle-fragilita\/#breadcrumb\"},\"inLanguage\":\"it-IT\",\"potentialAction\":[{\"@type\":\"ReadAction\",\"target\":[\"https:\/\/www.italiaeconomiaonline.it\/web\/giornata-autismo-coldiretti-dagli-alpaca-ai-frutti-antichi-9mila-fattori-sociali-a-sostegno-delle-fragilita\/\"]}]},{\"@type\":\"ImageObject\",\"inLanguage\":\"it-IT\",\"@id\":\"https:\/\/www.italiaeconomiaonline.it\/web\/giornata-autismo-coldiretti-dagli-alpaca-ai-frutti-antichi-9mila-fattori-sociali-a-sostegno-delle-fragilita\/#primaryimage\",\"url\":\"https:\/\/www.italiaeconomiaonline.it\/web\/wp-content\/uploads\/2018\/09\/agriturismo.jpg\",\"contentUrl\":\"https:\/\/www.italiaeconomiaonline.it\/web\/wp-content\/uploads\/2018\/09\/agriturismo.jpg\",\"width\":960,\"height\":640},{\"@type\":\"BreadcrumbList\",\"@id\":\"https:\/\/www.italiaeconomiaonline.it\/web\/giornata-autismo-coldiretti-dagli-alpaca-ai-frutti-antichi-9mila-fattori-sociali-a-sostegno-delle-fragilita\/#breadcrumb\",\"itemListElement\":[{\"@type\":\"ListItem\",\"position\":1,\"name\":\"Home\",\"item\":\"https:\/\/www.italiaeconomiaonline.it\/web\/\"},{\"@type\":\"ListItem\",\"position\":2,\"name\":\"Giornata autismo: Coldiretti, dagli Alpaca ai frutti antichi, 9mila fattori sociali a sostegno delle fragilit\u00e0\"}]},{\"@type\":\"WebSite\",\"@id\":\"https:\/\/www.italiaeconomiaonline.it\/web\/#website\",\"url\":\"https:\/\/www.italiaeconomiaonline.it\/web\/\",\"name\":\"ItaliaEconomiaOnline\",\"description\":\"Quotidiano Economico Online\",\"potentialAction\":[{\"@type\":\"SearchAction\",\"target\":{\"@type\":\"EntryPoint\",\"urlTemplate\":\"https:\/\/www.italiaeconomiaonline.it\/web\/?s={search_term_string}\"},\"query-input\":\"required name=search_term_string\"}],\"inLanguage\":\"it-IT\"},{\"@type\":\"Person\",\"@id\":\"https:\/\/www.italiaeconomiaonline.it\/web\/#\/schema\/person\/909a49cce752523b020fbc37d5ab1c31\",\"name\":\"ladyitaliaeconomia\",\"image\":{\"@type\":\"ImageObject\",\"inLanguage\":\"it-IT\",\"@id\":\"https:\/\/www.italiaeconomiaonline.it\/web\/#\/schema\/person\/image\/\",\"url\":\"https:\/\/secure.gravatar.com\/avatar\/cedca10ce7416a579b9fa6bce9c0a8f2?s=96&d=mm&r=g\",\"contentUrl\":\"https:\/\/secure.gravatar.com\/avatar\/cedca10ce7416a579b9fa6bce9c0a8f2?s=96&d=mm&r=g\",\"caption\":\"ladyitaliaeconomia\"},\"url\":\"https:\/\/www.italiaeconomiaonline.it\/web\/author\/ladyitaliaeconomia\/\"}]}<\/script>\n<!-- \/ Yoast SEO plugin. -->","yoast_head_json":{"title":"Giornata autismo: Coldiretti, dagli Alpaca ai frutti antichi, 9mila fattori sociali a sostegno delle fragilit\u00e0 -","robots":{"index":"index","follow":"follow","max-snippet":"max-snippet:-1","max-image-preview":"max-image-preview:large","max-video-preview":"max-video-preview:-1"},"canonical":"https:\/\/www.italiaeconomiaonline.it\/web\/giornata-autismo-coldiretti-dagli-alpaca-ai-frutti-antichi-9mila-fattori-sociali-a-sostegno-delle-fragilita\/","og_locale":"it_IT","og_type":"article","og_title":"Giornata autismo: Coldiretti, dagli Alpaca ai frutti antichi, 9mila fattori sociali a sostegno delle fragilit\u00e0 -","og_description":"Dai laboratori con gli alpaca alle \u201cbrigate di cucina\u201d all\u2019interno dei mercati contadini, fino al museo dei frutti antichi, l\u2019agricoltura sta acquisendo un peso crescente nel sostegno alle fragilit\u00e0, abbinando laboratori e pet therapy a formazione e inserimento lavorativo delle persone con disabilit\u00e0. Il tutto grazie al lavoro quotidiano delle novemila fattorie sociali nate nelle [&hellip;]","og_url":"https:\/\/www.italiaeconomiaonline.it\/web\/giornata-autismo-coldiretti-dagli-alpaca-ai-frutti-antichi-9mila-fattori-sociali-a-sostegno-delle-fragilita\/","og_site_name":"ItaliaEconomiaOnline","article_published_time":"2026-04-01T15:30:04+00:00","og_image":[{"width":960,"height":640,"url":"https:\/\/www.italiaeconomiaonline.it\/web\/wp-content\/uploads\/2018\/09\/agriturismo.jpg","type":"image\/jpeg"}],"author":"ladyitaliaeconomia","twitter_card":"summary_large_image","twitter_misc":{"Scritto da":"ladyitaliaeconomia","Tempo di lettura stimato":"4 minuti"},"schema":{"@context":"https:\/\/schema.org","@graph":[{"@type":"WebPage","@id":"https:\/\/www.italiaeconomiaonline.it\/web\/giornata-autismo-coldiretti-dagli-alpaca-ai-frutti-antichi-9mila-fattori-sociali-a-sostegno-delle-fragilita\/","url":"https:\/\/www.italiaeconomiaonline.it\/web\/giornata-autismo-coldiretti-dagli-alpaca-ai-frutti-antichi-9mila-fattori-sociali-a-sostegno-delle-fragilita\/","name":"Giornata autismo: Coldiretti, dagli Alpaca ai frutti antichi, 9mila fattori sociali a sostegno delle fragilit\u00e0 -","isPartOf":{"@id":"https:\/\/www.italiaeconomiaonline.it\/web\/#website"},"primaryImageOfPage":{"@id":"https:\/\/www.italiaeconomiaonline.it\/web\/giornata-autismo-coldiretti-dagli-alpaca-ai-frutti-antichi-9mila-fattori-sociali-a-sostegno-delle-fragilita\/#primaryimage"},"image":{"@id":"https:\/\/www.italiaeconomiaonline.it\/web\/giornata-autismo-coldiretti-dagli-alpaca-ai-frutti-antichi-9mila-fattori-sociali-a-sostegno-delle-fragilita\/#primaryimage"},"thumbnailUrl":"https:\/\/www.italiaeconomiaonline.it\/web\/wp-content\/uploads\/2018\/09\/agriturismo.jpg","datePublished":"2026-04-01T15:30:04+00:00","dateModified":"2026-04-01T15:30:04+00:00","author":{"@id":"https:\/\/www.italiaeconomiaonline.it\/web\/#\/schema\/person\/909a49cce752523b020fbc37d5ab1c31"},"breadcrumb":{"@id":"https:\/\/www.italiaeconomiaonline.it\/web\/giornata-autismo-coldiretti-dagli-alpaca-ai-frutti-antichi-9mila-fattori-sociali-a-sostegno-delle-fragilita\/#breadcrumb"},"inLanguage":"it-IT","potentialAction":[{"@type":"ReadAction","target":["https:\/\/www.italiaeconomiaonline.it\/web\/giornata-autismo-coldiretti-dagli-alpaca-ai-frutti-antichi-9mila-fattori-sociali-a-sostegno-delle-fragilita\/"]}]},{"@type":"ImageObject","inLanguage":"it-IT","@id":"https:\/\/www.italiaeconomiaonline.it\/web\/giornata-autismo-coldiretti-dagli-alpaca-ai-frutti-antichi-9mila-fattori-sociali-a-sostegno-delle-fragilita\/#primaryimage","url":"https:\/\/www.italiaeconomiaonline.it\/web\/wp-content\/uploads\/2018\/09\/agriturismo.jpg","contentUrl":"https:\/\/www.italiaeconomiaonline.it\/web\/wp-content\/uploads\/2018\/09\/agriturismo.jpg","width":960,"height":640},{"@type":"BreadcrumbList","@id":"https:\/\/www.italiaeconomiaonline.it\/web\/giornata-autismo-coldiretti-dagli-alpaca-ai-frutti-antichi-9mila-fattori-sociali-a-sostegno-delle-fragilita\/#breadcrumb","itemListElement":[{"@type":"ListItem","position":1,"name":"Home","item":"https:\/\/www.italiaeconomiaonline.it\/web\/"},{"@type":"ListItem","position":2,"name":"Giornata autismo: Coldiretti, dagli Alpaca ai frutti antichi, 9mila fattori sociali a sostegno delle fragilit\u00e0"}]},{"@type":"WebSite","@id":"https:\/\/www.italiaeconomiaonline.it\/web\/#website","url":"https:\/\/www.italiaeconomiaonline.it\/web\/","name":"ItaliaEconomiaOnline","description":"Quotidiano Economico Online","potentialAction":[{"@type":"SearchAction","target":{"@type":"EntryPoint","urlTemplate":"https:\/\/www.italiaeconomiaonline.it\/web\/?s={search_term_string}"},"query-input":"required name=search_term_string"}],"inLanguage":"it-IT"},{"@type":"Person","@id":"https:\/\/www.italiaeconomiaonline.it\/web\/#\/schema\/person\/909a49cce752523b020fbc37d5ab1c31","name":"ladyitaliaeconomia","image":{"@type":"ImageObject","inLanguage":"it-IT","@id":"https:\/\/www.italiaeconomiaonline.it\/web\/#\/schema\/person\/image\/","url":"https:\/\/secure.gravatar.com\/avatar\/cedca10ce7416a579b9fa6bce9c0a8f2?s=96&d=mm&r=g","contentUrl":"https:\/\/secure.gravatar.com\/avatar\/cedca10ce7416a579b9fa6bce9c0a8f2?s=96&d=mm&r=g","caption":"ladyitaliaeconomia"},"url":"https:\/\/www.italiaeconomiaonline.it\/web\/author\/ladyitaliaeconomia\/"}]}},"_links":{"self":[{"href":"https:\/\/www.italiaeconomiaonline.it\/web\/wp-json\/wp\/v2\/posts\/8001"}],"collection":[{"href":"https:\/\/www.italiaeconomiaonline.it\/web\/wp-json\/wp\/v2\/posts"}],"about":[{"href":"https:\/\/www.italiaeconomiaonline.it\/web\/wp-json\/wp\/v2\/types\/post"}],"author":[{"embeddable":true,"href":"https:\/\/www.italiaeconomiaonline.it\/web\/wp-json\/wp\/v2\/users\/1"}],"replies":[{"embeddable":true,"href":"https:\/\/www.italiaeconomiaonline.it\/web\/wp-json\/wp\/v2\/comments?post=8001"}],"version-history":[{"count":1,"href":"https:\/\/www.italiaeconomiaonline.it\/web\/wp-json\/wp\/v2\/posts\/8001\/revisions"}],"predecessor-version":[{"id":8002,"href":"https:\/\/www.italiaeconomiaonline.it\/web\/wp-json\/wp\/v2\/posts\/8001\/revisions\/8002"}],"wp:featuredmedia":[{"embeddable":true,"href":"https:\/\/www.italiaeconomiaonline.it\/web\/wp-json\/wp\/v2\/media\/241"}],"wp:attachment":[{"href":"https:\/\/www.italiaeconomiaonline.it\/web\/wp-json\/wp\/v2\/media?parent=8001"}],"wp:term":[{"taxonomy":"category","embeddable":true,"href":"https:\/\/www.italiaeconomiaonline.it\/web\/wp-json\/wp\/v2\/categories?post=8001"},{"taxonomy":"post_tag","embeddable":true,"href":"https:\/\/www.italiaeconomiaonline.it\/web\/wp-json\/wp\/v2\/tags?post=8001"}],"curies":[{"name":"wp","href":"https:\/\/api.w.org\/{rel}","templated":true}]}}