{"id":8003,"date":"2026-04-01T17:32:40","date_gmt":"2026-04-01T15:32:40","guid":{"rendered":"https:\/\/www.italiaeconomiaonline.it\/web\/?p=8003"},"modified":"2026-04-01T17:32:40","modified_gmt":"2026-04-01T15:32:40","slug":"esodo-di-pasqua-sulle-strade-e-autostrade-anas-60mln-di-veicoli","status":"publish","type":"post","link":"https:\/\/www.italiaeconomiaonline.it\/web\/esodo-di-pasqua-sulle-strade-e-autostrade-anas-60mln-di-veicoli\/","title":{"rendered":"Esodo di Pasqua sulle strade e autostrade Anas, 60mln di veicoli"},"content":{"rendered":"<p><b>Sulla rete Anas,\u00a0<\/b>societ\u00e0 del Gruppo Fs,<b>\u00a0per le festivit\u00e0 pasquali sono previsti circa 60 milioni<\/b>\u00a0di veicoli da oggi a marted\u00ec 7 aprile. Rispetto al normale andamento del traffico oggi si stima una crescita dell\u20198%; domani, gioved\u00ec 2 aprile, \u00e8 previsto un incremento del 10% e venerd\u00ec 3 aprile del 3%.<\/p>\n<p>&nbsp;<\/p>\n<p>\u201cIn queste festivit\u00e0 caratterizzate da spostamenti di breve e media percorrenza \u2013 ha dichiarato l\u2019Amministratore Delegato di Anas\u00a0Claudio Andrea Gemme\u00a0\u2013 chiediamo a chi si mette in viaggio di rispettare i limiti di velocit\u00e0, le distanze tra i veicoli ed evitare qualsiasi tipo di distrazione alla guida innanzitutto con l\u2019uso del cellulare. Ricordiamoci sempre \u2013 sottolinea l\u2019Ad Anas &#8211; che la sicurezza dipende dai nostri comportamenti. Insieme al\u00a0<b>Ministero delle Infrastrutture e dei Trasporti<\/b>\u00a0e le\u00a0<b>Forze dell\u2019Ordine\u00a0<\/b>siamo in prima linea per tutelare la sicurezza stradale: massima prevenzione, vigilanza in caso di pericolo e soccorsi tempestivi. Con il nostro lavoro \u2013 ha concluso l\u2019Ad Gemme &#8211; vogliamo assicurare a chi si mette al volante un viaggio sereno. Raccomandiamo, soprattutto, di avere sempre un comportamento corretto alla guida come ricordiamo nelle nostre campagne di sensibilizzazione\u00a0<i>\u2018Guida e basta\u2019<\/i>\u00a0con lo spot\u00a0<i>\u2018Quando sei alla guida tutto pu\u00f2 aspettare\u2019<\/i>\u201d.<\/p>\n<p>&nbsp;<\/p>\n<p>Le destinazioni preferite dai turisti si confermano le regioni del Centro e del Sud con particolare attenzione alle mete di mare.<\/p>\n<p>&nbsp;<\/p>\n<p>A partire da\u00a0<b>sabato 4 aprile<\/b>, invece, i traffici subiranno una riduzione fino al -5% rispetto a quelli di un normale sabato di inizio primavera. Per la\u00a0<b>domenica di Pasqua\u00a0<\/b>\u00e8 previsto un calo del -15% circa, con punte fino al -23% sugli itinerari di lunga percorrenza al Nord.<\/p>\n<p>Una lieve riduzione dei transiti \u00e8 attesa anche nelle regioni settentrionali per la giornata di Pasquetta con variazioni che raggiungono circa il -11% rispetto a un luned\u00ec feriale. In\u00a0<b>crescita<\/b>, invece, nel Luned\u00ec dell\u2019Angelo,\u00a0<b>gli spostamenti di breve percorrenza per le gite fuori porta<\/b>\u00a0verso le localit\u00e0 di mare, con variazioni che vanno dal\u00a0<b>circa +10% del Centro al +17% della Sardegna, fino al +25% del Sud.<\/b><\/p>\n<p>&nbsp;<\/p>\n<p>Un incremento dei transiti \u00e8 previsto per il 7 aprile: si stima una crescita dell\u201911% rispetto a un normale marted\u00ec.<\/p>\n<p>&nbsp;<\/p>\n<p>Per i rientri verso le grandi citt\u00e0 il traffico si concentrer\u00e0 lungo le maggiori direttrici tra marted\u00ec 7 e mercoled\u00ec 8 aprile. Ecco alcuni degli itinerari interessati: l\u2019<b>Autostrada A2 del Mediterraneo<\/b>, il\u00a0<b>Grande Raccordo Anulare<\/b>\u00a0nel Lazio, la strada statale\u00a0<b>1<\/b>\u00a0<b>\u201cAurelia\u201d<\/b>, la strada statale\u00a0<b>16 \u201cAdriatica\u201d,<\/b>\u00a0la strada statale\u00a0<b>106 \u201cJonica\u201d\u00a0<\/b>e la strada statale<b>\u00a018 \u201cTirrenia Inferiore\u201d.<\/b><\/p>\n<p>&nbsp;<\/p>\n<p>Per favorire gli spostamenti\u00a0<b>la circolazione dei mezzi pesanti<\/b>\u00a0sar\u00e0 sospesa venerd\u00ec 3 aprile dalle 14 alle 22, sabato 4 aprile dalle 9 alle 16, domenica 5 e luned\u00ec 6 aprile dalle 9 alle 22. In vista del controesodo, nella giornata di marted\u00ec 7, il blocco sar\u00e0 in vigore dalle 9 alle 14.<\/p>\n<p>&nbsp;<\/p>\n<p>Durante le festivit\u00e0 sar\u00e0 aumentata la sorveglianza e garantita la presenza ininterrotta del personale con\u00a0<b>2500 risorse<\/b>\u00a0in turnazione,\u00a0<b>personale tecnico e di esercizio<\/b>, e oltre\u00a0<b>200 unit\u00e0 nelle Sale Operative Territoriali e la Sala Situazioni Nazionale<\/b>\u00a0per assicurare il monitoraggio del traffico in tempo reale h24.<\/p>\n<p>&nbsp;<\/p>\n","protected":false},"excerpt":{"rendered":"<p>Sulla rete Anas,\u00a0societ\u00e0 del Gruppo Fs,\u00a0per le festivit\u00e0 pasquali sono previsti circa 60 milioni\u00a0di veicoli da oggi a marted\u00ec 7 aprile. Rispetto al normale andamento del traffico oggi si stima una crescita dell\u20198%; domani, gioved\u00ec 2 aprile, \u00e8 previsto un incremento del 10% e venerd\u00ec 3 aprile del 3%. &nbsp; \u201cIn queste festivit\u00e0 caratterizzate da [&hellip;]<\/p>\n","protected":false},"author":1,"featured_media":3881,"comment_status":"closed","ping_status":"open","sticky":false,"template":"","format":"standard","meta":{"footnotes":""},"categories":[23],"tags":[1910,1909,1911],"yoast_head":"<!-- This site is optimized with the Yoast SEO plugin v22.2 - https:\/\/yoast.com\/wordpress\/plugins\/seo\/ -->\n<title>Esodo di Pasqua sulle strade e autostrade Anas, 60mln di veicoli -<\/title>\n<meta name=\"robots\" content=\"index, follow, max-snippet:-1, max-image-preview:large, max-video-preview:-1\" \/>\n<link rel=\"canonical\" href=\"https:\/\/www.italiaeconomiaonline.it\/web\/esodo-di-pasqua-sulle-strade-e-autostrade-anas-60mln-di-veicoli\/\" \/>\n<meta property=\"og:locale\" content=\"it_IT\" \/>\n<meta property=\"og:type\" content=\"article\" \/>\n<meta property=\"og:title\" content=\"Esodo di Pasqua sulle strade e autostrade Anas, 60mln di veicoli -\" \/>\n<meta property=\"og:description\" content=\"Sulla rete Anas,\u00a0societ\u00e0 del Gruppo Fs,\u00a0per le festivit\u00e0 pasquali sono previsti circa 60 milioni\u00a0di veicoli da oggi a marted\u00ec 7 aprile. Rispetto al normale andamento del traffico oggi si stima una crescita dell\u20198%; domani, gioved\u00ec 2 aprile, \u00e8 previsto un incremento del 10% e venerd\u00ec 3 aprile del 3%. &nbsp; \u201cIn queste festivit\u00e0 caratterizzate da [&hellip;]\" \/>\n<meta property=\"og:url\" content=\"https:\/\/www.italiaeconomiaonline.it\/web\/esodo-di-pasqua-sulle-strade-e-autostrade-anas-60mln-di-veicoli\/\" \/>\n<meta property=\"og:site_name\" content=\"ItaliaEconomiaOnline\" \/>\n<meta property=\"article:published_time\" content=\"2026-04-01T15:32:40+00:00\" \/>\n<meta property=\"og:image\" content=\"https:\/\/www.italiaeconomiaonline.it\/web\/wp-content\/uploads\/2020\/08\/Schermata-2020-08-10-alle-12.42.22.png\" \/>\n\t<meta property=\"og:image:width\" content=\"1206\" \/>\n\t<meta property=\"og:image:height\" content=\"550\" \/>\n\t<meta property=\"og:image:type\" content=\"image\/png\" \/>\n<meta name=\"author\" content=\"ladyitaliaeconomia\" \/>\n<meta name=\"twitter:card\" content=\"summary_large_image\" \/>\n<meta name=\"twitter:label1\" content=\"Scritto da\" \/>\n\t<meta name=\"twitter:data1\" content=\"ladyitaliaeconomia\" \/>\n\t<meta name=\"twitter:label2\" content=\"Tempo di lettura stimato\" \/>\n\t<meta name=\"twitter:data2\" content=\"3 minuti\" \/>\n<script type=\"application\/ld+json\" class=\"yoast-schema-graph\">{\"@context\":\"https:\/\/schema.org\",\"@graph\":[{\"@type\":\"WebPage\",\"@id\":\"https:\/\/www.italiaeconomiaonline.it\/web\/esodo-di-pasqua-sulle-strade-e-autostrade-anas-60mln-di-veicoli\/\",\"url\":\"https:\/\/www.italiaeconomiaonline.it\/web\/esodo-di-pasqua-sulle-strade-e-autostrade-anas-60mln-di-veicoli\/\",\"name\":\"Esodo di Pasqua sulle strade e autostrade Anas, 60mln di veicoli -\",\"isPartOf\":{\"@id\":\"https:\/\/www.italiaeconomiaonline.it\/web\/#website\"},\"primaryImageOfPage\":{\"@id\":\"https:\/\/www.italiaeconomiaonline.it\/web\/esodo-di-pasqua-sulle-strade-e-autostrade-anas-60mln-di-veicoli\/#primaryimage\"},\"image\":{\"@id\":\"https:\/\/www.italiaeconomiaonline.it\/web\/esodo-di-pasqua-sulle-strade-e-autostrade-anas-60mln-di-veicoli\/#primaryimage\"},\"thumbnailUrl\":\"https:\/\/www.italiaeconomiaonline.it\/web\/wp-content\/uploads\/2020\/08\/Schermata-2020-08-10-alle-12.42.22.png\",\"datePublished\":\"2026-04-01T15:32:40+00:00\",\"dateModified\":\"2026-04-01T15:32:40+00:00\",\"author\":{\"@id\":\"https:\/\/www.italiaeconomiaonline.it\/web\/#\/schema\/person\/909a49cce752523b020fbc37d5ab1c31\"},\"breadcrumb\":{\"@id\":\"https:\/\/www.italiaeconomiaonline.it\/web\/esodo-di-pasqua-sulle-strade-e-autostrade-anas-60mln-di-veicoli\/#breadcrumb\"},\"inLanguage\":\"it-IT\",\"potentialAction\":[{\"@type\":\"ReadAction\",\"target\":[\"https:\/\/www.italiaeconomiaonline.it\/web\/esodo-di-pasqua-sulle-strade-e-autostrade-anas-60mln-di-veicoli\/\"]}]},{\"@type\":\"ImageObject\",\"inLanguage\":\"it-IT\",\"@id\":\"https:\/\/www.italiaeconomiaonline.it\/web\/esodo-di-pasqua-sulle-strade-e-autostrade-anas-60mln-di-veicoli\/#primaryimage\",\"url\":\"https:\/\/www.italiaeconomiaonline.it\/web\/wp-content\/uploads\/2020\/08\/Schermata-2020-08-10-alle-12.42.22.png\",\"contentUrl\":\"https:\/\/www.italiaeconomiaonline.it\/web\/wp-content\/uploads\/2020\/08\/Schermata-2020-08-10-alle-12.42.22.png\",\"width\":1206,\"height\":550},{\"@type\":\"BreadcrumbList\",\"@id\":\"https:\/\/www.italiaeconomiaonline.it\/web\/esodo-di-pasqua-sulle-strade-e-autostrade-anas-60mln-di-veicoli\/#breadcrumb\",\"itemListElement\":[{\"@type\":\"ListItem\",\"position\":1,\"name\":\"Home\",\"item\":\"https:\/\/www.italiaeconomiaonline.it\/web\/\"},{\"@type\":\"ListItem\",\"position\":2,\"name\":\"Esodo di Pasqua sulle strade e autostrade Anas, 60mln di veicoli\"}]},{\"@type\":\"WebSite\",\"@id\":\"https:\/\/www.italiaeconomiaonline.it\/web\/#website\",\"url\":\"https:\/\/www.italiaeconomiaonline.it\/web\/\",\"name\":\"ItaliaEconomiaOnline\",\"description\":\"Quotidiano Economico Online\",\"potentialAction\":[{\"@type\":\"SearchAction\",\"target\":{\"@type\":\"EntryPoint\",\"urlTemplate\":\"https:\/\/www.italiaeconomiaonline.it\/web\/?s={search_term_string}\"},\"query-input\":\"required name=search_term_string\"}],\"inLanguage\":\"it-IT\"},{\"@type\":\"Person\",\"@id\":\"https:\/\/www.italiaeconomiaonline.it\/web\/#\/schema\/person\/909a49cce752523b020fbc37d5ab1c31\",\"name\":\"ladyitaliaeconomia\",\"image\":{\"@type\":\"ImageObject\",\"inLanguage\":\"it-IT\",\"@id\":\"https:\/\/www.italiaeconomiaonline.it\/web\/#\/schema\/person\/image\/\",\"url\":\"https:\/\/secure.gravatar.com\/avatar\/cedca10ce7416a579b9fa6bce9c0a8f2?s=96&d=mm&r=g\",\"contentUrl\":\"https:\/\/secure.gravatar.com\/avatar\/cedca10ce7416a579b9fa6bce9c0a8f2?s=96&d=mm&r=g\",\"caption\":\"ladyitaliaeconomia\"},\"url\":\"https:\/\/www.italiaeconomiaonline.it\/web\/author\/ladyitaliaeconomia\/\"}]}<\/script>\n<!-- \/ Yoast SEO plugin. -->","yoast_head_json":{"title":"Esodo di Pasqua sulle strade e autostrade Anas, 60mln di veicoli -","robots":{"index":"index","follow":"follow","max-snippet":"max-snippet:-1","max-image-preview":"max-image-preview:large","max-video-preview":"max-video-preview:-1"},"canonical":"https:\/\/www.italiaeconomiaonline.it\/web\/esodo-di-pasqua-sulle-strade-e-autostrade-anas-60mln-di-veicoli\/","og_locale":"it_IT","og_type":"article","og_title":"Esodo di Pasqua sulle strade e autostrade Anas, 60mln di veicoli -","og_description":"Sulla rete Anas,\u00a0societ\u00e0 del Gruppo Fs,\u00a0per le festivit\u00e0 pasquali sono previsti circa 60 milioni\u00a0di veicoli da oggi a marted\u00ec 7 aprile. Rispetto al normale andamento del traffico oggi si stima una crescita dell\u20198%; domani, gioved\u00ec 2 aprile, \u00e8 previsto un incremento del 10% e venerd\u00ec 3 aprile del 3%. &nbsp; \u201cIn queste festivit\u00e0 caratterizzate da [&hellip;]","og_url":"https:\/\/www.italiaeconomiaonline.it\/web\/esodo-di-pasqua-sulle-strade-e-autostrade-anas-60mln-di-veicoli\/","og_site_name":"ItaliaEconomiaOnline","article_published_time":"2026-04-01T15:32:40+00:00","og_image":[{"width":1206,"height":550,"url":"https:\/\/www.italiaeconomiaonline.it\/web\/wp-content\/uploads\/2020\/08\/Schermata-2020-08-10-alle-12.42.22.png","type":"image\/png"}],"author":"ladyitaliaeconomia","twitter_card":"summary_large_image","twitter_misc":{"Scritto da":"ladyitaliaeconomia","Tempo di lettura stimato":"3 minuti"},"schema":{"@context":"https:\/\/schema.org","@graph":[{"@type":"WebPage","@id":"https:\/\/www.italiaeconomiaonline.it\/web\/esodo-di-pasqua-sulle-strade-e-autostrade-anas-60mln-di-veicoli\/","url":"https:\/\/www.italiaeconomiaonline.it\/web\/esodo-di-pasqua-sulle-strade-e-autostrade-anas-60mln-di-veicoli\/","name":"Esodo di Pasqua sulle strade e autostrade Anas, 60mln di veicoli -","isPartOf":{"@id":"https:\/\/www.italiaeconomiaonline.it\/web\/#website"},"primaryImageOfPage":{"@id":"https:\/\/www.italiaeconomiaonline.it\/web\/esodo-di-pasqua-sulle-strade-e-autostrade-anas-60mln-di-veicoli\/#primaryimage"},"image":{"@id":"https:\/\/www.italiaeconomiaonline.it\/web\/esodo-di-pasqua-sulle-strade-e-autostrade-anas-60mln-di-veicoli\/#primaryimage"},"thumbnailUrl":"https:\/\/www.italiaeconomiaonline.it\/web\/wp-content\/uploads\/2020\/08\/Schermata-2020-08-10-alle-12.42.22.png","datePublished":"2026-04-01T15:32:40+00:00","dateModified":"2026-04-01T15:32:40+00:00","author":{"@id":"https:\/\/www.italiaeconomiaonline.it\/web\/#\/schema\/person\/909a49cce752523b020fbc37d5ab1c31"},"breadcrumb":{"@id":"https:\/\/www.italiaeconomiaonline.it\/web\/esodo-di-pasqua-sulle-strade-e-autostrade-anas-60mln-di-veicoli\/#breadcrumb"},"inLanguage":"it-IT","potentialAction":[{"@type":"ReadAction","target":["https:\/\/www.italiaeconomiaonline.it\/web\/esodo-di-pasqua-sulle-strade-e-autostrade-anas-60mln-di-veicoli\/"]}]},{"@type":"ImageObject","inLanguage":"it-IT","@id":"https:\/\/www.italiaeconomiaonline.it\/web\/esodo-di-pasqua-sulle-strade-e-autostrade-anas-60mln-di-veicoli\/#primaryimage","url":"https:\/\/www.italiaeconomiaonline.it\/web\/wp-content\/uploads\/2020\/08\/Schermata-2020-08-10-alle-12.42.22.png","contentUrl":"https:\/\/www.italiaeconomiaonline.it\/web\/wp-content\/uploads\/2020\/08\/Schermata-2020-08-10-alle-12.42.22.png","width":1206,"height":550},{"@type":"BreadcrumbList","@id":"https:\/\/www.italiaeconomiaonline.it\/web\/esodo-di-pasqua-sulle-strade-e-autostrade-anas-60mln-di-veicoli\/#breadcrumb","itemListElement":[{"@type":"ListItem","position":1,"name":"Home","item":"https:\/\/www.italiaeconomiaonline.it\/web\/"},{"@type":"ListItem","position":2,"name":"Esodo di Pasqua sulle strade e autostrade Anas, 60mln di veicoli"}]},{"@type":"WebSite","@id":"https:\/\/www.italiaeconomiaonline.it\/web\/#website","url":"https:\/\/www.italiaeconomiaonline.it\/web\/","name":"ItaliaEconomiaOnline","description":"Quotidiano Economico Online","potentialAction":[{"@type":"SearchAction","target":{"@type":"EntryPoint","urlTemplate":"https:\/\/www.italiaeconomiaonline.it\/web\/?s={search_term_string}"},"query-input":"required name=search_term_string"}],"inLanguage":"it-IT"},{"@type":"Person","@id":"https:\/\/www.italiaeconomiaonline.it\/web\/#\/schema\/person\/909a49cce752523b020fbc37d5ab1c31","name":"ladyitaliaeconomia","image":{"@type":"ImageObject","inLanguage":"it-IT","@id":"https:\/\/www.italiaeconomiaonline.it\/web\/#\/schema\/person\/image\/","url":"https:\/\/secure.gravatar.com\/avatar\/cedca10ce7416a579b9fa6bce9c0a8f2?s=96&d=mm&r=g","contentUrl":"https:\/\/secure.gravatar.com\/avatar\/cedca10ce7416a579b9fa6bce9c0a8f2?s=96&d=mm&r=g","caption":"ladyitaliaeconomia"},"url":"https:\/\/www.italiaeconomiaonline.it\/web\/author\/ladyitaliaeconomia\/"}]}},"_links":{"self":[{"href":"https:\/\/www.italiaeconomiaonline.it\/web\/wp-json\/wp\/v2\/posts\/8003"}],"collection":[{"href":"https:\/\/www.italiaeconomiaonline.it\/web\/wp-json\/wp\/v2\/posts"}],"about":[{"href":"https:\/\/www.italiaeconomiaonline.it\/web\/wp-json\/wp\/v2\/types\/post"}],"author":[{"embeddable":true,"href":"https:\/\/www.italiaeconomiaonline.it\/web\/wp-json\/wp\/v2\/users\/1"}],"replies":[{"embeddable":true,"href":"https:\/\/www.italiaeconomiaonline.it\/web\/wp-json\/wp\/v2\/comments?post=8003"}],"version-history":[{"count":1,"href":"https:\/\/www.italiaeconomiaonline.it\/web\/wp-json\/wp\/v2\/posts\/8003\/revisions"}],"predecessor-version":[{"id":8004,"href":"https:\/\/www.italiaeconomiaonline.it\/web\/wp-json\/wp\/v2\/posts\/8003\/revisions\/8004"}],"wp:featuredmedia":[{"embeddable":true,"href":"https:\/\/www.italiaeconomiaonline.it\/web\/wp-json\/wp\/v2\/media\/3881"}],"wp:attachment":[{"href":"https:\/\/www.italiaeconomiaonline.it\/web\/wp-json\/wp\/v2\/media?parent=8003"}],"wp:term":[{"taxonomy":"category","embeddable":true,"href":"https:\/\/www.italiaeconomiaonline.it\/web\/wp-json\/wp\/v2\/categories?post=8003"},{"taxonomy":"post_tag","embeddable":true,"href":"https:\/\/www.italiaeconomiaonline.it\/web\/wp-json\/wp\/v2\/tags?post=8003"}],"curies":[{"name":"wp","href":"https:\/\/api.w.org\/{rel}","templated":true}]}}