{"id":8070,"date":"2026-08-31T17:22:17","date_gmt":"2026-08-31T15:22:17","guid":{"rendered":"https:\/\/www.italiaeconomiaonline.it\/web\/?p=8070"},"modified":"2026-08-31T17:22:17","modified_gmt":"2026-08-31T15:22:17","slug":"bollette-confesercenti-tra-giugno-e-agosto-stangata-da-870-mln-sulle-imprese","status":"publish","type":"post","link":"https:\/\/www.italiaeconomiaonline.it\/web\/bollette-confesercenti-tra-giugno-e-agosto-stangata-da-870-mln-sulle-imprese\/","title":{"rendered":"Bollette: Confesercenti, tra giugno e agosto stangata da 870 mln sulle imprese"},"content":{"rendered":"<div>Una stangata energetica da circa 870 milioni di euro sulle imprese del commercio, della somministrazione e dell\u2019accoglienza. A stimarla \u00e8 Confesercenti, in collaborazione con il Gruppo Innova, sulla base dell\u2019aumento della spesa per le forniture tra giugno e agosto 2026, rispetto allo stesso periodo del 2025: circa 700 milioni di maggiori costi per l\u2019elettricit\u00e0 e altri 170 milioni per il gas, con aumenti delle bollette elettriche superiori al 40% e punte vicine al 50% per ristoranti e alberghi. Ma ci sono anche imprese che hanno registrato aumenti vicini al 90%.<\/div>\n<div><\/div>\n<div>A spingere verso l\u2019alto la bolletta energetica sono stati sia l\u2019aumento dei consumi, legato alle temperature eccezionalmente elevate e al maggiore utilizzo degli impianti di climatizzazione e refrigerazione, sia la crescita del prezzo dell\u2019energia elettrica all\u2019ingrosso: tra giugno e agosto il PUN \u00e8 aumentato di oltre il 30% rispetto allo stesso periodo del 2025. A incidere in modo particolare sulle attivit\u00e0 della somministrazione e dell\u2019accoglienza sono stati inoltre i picchi dei prezzi nelle ore serali, proprio quelle in cui alberghi, ristoranti, bar e pubblici esercizi concentrano una parte rilevante della propria attivit\u00e0 e dei propri consumi.<\/div>\n<div>L\u2019impatto sui bilanci \u00e8 significativo, soprattutto per le attivit\u00e0 legate al turismo. Per un albergo medio da 45 camere, la bolletta elettrica dei tre mesi estivi passa da circa 8.250 a 12.250 euro: 4mila euro in pi\u00f9, pari al +48,5%. Per un ristorante la spesa sale da 2.100 a 3.100 euro, con un aggravio di mille euro (+47,6%); per un bar da 1.250 a 1.800 euro, 550 euro in pi\u00f9 (+44%). Rincari consistenti anche per il commercio: +41,3% per un esercizio alimentare e +40,9% per un negozio non alimentare.<\/div>\n<div><\/div>\n<div>E dopo l\u2019emergenza elettricit\u00e0 dell\u2019estate, l\u2019attenzione si sposta gi\u00e0 sulle prossime settimane. A preoccupare \u00e8 soprattutto il gas, il cui prezzo nei tre mesi estivi \u00e8 cresciuto di oltre il 30% rispetto allo stesso periodo del 2025. Anche considerando il solo effetto tariffario, a consumi sostanzialmente invariati, il maggiore esborso per le imprese \u00e8 stimato in circa 170 milioni di euro. In vista della stagione fredda, il livello delle scorte e le tensioni sui mercati energetici alimentano il timore di ulteriori aumenti.<\/div>\n<div><\/div>\n<div>\u201c<i>In questo scenario, un intervento sulle componenti ASOS della bolletta non \u00e8 pi\u00f9 rinviabile<\/i>\u201d, commenta il Presidente di Confesercenti Nico Gronchi. \u201c<i>Per molte attivit\u00e0 del commercio e del turismo l\u2019energia non \u00e8 una spesa comprimibile, ma una condizione essenziale per lavorare e garantire continuit\u00e0 e qualit\u00e0 del servizio. L\u2019allarme sulle bollette si somma a quello che abbiamo gi\u00e0 lanciato nei giorni scorsi sul caro-carburanti, mentre cresce la preoccupazione per il gas: la pressione energetica si sta allargando su tre fronti contemporaneamente. L\u2019aumento di questi costi sta comprimendo margini gi\u00e0 ridotti e rischia inevitabilmente di trasferirsi sui prezzi finali. Stiamo entrando in una nuova era dell\u2019energia, in cui il suo costo avr\u00e0 un peso sempre maggiore sulla competitivit\u00e0 delle imprese e sul potere d\u2019acquisto delle famiglie. Anche la fiscalit\u00e0 dovr\u00e0 tenerne conto: non possiamo continuare a caricare sull\u2019energia un peso fiscale che rischia di amplificare gli aumenti e trasferirli sull\u2019intera economia. Altrimenti, dopo aver infiammato bollette e carburanti, il caro degli energetici finir\u00e0 per alimentare anche l\u2019inflazione<\/i>\u201d.<\/div>\n","protected":false},"excerpt":{"rendered":"<p>Una stangata energetica da circa 870 milioni di euro sulle imprese del commercio, della somministrazione e dell\u2019accoglienza. A stimarla \u00e8 Confesercenti, in collaborazione con il Gruppo Innova, sulla base dell\u2019aumento della spesa per le forniture tra giugno e agosto 2026, rispetto allo stesso periodo del 2025: circa 700 milioni di maggiori costi per l\u2019elettricit\u00e0 e [&hellip;]<\/p>\n","protected":false},"author":1,"featured_media":4173,"comment_status":"closed","ping_status":"open","sticky":false,"template":"","format":"standard","meta":{"footnotes":""},"categories":[1915],"tags":[],"yoast_head":"<!-- This site is optimized with the Yoast SEO plugin v22.2 - https:\/\/yoast.com\/wordpress\/plugins\/seo\/ -->\n<title>Bollette: Confesercenti, tra giugno e agosto stangata da 870 mln sulle imprese -<\/title>\n<meta name=\"robots\" content=\"index, follow, max-snippet:-1, max-image-preview:large, max-video-preview:-1\" \/>\n<link rel=\"canonical\" href=\"https:\/\/www.italiaeconomiaonline.it\/web\/bollette-confesercenti-tra-giugno-e-agosto-stangata-da-870-mln-sulle-imprese\/\" \/>\n<meta property=\"og:locale\" content=\"it_IT\" \/>\n<meta property=\"og:type\" content=\"article\" \/>\n<meta property=\"og:title\" content=\"Bollette: Confesercenti, tra giugno e agosto stangata da 870 mln sulle imprese -\" \/>\n<meta property=\"og:description\" content=\"Una stangata energetica da circa 870 milioni di euro sulle imprese del commercio, della somministrazione e dell\u2019accoglienza. A stimarla \u00e8 Confesercenti, in collaborazione con il Gruppo Innova, sulla base dell\u2019aumento della spesa per le forniture tra giugno e agosto 2026, rispetto allo stesso periodo del 2025: circa 700 milioni di maggiori costi per l\u2019elettricit\u00e0 e [&hellip;]\" \/>\n<meta property=\"og:url\" content=\"https:\/\/www.italiaeconomiaonline.it\/web\/bollette-confesercenti-tra-giugno-e-agosto-stangata-da-870-mln-sulle-imprese\/\" \/>\n<meta property=\"og:site_name\" content=\"ItaliaEconomiaOnline\" \/>\n<meta property=\"article:published_time\" content=\"2026-08-31T15:22:17+00:00\" \/>\n<meta property=\"og:image\" content=\"http:\/\/www.italiaeconomiaonline.it\/web\/wp-content\/uploads\/2020\/09\/Schermata-2020-09-22-alle-11.30.55.png\" \/>\n\t<meta property=\"og:image:width\" content=\"1406\" \/>\n\t<meta property=\"og:image:height\" content=\"848\" \/>\n\t<meta property=\"og:image:type\" content=\"image\/png\" \/>\n<meta name=\"author\" content=\"ladyitaliaeconomia\" \/>\n<meta name=\"twitter:card\" content=\"summary_large_image\" \/>\n<meta name=\"twitter:label1\" content=\"Scritto da\" \/>\n\t<meta name=\"twitter:data1\" content=\"ladyitaliaeconomia\" \/>\n\t<meta name=\"twitter:label2\" content=\"Tempo di lettura stimato\" \/>\n\t<meta name=\"twitter:data2\" content=\"3 minuti\" \/>\n<script type=\"application\/ld+json\" class=\"yoast-schema-graph\">{\"@context\":\"https:\/\/schema.org\",\"@graph\":[{\"@type\":\"WebPage\",\"@id\":\"https:\/\/www.italiaeconomiaonline.it\/web\/bollette-confesercenti-tra-giugno-e-agosto-stangata-da-870-mln-sulle-imprese\/\",\"url\":\"https:\/\/www.italiaeconomiaonline.it\/web\/bollette-confesercenti-tra-giugno-e-agosto-stangata-da-870-mln-sulle-imprese\/\",\"name\":\"Bollette: Confesercenti, tra giugno e agosto stangata da 870 mln sulle imprese -\",\"isPartOf\":{\"@id\":\"https:\/\/www.italiaeconomiaonline.it\/web\/#website\"},\"primaryImageOfPage\":{\"@id\":\"https:\/\/www.italiaeconomiaonline.it\/web\/bollette-confesercenti-tra-giugno-e-agosto-stangata-da-870-mln-sulle-imprese\/#primaryimage\"},\"image\":{\"@id\":\"https:\/\/www.italiaeconomiaonline.it\/web\/bollette-confesercenti-tra-giugno-e-agosto-stangata-da-870-mln-sulle-imprese\/#primaryimage\"},\"thumbnailUrl\":\"https:\/\/www.italiaeconomiaonline.it\/web\/wp-content\/uploads\/2020\/09\/Schermata-2020-09-22-alle-11.30.55.png\",\"datePublished\":\"2026-08-31T15:22:17+00:00\",\"dateModified\":\"2026-08-31T15:22:17+00:00\",\"author\":{\"@id\":\"https:\/\/www.italiaeconomiaonline.it\/web\/#\/schema\/person\/909a49cce752523b020fbc37d5ab1c31\"},\"breadcrumb\":{\"@id\":\"https:\/\/www.italiaeconomiaonline.it\/web\/bollette-confesercenti-tra-giugno-e-agosto-stangata-da-870-mln-sulle-imprese\/#breadcrumb\"},\"inLanguage\":\"it-IT\",\"potentialAction\":[{\"@type\":\"ReadAction\",\"target\":[\"https:\/\/www.italiaeconomiaonline.it\/web\/bollette-confesercenti-tra-giugno-e-agosto-stangata-da-870-mln-sulle-imprese\/\"]}]},{\"@type\":\"ImageObject\",\"inLanguage\":\"it-IT\",\"@id\":\"https:\/\/www.italiaeconomiaonline.it\/web\/bollette-confesercenti-tra-giugno-e-agosto-stangata-da-870-mln-sulle-imprese\/#primaryimage\",\"url\":\"https:\/\/www.italiaeconomiaonline.it\/web\/wp-content\/uploads\/2020\/09\/Schermata-2020-09-22-alle-11.30.55.png\",\"contentUrl\":\"https:\/\/www.italiaeconomiaonline.it\/web\/wp-content\/uploads\/2020\/09\/Schermata-2020-09-22-alle-11.30.55.png\",\"width\":1406,\"height\":848},{\"@type\":\"BreadcrumbList\",\"@id\":\"https:\/\/www.italiaeconomiaonline.it\/web\/bollette-confesercenti-tra-giugno-e-agosto-stangata-da-870-mln-sulle-imprese\/#breadcrumb\",\"itemListElement\":[{\"@type\":\"ListItem\",\"position\":1,\"name\":\"Home\",\"item\":\"https:\/\/www.italiaeconomiaonline.it\/web\/\"},{\"@type\":\"ListItem\",\"position\":2,\"name\":\"Bollette: Confesercenti, tra giugno e agosto stangata da 870 mln sulle imprese\"}]},{\"@type\":\"WebSite\",\"@id\":\"https:\/\/www.italiaeconomiaonline.it\/web\/#website\",\"url\":\"https:\/\/www.italiaeconomiaonline.it\/web\/\",\"name\":\"ItaliaEconomiaOnline\",\"description\":\"Quotidiano Economico Online\",\"potentialAction\":[{\"@type\":\"SearchAction\",\"target\":{\"@type\":\"EntryPoint\",\"urlTemplate\":\"https:\/\/www.italiaeconomiaonline.it\/web\/?s={search_term_string}\"},\"query-input\":\"required name=search_term_string\"}],\"inLanguage\":\"it-IT\"},{\"@type\":\"Person\",\"@id\":\"https:\/\/www.italiaeconomiaonline.it\/web\/#\/schema\/person\/909a49cce752523b020fbc37d5ab1c31\",\"name\":\"ladyitaliaeconomia\",\"image\":{\"@type\":\"ImageObject\",\"inLanguage\":\"it-IT\",\"@id\":\"https:\/\/www.italiaeconomiaonline.it\/web\/#\/schema\/person\/image\/\",\"url\":\"https:\/\/secure.gravatar.com\/avatar\/cedca10ce7416a579b9fa6bce9c0a8f2?s=96&d=mm&r=g\",\"contentUrl\":\"https:\/\/secure.gravatar.com\/avatar\/cedca10ce7416a579b9fa6bce9c0a8f2?s=96&d=mm&r=g\",\"caption\":\"ladyitaliaeconomia\"},\"url\":\"https:\/\/www.italiaeconomiaonline.it\/web\/author\/ladyitaliaeconomia\/\"}]}<\/script>\n<!-- \/ Yoast SEO plugin. -->","yoast_head_json":{"title":"Bollette: Confesercenti, tra giugno e agosto stangata da 870 mln sulle imprese -","robots":{"index":"index","follow":"follow","max-snippet":"max-snippet:-1","max-image-preview":"max-image-preview:large","max-video-preview":"max-video-preview:-1"},"canonical":"https:\/\/www.italiaeconomiaonline.it\/web\/bollette-confesercenti-tra-giugno-e-agosto-stangata-da-870-mln-sulle-imprese\/","og_locale":"it_IT","og_type":"article","og_title":"Bollette: Confesercenti, tra giugno e agosto stangata da 870 mln sulle imprese -","og_description":"Una stangata energetica da circa 870 milioni di euro sulle imprese del commercio, della somministrazione e dell\u2019accoglienza. A stimarla \u00e8 Confesercenti, in collaborazione con il Gruppo Innova, sulla base dell\u2019aumento della spesa per le forniture tra giugno e agosto 2026, rispetto allo stesso periodo del 2025: circa 700 milioni di maggiori costi per l\u2019elettricit\u00e0 e [&hellip;]","og_url":"https:\/\/www.italiaeconomiaonline.it\/web\/bollette-confesercenti-tra-giugno-e-agosto-stangata-da-870-mln-sulle-imprese\/","og_site_name":"ItaliaEconomiaOnline","article_published_time":"2026-08-31T15:22:17+00:00","og_image":[{"width":1406,"height":848,"url":"http:\/\/www.italiaeconomiaonline.it\/web\/wp-content\/uploads\/2020\/09\/Schermata-2020-09-22-alle-11.30.55.png","type":"image\/png"}],"author":"ladyitaliaeconomia","twitter_card":"summary_large_image","twitter_misc":{"Scritto da":"ladyitaliaeconomia","Tempo di lettura stimato":"3 minuti"},"schema":{"@context":"https:\/\/schema.org","@graph":[{"@type":"WebPage","@id":"https:\/\/www.italiaeconomiaonline.it\/web\/bollette-confesercenti-tra-giugno-e-agosto-stangata-da-870-mln-sulle-imprese\/","url":"https:\/\/www.italiaeconomiaonline.it\/web\/bollette-confesercenti-tra-giugno-e-agosto-stangata-da-870-mln-sulle-imprese\/","name":"Bollette: Confesercenti, tra giugno e agosto stangata da 870 mln sulle imprese -","isPartOf":{"@id":"https:\/\/www.italiaeconomiaonline.it\/web\/#website"},"primaryImageOfPage":{"@id":"https:\/\/www.italiaeconomiaonline.it\/web\/bollette-confesercenti-tra-giugno-e-agosto-stangata-da-870-mln-sulle-imprese\/#primaryimage"},"image":{"@id":"https:\/\/www.italiaeconomiaonline.it\/web\/bollette-confesercenti-tra-giugno-e-agosto-stangata-da-870-mln-sulle-imprese\/#primaryimage"},"thumbnailUrl":"https:\/\/www.italiaeconomiaonline.it\/web\/wp-content\/uploads\/2020\/09\/Schermata-2020-09-22-alle-11.30.55.png","datePublished":"2026-08-31T15:22:17+00:00","dateModified":"2026-08-31T15:22:17+00:00","author":{"@id":"https:\/\/www.italiaeconomiaonline.it\/web\/#\/schema\/person\/909a49cce752523b020fbc37d5ab1c31"},"breadcrumb":{"@id":"https:\/\/www.italiaeconomiaonline.it\/web\/bollette-confesercenti-tra-giugno-e-agosto-stangata-da-870-mln-sulle-imprese\/#breadcrumb"},"inLanguage":"it-IT","potentialAction":[{"@type":"ReadAction","target":["https:\/\/www.italiaeconomiaonline.it\/web\/bollette-confesercenti-tra-giugno-e-agosto-stangata-da-870-mln-sulle-imprese\/"]}]},{"@type":"ImageObject","inLanguage":"it-IT","@id":"https:\/\/www.italiaeconomiaonline.it\/web\/bollette-confesercenti-tra-giugno-e-agosto-stangata-da-870-mln-sulle-imprese\/#primaryimage","url":"https:\/\/www.italiaeconomiaonline.it\/web\/wp-content\/uploads\/2020\/09\/Schermata-2020-09-22-alle-11.30.55.png","contentUrl":"https:\/\/www.italiaeconomiaonline.it\/web\/wp-content\/uploads\/2020\/09\/Schermata-2020-09-22-alle-11.30.55.png","width":1406,"height":848},{"@type":"BreadcrumbList","@id":"https:\/\/www.italiaeconomiaonline.it\/web\/bollette-confesercenti-tra-giugno-e-agosto-stangata-da-870-mln-sulle-imprese\/#breadcrumb","itemListElement":[{"@type":"ListItem","position":1,"name":"Home","item":"https:\/\/www.italiaeconomiaonline.it\/web\/"},{"@type":"ListItem","position":2,"name":"Bollette: Confesercenti, tra giugno e agosto stangata da 870 mln sulle imprese"}]},{"@type":"WebSite","@id":"https:\/\/www.italiaeconomiaonline.it\/web\/#website","url":"https:\/\/www.italiaeconomiaonline.it\/web\/","name":"ItaliaEconomiaOnline","description":"Quotidiano Economico Online","potentialAction":[{"@type":"SearchAction","target":{"@type":"EntryPoint","urlTemplate":"https:\/\/www.italiaeconomiaonline.it\/web\/?s={search_term_string}"},"query-input":"required name=search_term_string"}],"inLanguage":"it-IT"},{"@type":"Person","@id":"https:\/\/www.italiaeconomiaonline.it\/web\/#\/schema\/person\/909a49cce752523b020fbc37d5ab1c31","name":"ladyitaliaeconomia","image":{"@type":"ImageObject","inLanguage":"it-IT","@id":"https:\/\/www.italiaeconomiaonline.it\/web\/#\/schema\/person\/image\/","url":"https:\/\/secure.gravatar.com\/avatar\/cedca10ce7416a579b9fa6bce9c0a8f2?s=96&d=mm&r=g","contentUrl":"https:\/\/secure.gravatar.com\/avatar\/cedca10ce7416a579b9fa6bce9c0a8f2?s=96&d=mm&r=g","caption":"ladyitaliaeconomia"},"url":"https:\/\/www.italiaeconomiaonline.it\/web\/author\/ladyitaliaeconomia\/"}]}},"_links":{"self":[{"href":"https:\/\/www.italiaeconomiaonline.it\/web\/wp-json\/wp\/v2\/posts\/8070"}],"collection":[{"href":"https:\/\/www.italiaeconomiaonline.it\/web\/wp-json\/wp\/v2\/posts"}],"about":[{"href":"https:\/\/www.italiaeconomiaonline.it\/web\/wp-json\/wp\/v2\/types\/post"}],"author":[{"embeddable":true,"href":"https:\/\/www.italiaeconomiaonline.it\/web\/wp-json\/wp\/v2\/users\/1"}],"replies":[{"embeddable":true,"href":"https:\/\/www.italiaeconomiaonline.it\/web\/wp-json\/wp\/v2\/comments?post=8070"}],"version-history":[{"count":1,"href":"https:\/\/www.italiaeconomiaonline.it\/web\/wp-json\/wp\/v2\/posts\/8070\/revisions"}],"predecessor-version":[{"id":8071,"href":"https:\/\/www.italiaeconomiaonline.it\/web\/wp-json\/wp\/v2\/posts\/8070\/revisions\/8071"}],"wp:featuredmedia":[{"embeddable":true,"href":"https:\/\/www.italiaeconomiaonline.it\/web\/wp-json\/wp\/v2\/media\/4173"}],"wp:attachment":[{"href":"https:\/\/www.italiaeconomiaonline.it\/web\/wp-json\/wp\/v2\/media?parent=8070"}],"wp:term":[{"taxonomy":"category","embeddable":true,"href":"https:\/\/www.italiaeconomiaonline.it\/web\/wp-json\/wp\/v2\/categories?post=8070"},{"taxonomy":"post_tag","embeddable":true,"href":"https:\/\/www.italiaeconomiaonline.it\/web\/wp-json\/wp\/v2\/tags?post=8070"}],"curies":[{"name":"wp","href":"https:\/\/api.w.org\/{rel}","templated":true}]}}