{"id":822,"date":"2019-05-28T15:32:33","date_gmt":"2019-05-28T13:32:33","guid":{"rendered":"http:\/\/www.italiaeconomiaonline.it\/web\/?p=822"},"modified":"2019-05-30T11:03:19","modified_gmt":"2019-05-30T09:03:19","slug":"le-imprese-e-la-finanza-al-governo-acceleriamo-la-transizione-allo-sviluppo-sostenibile","status":"publish","type":"post","link":"https:\/\/www.italiaeconomiaonline.it\/web\/le-imprese-e-la-finanza-al-governo-acceleriamo-la-transizione-allo-sviluppo-sostenibile\/","title":{"rendered":"Le imprese e la finanza al Governo: acceleriamo la transizione allo sviluppo sostenibile"},"content":{"rendered":"<p><span class=\"dropcap dropcap3\">L<\/span>e imprese e il mondo della finanza chiedono al Governo di <strong>accelerare la transizione dell\u2019Italia alla sostenibilit\u00e0<\/strong> <strong>e<\/strong> di <strong>aprire un tavolo di lavoro su questo tema presso la Presidenza del Consiglio<\/strong>.<\/p>\n<p><strong>Per la prima volta, le dieci associazioni imprenditoriali pi\u00f9 rappresentative<\/strong> (Alleanza delle Cooperative Italiane, <strong>Cia-Agricoltori Italiani<\/strong>, Confagricoltura, Confartigianato Imprese, CNA, Confcommercio, Confindustria, Federazione Banche Assicurazioni e Finanza, Unioncamere e Utilitalia), <strong>tutte aderenti all\u2019Alleanza Italiana per lo Sviluppo Sostenibile <\/strong>(ASviS), <strong>indicano in un documento congiunto le linee di azione necessarie per accelerare il passo verso gli Obiettivi di sviluppo sostenibile dell\u2019Agenda 2030<\/strong>, firmata dai 193 Paesi dell\u2019ONU nel settembre 2015.<\/p>\n<p>Il documento, presentato durante la conferenza dell\u2019ASviS <em>\u201cLe imprese e la finanza per lo sviluppo sostenibile. Opportunit\u00e0 da cogliere e ostacoli da rimuovere\u201d<\/em>, svoltasi oggi a Milano nell\u2019ambito del Festival dello Sviluppo Sostenibile (21 maggio-6 giugno), indica gli interventi necessari per creare un contesto idoneo allo sviluppo sostenibile, per accelerare il <em>decoupling <\/em>tra crescita economica e pressione ambientale, per affrontare la dimensione sociale della transizione ecologica del sistema produttivo, per favorire lo sviluppo dei territori e la loro resilienza e per promuovere un modello economico orientato allo sviluppo sostenibile. Inoltre, le associazioni rinnovano gli impegni assunti con la sottoscrizione, nel 2017, del \u201cPatto di Milano\u201d2.<\/p>\n<p>All\u2019evento, organizzato presso l\u2019Auditorium di Assolombarda, sono intervenuti molti dei protagonisti del mondo economico e figure emergenti dell\u2019imprenditoria italiana.<\/p>\n<p>L\u2019impegno delle aziende e della finanza \u00e8 in linea con quanto auspicano gli italiani: secondo una recente indagine di Eumetra, infatti<strong>, il 72% delle persone ritiene che le imprese dovrebbero occuparsi seriamente di sostenibilit\u00e0 e il 67% ritiene giusto che le aziende, di qualsiasi dimensione, tengano conto degli Obiettivi di Sviluppo Sostenibile<\/strong>, anche se ci\u00f2 dovesse significare un aumento dei prezzi dei prodotti o dei servizi.<\/p>\n<p>Tuttavia permane un bel po\u2019 di scetticismo: infatti, il 48% degli italiani pensa che le imprese si occupino di sviluppo sostenibile perch\u00e9 hanno qualcosa da farsi perdonare, mentre il 38% ritiene che occuparsi di sostenibilit\u00e0 sia nell\u2019interesse dell\u2019impresa stessa.<\/p>\n<p>Gli intervistati ritengono che un\u2019impresa impegnata per lo sviluppo sostenibile dovrebbe avere le seguenti caratteristiche: essere seria nell\u2019affrontare questi temi (75%3), trattare bene i clienti (71%) e i dipendenti (73%), assicurare la qualit\u00e0 dei prodotti (73%), rispettare l\u2019ambiente in tutte le attivit\u00e0 (73%), essere attenta ai temi sociali (70%), al territorio in cui opera (73%) e all\u2019uguaglianza di genere (66%).<\/p>\n<p>\u201cLa sostenibilit\u00e0 \u00e8 sempre pi\u00f9 considerata un fattore strategico dalle imprese oltre a essere un importante elemento valoriale e reputazionale\u201d, commenta <strong>Pierluigi Stefanini, presidente dell\u2019ASviS<\/strong>, che con i suoi oltre 240 aderenti \u00e8 la pi\u00f9 grande rete italiana di organizzazioni della societ\u00e0 civile.<\/p>\n<p>\u201cAllo stesso tempo, il mondo della finanza guarda con sempre pi\u00f9 attenzione a realt\u00e0 imprenditoriali innovative, rispondenti ai criteri Environmental, Social and Governance (ESG). Tali criteri obbligano a un cambiamento di prospettiva e a investire non tanto nell\u2019ottica di un vantaggio immediato, ma in una prospettiva di medio-lungo termine\u201d.<\/p>\n<p>Il cambiamento verso un modello di sviluppo sostenibile si direbbe avviato e le imprese italiane potrebbero diventare un vero e proprio propulsore se fossero incoraggiate alla transizione da politiche di \u201csistema\u201d che rimuovano i freni a questo processo.<\/p>\n<p>Peraltro, la settimana scorsa, nel corso dell\u2019evento di apertura del Festival, il Governatore della Banca d\u2019Italia<strong> Ignazio Visco<\/strong> aveva lanciato un chiaro allarme sui danni per il sistema economico derivanti dal cambiamento climatico, invitando le istituzioni finanziarie e il settore privato a prepararsi agli shock legati a condizioni di non sostenibilit\u00e0 dello sviluppo.<\/p>\n<p>\u201cL\u2019Agenda 2030 riconosce alle imprese e alla finanza un ruolo fondamentale -sottolinea il <strong>portavoce dell\u2019ASviS, Enrico Giovannini<\/strong>&#8211; ed \u00e8 evidente il cambiamento culturale che sta avvenendo, anche in Italia.<\/p>\n<p>Il nostro Paese \u00e8 ricco di aziende virtuose rispetto allo sviluppo sostenibile, ma questo non vale ancora per il sistema nel suo complesso, anche per l\u2019assenza di politiche adeguate.<\/p>\n<p>Il documento unitario elaborato grazie all\u2019ASviS d\u00e0 un segnale forte al Governo e alle altre istituzioni. Ora, per\u00f2, bisogna passare ai fatti e <strong>ci auguriamo che il presidente del Consiglio convochi quanto prima il tavolo proposto dalle associazioni, anche in vista della preparazione della prossima Legge di Bilancio<\/strong>\u201d.<\/p>\n<p>\u201c<strong>Cia-Agricoltori Italiani \u00e8 impegnata nel percorso <em>Il Paese che vogliamo<\/em>, per rilanciare le <\/strong>istanze territoriali a partire dalle<strong> aree interne. Un impegno concreto verso l\u2019attuazione dell\u2019Agenda 2030 che promuove la sostenibilit\u00e0 e la riduzione delle disuguaglianze<\/strong> -aggiunge <strong>Mauro Di Zio, vicepresidente nazionale Cia<\/strong>-.<\/p>\n<p>Nelle zone rurali oggi si concentra il livello pi\u00f9 alto di disparit\u00e0: scarsi servizi, infrastrutture carenti, assenza di banda larga, invecchiamento della popolazione.<\/p>\n<p>Ma \u00e8 proprio da qui che bisogna ripartire, con politiche di sostegno efficaci, invertendo il processo di abbandono e spopolamento delle aree interne.<\/p>\n<p>Territori dove \u00e8 strategico il ruolo degli agricoltori, per la sicurezza alimentare e per la produzione agricola, cos\u00ec come per la tenuta idrogeologica del Paese e la tutela di ambiente, biodiversit\u00e0 e paesaggio\u201d.<\/p>\n<p>Nel corso del convegno di oggi sono state presentate diverse iniziative, tra cui il Padiglione Italia a Expo 2020 di Dubai, pensato per sottolineare l\u2019impegno del sistema Paese sui temi della sostenibilit\u00e0, e l\u2019impegno per lo sviluppo sostenibile dei 65 atenei appartenenti alla Rete delle Universit\u00e0 per lo Sviluppo sostenibile (RUS).<\/p>\n","protected":false},"excerpt":{"rendered":"<p>Le imprese e il mondo della finanza chiedono al Governo di accelerare la transizione dell\u2019Italia alla sostenibilit\u00e0 e di aprire un tavolo di lavoro su questo tema presso la Presidenza del Consiglio. Per la prima volta, le dieci associazioni imprenditoriali pi\u00f9 rappresentative (Alleanza delle Cooperative Italiane, Cia-Agricoltori Italiani, Confagricoltura, Confartigianato Imprese, CNA, Confcommercio, Confindustria, Federazione [&hellip;]<\/p>\n","protected":false},"author":1,"featured_media":823,"comment_status":"closed","ping_status":"open","sticky":false,"template":"","format":"standard","meta":{"footnotes":""},"categories":[162],"tags":[367,236,193,81,151],"yoast_head":"<!-- This site is optimized with the Yoast SEO plugin v22.2 - https:\/\/yoast.com\/wordpress\/plugins\/seo\/ -->\n<title>Le imprese e la finanza al Governo: acceleriamo la transizione allo sviluppo sostenibile -<\/title>\n<meta name=\"description\" content=\"Le imprese e il mondo della finanza chiedono al Governo di accelerare la transizione dell\u2019Italia alla sostenibilit\u00e0 e di aprire un tavolo di lavoro\" \/>\n<meta name=\"robots\" content=\"index, follow, max-snippet:-1, max-image-preview:large, max-video-preview:-1\" \/>\n<link rel=\"canonical\" href=\"https:\/\/www.italiaeconomiaonline.it\/web\/le-imprese-e-la-finanza-al-governo-acceleriamo-la-transizione-allo-sviluppo-sostenibile\/\" \/>\n<meta property=\"og:locale\" content=\"it_IT\" \/>\n<meta property=\"og:type\" content=\"article\" \/>\n<meta property=\"og:title\" content=\"Le imprese e la finanza al Governo: acceleriamo la transizione allo sviluppo sostenibile -\" \/>\n<meta property=\"og:description\" content=\"Le imprese e il mondo della finanza chiedono al Governo di accelerare la transizione dell\u2019Italia alla sostenibilit\u00e0 e di aprire un tavolo di lavoro\" \/>\n<meta property=\"og:url\" content=\"https:\/\/www.italiaeconomiaonline.it\/web\/le-imprese-e-la-finanza-al-governo-acceleriamo-la-transizione-allo-sviluppo-sostenibile\/\" \/>\n<meta property=\"og:site_name\" content=\"ItaliaEconomiaOnline\" \/>\n<meta property=\"article:published_time\" content=\"2019-05-28T13:32:33+00:00\" \/>\n<meta property=\"article:modified_time\" content=\"2019-05-30T09:03:19+00:00\" \/>\n<meta property=\"og:image\" content=\"https:\/\/www.italiaeconomiaonline.it\/web\/wp-content\/uploads\/2019\/05\/ASviS_Di-Zio_Milano-2019.jpg\" \/>\n\t<meta property=\"og:image:width\" content=\"2016\" \/>\n\t<meta property=\"og:image:height\" content=\"980\" \/>\n\t<meta property=\"og:image:type\" content=\"image\/jpeg\" \/>\n<meta name=\"author\" content=\"ladyitaliaeconomia\" \/>\n<meta name=\"twitter:card\" content=\"summary_large_image\" \/>\n<meta name=\"twitter:label1\" content=\"Scritto da\" \/>\n\t<meta name=\"twitter:data1\" content=\"ladyitaliaeconomia\" \/>\n\t<meta name=\"twitter:label2\" content=\"Tempo di lettura stimato\" \/>\n\t<meta name=\"twitter:data2\" content=\"4 minuti\" \/>\n<script type=\"application\/ld+json\" class=\"yoast-schema-graph\">{\"@context\":\"https:\/\/schema.org\",\"@graph\":[{\"@type\":\"WebPage\",\"@id\":\"https:\/\/www.italiaeconomiaonline.it\/web\/le-imprese-e-la-finanza-al-governo-acceleriamo-la-transizione-allo-sviluppo-sostenibile\/\",\"url\":\"https:\/\/www.italiaeconomiaonline.it\/web\/le-imprese-e-la-finanza-al-governo-acceleriamo-la-transizione-allo-sviluppo-sostenibile\/\",\"name\":\"Le imprese e la finanza al Governo: acceleriamo la transizione allo sviluppo sostenibile -\",\"isPartOf\":{\"@id\":\"https:\/\/www.italiaeconomiaonline.it\/web\/#website\"},\"primaryImageOfPage\":{\"@id\":\"https:\/\/www.italiaeconomiaonline.it\/web\/le-imprese-e-la-finanza-al-governo-acceleriamo-la-transizione-allo-sviluppo-sostenibile\/#primaryimage\"},\"image\":{\"@id\":\"https:\/\/www.italiaeconomiaonline.it\/web\/le-imprese-e-la-finanza-al-governo-acceleriamo-la-transizione-allo-sviluppo-sostenibile\/#primaryimage\"},\"thumbnailUrl\":\"https:\/\/www.italiaeconomiaonline.it\/web\/wp-content\/uploads\/2019\/05\/ASviS_Di-Zio_Milano-2019.jpg\",\"datePublished\":\"2019-05-28T13:32:33+00:00\",\"dateModified\":\"2019-05-30T09:03:19+00:00\",\"author\":{\"@id\":\"https:\/\/www.italiaeconomiaonline.it\/web\/#\/schema\/person\/909a49cce752523b020fbc37d5ab1c31\"},\"description\":\"Le imprese e il mondo della finanza chiedono al Governo di accelerare la transizione dell\u2019Italia alla sostenibilit\u00e0 e di aprire un tavolo di lavoro\",\"breadcrumb\":{\"@id\":\"https:\/\/www.italiaeconomiaonline.it\/web\/le-imprese-e-la-finanza-al-governo-acceleriamo-la-transizione-allo-sviluppo-sostenibile\/#breadcrumb\"},\"inLanguage\":\"it-IT\",\"potentialAction\":[{\"@type\":\"ReadAction\",\"target\":[\"https:\/\/www.italiaeconomiaonline.it\/web\/le-imprese-e-la-finanza-al-governo-acceleriamo-la-transizione-allo-sviluppo-sostenibile\/\"]}]},{\"@type\":\"ImageObject\",\"inLanguage\":\"it-IT\",\"@id\":\"https:\/\/www.italiaeconomiaonline.it\/web\/le-imprese-e-la-finanza-al-governo-acceleriamo-la-transizione-allo-sviluppo-sostenibile\/#primaryimage\",\"url\":\"https:\/\/www.italiaeconomiaonline.it\/web\/wp-content\/uploads\/2019\/05\/ASviS_Di-Zio_Milano-2019.jpg\",\"contentUrl\":\"https:\/\/www.italiaeconomiaonline.it\/web\/wp-content\/uploads\/2019\/05\/ASviS_Di-Zio_Milano-2019.jpg\",\"width\":2016,\"height\":980},{\"@type\":\"BreadcrumbList\",\"@id\":\"https:\/\/www.italiaeconomiaonline.it\/web\/le-imprese-e-la-finanza-al-governo-acceleriamo-la-transizione-allo-sviluppo-sostenibile\/#breadcrumb\",\"itemListElement\":[{\"@type\":\"ListItem\",\"position\":1,\"name\":\"Home\",\"item\":\"https:\/\/www.italiaeconomiaonline.it\/web\/\"},{\"@type\":\"ListItem\",\"position\":2,\"name\":\"Le imprese e la finanza al Governo: acceleriamo la transizione allo sviluppo sostenibile\"}]},{\"@type\":\"WebSite\",\"@id\":\"https:\/\/www.italiaeconomiaonline.it\/web\/#website\",\"url\":\"https:\/\/www.italiaeconomiaonline.it\/web\/\",\"name\":\"ItaliaEconomiaOnline\",\"description\":\"Quotidiano Economico Online\",\"potentialAction\":[{\"@type\":\"SearchAction\",\"target\":{\"@type\":\"EntryPoint\",\"urlTemplate\":\"https:\/\/www.italiaeconomiaonline.it\/web\/?s={search_term_string}\"},\"query-input\":\"required name=search_term_string\"}],\"inLanguage\":\"it-IT\"},{\"@type\":\"Person\",\"@id\":\"https:\/\/www.italiaeconomiaonline.it\/web\/#\/schema\/person\/909a49cce752523b020fbc37d5ab1c31\",\"name\":\"ladyitaliaeconomia\",\"image\":{\"@type\":\"ImageObject\",\"inLanguage\":\"it-IT\",\"@id\":\"https:\/\/www.italiaeconomiaonline.it\/web\/#\/schema\/person\/image\/\",\"url\":\"https:\/\/secure.gravatar.com\/avatar\/cedca10ce7416a579b9fa6bce9c0a8f2?s=96&d=mm&r=g\",\"contentUrl\":\"https:\/\/secure.gravatar.com\/avatar\/cedca10ce7416a579b9fa6bce9c0a8f2?s=96&d=mm&r=g\",\"caption\":\"ladyitaliaeconomia\"},\"url\":\"https:\/\/www.italiaeconomiaonline.it\/web\/author\/ladyitaliaeconomia\/\"}]}<\/script>\n<!-- \/ Yoast SEO plugin. -->","yoast_head_json":{"title":"Le imprese e la finanza al Governo: acceleriamo la transizione allo sviluppo sostenibile -","description":"Le imprese e il mondo della finanza chiedono al Governo di accelerare la transizione dell\u2019Italia alla sostenibilit\u00e0 e di aprire un tavolo di lavoro","robots":{"index":"index","follow":"follow","max-snippet":"max-snippet:-1","max-image-preview":"max-image-preview:large","max-video-preview":"max-video-preview:-1"},"canonical":"https:\/\/www.italiaeconomiaonline.it\/web\/le-imprese-e-la-finanza-al-governo-acceleriamo-la-transizione-allo-sviluppo-sostenibile\/","og_locale":"it_IT","og_type":"article","og_title":"Le imprese e la finanza al Governo: acceleriamo la transizione allo sviluppo sostenibile -","og_description":"Le imprese e il mondo della finanza chiedono al Governo di accelerare la transizione dell\u2019Italia alla sostenibilit\u00e0 e di aprire un tavolo di lavoro","og_url":"https:\/\/www.italiaeconomiaonline.it\/web\/le-imprese-e-la-finanza-al-governo-acceleriamo-la-transizione-allo-sviluppo-sostenibile\/","og_site_name":"ItaliaEconomiaOnline","article_published_time":"2019-05-28T13:32:33+00:00","article_modified_time":"2019-05-30T09:03:19+00:00","og_image":[{"width":2016,"height":980,"url":"https:\/\/www.italiaeconomiaonline.it\/web\/wp-content\/uploads\/2019\/05\/ASviS_Di-Zio_Milano-2019.jpg","type":"image\/jpeg"}],"author":"ladyitaliaeconomia","twitter_card":"summary_large_image","twitter_misc":{"Scritto da":"ladyitaliaeconomia","Tempo di lettura stimato":"4 minuti"},"schema":{"@context":"https:\/\/schema.org","@graph":[{"@type":"WebPage","@id":"https:\/\/www.italiaeconomiaonline.it\/web\/le-imprese-e-la-finanza-al-governo-acceleriamo-la-transizione-allo-sviluppo-sostenibile\/","url":"https:\/\/www.italiaeconomiaonline.it\/web\/le-imprese-e-la-finanza-al-governo-acceleriamo-la-transizione-allo-sviluppo-sostenibile\/","name":"Le imprese e la finanza al Governo: acceleriamo la transizione allo sviluppo sostenibile -","isPartOf":{"@id":"https:\/\/www.italiaeconomiaonline.it\/web\/#website"},"primaryImageOfPage":{"@id":"https:\/\/www.italiaeconomiaonline.it\/web\/le-imprese-e-la-finanza-al-governo-acceleriamo-la-transizione-allo-sviluppo-sostenibile\/#primaryimage"},"image":{"@id":"https:\/\/www.italiaeconomiaonline.it\/web\/le-imprese-e-la-finanza-al-governo-acceleriamo-la-transizione-allo-sviluppo-sostenibile\/#primaryimage"},"thumbnailUrl":"https:\/\/www.italiaeconomiaonline.it\/web\/wp-content\/uploads\/2019\/05\/ASviS_Di-Zio_Milano-2019.jpg","datePublished":"2019-05-28T13:32:33+00:00","dateModified":"2019-05-30T09:03:19+00:00","author":{"@id":"https:\/\/www.italiaeconomiaonline.it\/web\/#\/schema\/person\/909a49cce752523b020fbc37d5ab1c31"},"description":"Le imprese e il mondo della finanza chiedono al Governo di accelerare la transizione dell\u2019Italia alla sostenibilit\u00e0 e di aprire un tavolo di lavoro","breadcrumb":{"@id":"https:\/\/www.italiaeconomiaonline.it\/web\/le-imprese-e-la-finanza-al-governo-acceleriamo-la-transizione-allo-sviluppo-sostenibile\/#breadcrumb"},"inLanguage":"it-IT","potentialAction":[{"@type":"ReadAction","target":["https:\/\/www.italiaeconomiaonline.it\/web\/le-imprese-e-la-finanza-al-governo-acceleriamo-la-transizione-allo-sviluppo-sostenibile\/"]}]},{"@type":"ImageObject","inLanguage":"it-IT","@id":"https:\/\/www.italiaeconomiaonline.it\/web\/le-imprese-e-la-finanza-al-governo-acceleriamo-la-transizione-allo-sviluppo-sostenibile\/#primaryimage","url":"https:\/\/www.italiaeconomiaonline.it\/web\/wp-content\/uploads\/2019\/05\/ASviS_Di-Zio_Milano-2019.jpg","contentUrl":"https:\/\/www.italiaeconomiaonline.it\/web\/wp-content\/uploads\/2019\/05\/ASviS_Di-Zio_Milano-2019.jpg","width":2016,"height":980},{"@type":"BreadcrumbList","@id":"https:\/\/www.italiaeconomiaonline.it\/web\/le-imprese-e-la-finanza-al-governo-acceleriamo-la-transizione-allo-sviluppo-sostenibile\/#breadcrumb","itemListElement":[{"@type":"ListItem","position":1,"name":"Home","item":"https:\/\/www.italiaeconomiaonline.it\/web\/"},{"@type":"ListItem","position":2,"name":"Le imprese e la finanza al Governo: acceleriamo la transizione allo sviluppo sostenibile"}]},{"@type":"WebSite","@id":"https:\/\/www.italiaeconomiaonline.it\/web\/#website","url":"https:\/\/www.italiaeconomiaonline.it\/web\/","name":"ItaliaEconomiaOnline","description":"Quotidiano Economico Online","potentialAction":[{"@type":"SearchAction","target":{"@type":"EntryPoint","urlTemplate":"https:\/\/www.italiaeconomiaonline.it\/web\/?s={search_term_string}"},"query-input":"required name=search_term_string"}],"inLanguage":"it-IT"},{"@type":"Person","@id":"https:\/\/www.italiaeconomiaonline.it\/web\/#\/schema\/person\/909a49cce752523b020fbc37d5ab1c31","name":"ladyitaliaeconomia","image":{"@type":"ImageObject","inLanguage":"it-IT","@id":"https:\/\/www.italiaeconomiaonline.it\/web\/#\/schema\/person\/image\/","url":"https:\/\/secure.gravatar.com\/avatar\/cedca10ce7416a579b9fa6bce9c0a8f2?s=96&d=mm&r=g","contentUrl":"https:\/\/secure.gravatar.com\/avatar\/cedca10ce7416a579b9fa6bce9c0a8f2?s=96&d=mm&r=g","caption":"ladyitaliaeconomia"},"url":"https:\/\/www.italiaeconomiaonline.it\/web\/author\/ladyitaliaeconomia\/"}]}},"_links":{"self":[{"href":"https:\/\/www.italiaeconomiaonline.it\/web\/wp-json\/wp\/v2\/posts\/822"}],"collection":[{"href":"https:\/\/www.italiaeconomiaonline.it\/web\/wp-json\/wp\/v2\/posts"}],"about":[{"href":"https:\/\/www.italiaeconomiaonline.it\/web\/wp-json\/wp\/v2\/types\/post"}],"author":[{"embeddable":true,"href":"https:\/\/www.italiaeconomiaonline.it\/web\/wp-json\/wp\/v2\/users\/1"}],"replies":[{"embeddable":true,"href":"https:\/\/www.italiaeconomiaonline.it\/web\/wp-json\/wp\/v2\/comments?post=822"}],"version-history":[{"count":1,"href":"https:\/\/www.italiaeconomiaonline.it\/web\/wp-json\/wp\/v2\/posts\/822\/revisions"}],"predecessor-version":[{"id":824,"href":"https:\/\/www.italiaeconomiaonline.it\/web\/wp-json\/wp\/v2\/posts\/822\/revisions\/824"}],"wp:featuredmedia":[{"embeddable":true,"href":"https:\/\/www.italiaeconomiaonline.it\/web\/wp-json\/wp\/v2\/media\/823"}],"wp:attachment":[{"href":"https:\/\/www.italiaeconomiaonline.it\/web\/wp-json\/wp\/v2\/media?parent=822"}],"wp:term":[{"taxonomy":"category","embeddable":true,"href":"https:\/\/www.italiaeconomiaonline.it\/web\/wp-json\/wp\/v2\/categories?post=822"},{"taxonomy":"post_tag","embeddable":true,"href":"https:\/\/www.italiaeconomiaonline.it\/web\/wp-json\/wp\/v2\/tags?post=822"}],"curies":[{"name":"wp","href":"https:\/\/api.w.org\/{rel}","templated":true}]}}