{"id":842,"date":"2019-05-30T11:12:52","date_gmt":"2019-05-30T09:12:52","guid":{"rendered":"http:\/\/www.italiaeconomiaonline.it\/web\/?p=842"},"modified":"2019-06-01T15:11:16","modified_gmt":"2019-06-01T13:11:16","slug":"alessio-trani-e-il-nuovo-presidente-di-confagricoltura-lazio","status":"publish","type":"post","link":"https:\/\/www.italiaeconomiaonline.it\/web\/alessio-trani-e-il-nuovo-presidente-di-confagricoltura-lazio\/","title":{"rendered":"Alessio Trani \u00e8 il nuovo presidente di Confagricoltura Lazio"},"content":{"rendered":"<div>\n<p><span class=\"dropcap dropcap3\">E\u2019<\/span> romano per nascita e viterbese per scelta,<strong> Alessio Trani<\/strong>, 53 anni, nuovo presidente di Confagricoltura Lazio, eletto ieri sera dal consiglio della Federazione regionale.<\/p>\n<p>Trani, che conduce l\u2019azienda di famiglia ad indirizzo cerealicolo, olivicolo e corilicolo, in precedenza \u00e8 stato presidente dell\u2019Anga di Viterbo, vicepresidente di Confagricoltura Viterbo Rieti e attualmente \u00e8 anche presidente del Confidi Confagricoltura Viterbo.<\/p>\n<p>\u00abLavoreremo insieme \u2013 ha affermato il neopresidente Trani &#8211;\u00a0 per affrontare le difficolt\u00e0 obiettive che vive l\u2019agricoltura del Lazio, a partire dai ritardi della politica regionale e dei Psr, con l\u2019obiettivo di semplificare la vita dei nostri imprenditori, che gi\u00e0 scontano le calamit\u00e0 e la crisi. Confagricoltura Lazio ha un ruolo importante di supporto ai territori da svolgere per rendere pi\u00f9 efficiente l\u2019intero sistema agricolo regionale. Saremo aperti al confronto con le forze politiche, ma soprattutto attenti alle esigenze delle imprese\u00bb.<\/p>\n<p>Il presidente di Confagricoltura Lazio, nel suo mandato triennale, sar\u00e0 affiancato da due vicepresidenti: Orsola Balducci (RM) e Antonello Lancia (FR) e dal nuovo consiglio cos\u00ec composto: Antonio Parenti (VT \u2013 RI), Pierluigi Silvestri (VT \u2013 RI), Stefano Maria Boschetto (LT), Aurelio Ferrazza (RM), Andrea Virgili (RM), Fabio Corsi (FR), Michele del Gallo (RM), Marco Berardo Di Stefano (LT).<\/p>\n<p>&nbsp;<\/p>\n<\/div>\n<div><strong>\u00a0<\/strong><\/div>\n","protected":false},"excerpt":{"rendered":"<p>E\u2019 romano per nascita e viterbese per scelta, Alessio Trani, 53 anni, nuovo presidente di Confagricoltura Lazio, eletto ieri sera dal consiglio della Federazione regionale. Trani, che conduce l\u2019azienda di famiglia ad indirizzo cerealicolo, olivicolo e corilicolo, in precedenza \u00e8 stato presidente dell\u2019Anga di Viterbo, vicepresidente di Confagricoltura Viterbo Rieti e attualmente \u00e8 anche presidente [&hellip;]<\/p>\n","protected":false},"author":1,"featured_media":843,"comment_status":"closed","ping_status":"open","sticky":false,"template":"","format":"standard","meta":{"footnotes":""},"categories":[224],"tags":[375,376],"yoast_head":"<!-- This site is optimized with the Yoast SEO plugin v22.2 - https:\/\/yoast.com\/wordpress\/plugins\/seo\/ -->\n<title>Alessio Trani \u00e8 il nuovo presidente di Confagricoltura Lazio -<\/title>\n<meta name=\"description\" content=\"E&#039; romano per nascita e viterbese per scelta, Alessio Trani, 53 anni, nuovo presidente di Confagricoltura Lazio, eletto ieri sera dal\" \/>\n<meta name=\"robots\" content=\"index, follow, max-snippet:-1, max-image-preview:large, max-video-preview:-1\" \/>\n<link rel=\"canonical\" href=\"https:\/\/www.italiaeconomiaonline.it\/web\/alessio-trani-e-il-nuovo-presidente-di-confagricoltura-lazio\/\" \/>\n<meta property=\"og:locale\" content=\"it_IT\" \/>\n<meta property=\"og:type\" content=\"article\" \/>\n<meta property=\"og:title\" content=\"Alessio Trani \u00e8 il nuovo presidente di Confagricoltura Lazio -\" \/>\n<meta property=\"og:description\" content=\"E&#039; romano per nascita e viterbese per scelta, Alessio Trani, 53 anni, nuovo presidente di Confagricoltura Lazio, eletto ieri sera dal\" \/>\n<meta property=\"og:url\" content=\"https:\/\/www.italiaeconomiaonline.it\/web\/alessio-trani-e-il-nuovo-presidente-di-confagricoltura-lazio\/\" \/>\n<meta property=\"og:site_name\" content=\"ItaliaEconomiaOnline\" \/>\n<meta property=\"article:published_time\" content=\"2019-05-30T09:12:52+00:00\" \/>\n<meta property=\"article:modified_time\" content=\"2019-06-01T13:11:16+00:00\" \/>\n<meta property=\"og:image\" content=\"https:\/\/www.italiaeconomiaonline.it\/web\/wp-content\/uploads\/2019\/05\/foto_Trani-e1559207534408.jpg\" \/>\n\t<meta property=\"og:image:width\" content=\"2961\" \/>\n\t<meta property=\"og:image:height\" content=\"2430\" \/>\n\t<meta property=\"og:image:type\" content=\"image\/jpeg\" \/>\n<meta name=\"author\" content=\"ladyitaliaeconomia\" \/>\n<meta name=\"twitter:card\" content=\"summary_large_image\" \/>\n<meta name=\"twitter:label1\" content=\"Scritto da\" \/>\n\t<meta name=\"twitter:data1\" content=\"ladyitaliaeconomia\" \/>\n\t<meta name=\"twitter:label2\" content=\"Tempo di lettura stimato\" \/>\n\t<meta name=\"twitter:data2\" content=\"1 minuto\" \/>\n<script type=\"application\/ld+json\" class=\"yoast-schema-graph\">{\"@context\":\"https:\/\/schema.org\",\"@graph\":[{\"@type\":\"WebPage\",\"@id\":\"https:\/\/www.italiaeconomiaonline.it\/web\/alessio-trani-e-il-nuovo-presidente-di-confagricoltura-lazio\/\",\"url\":\"https:\/\/www.italiaeconomiaonline.it\/web\/alessio-trani-e-il-nuovo-presidente-di-confagricoltura-lazio\/\",\"name\":\"Alessio Trani \u00e8 il nuovo presidente di Confagricoltura Lazio -\",\"isPartOf\":{\"@id\":\"https:\/\/www.italiaeconomiaonline.it\/web\/#website\"},\"primaryImageOfPage\":{\"@id\":\"https:\/\/www.italiaeconomiaonline.it\/web\/alessio-trani-e-il-nuovo-presidente-di-confagricoltura-lazio\/#primaryimage\"},\"image\":{\"@id\":\"https:\/\/www.italiaeconomiaonline.it\/web\/alessio-trani-e-il-nuovo-presidente-di-confagricoltura-lazio\/#primaryimage\"},\"thumbnailUrl\":\"https:\/\/www.italiaeconomiaonline.it\/web\/wp-content\/uploads\/2019\/05\/foto_Trani-e1559207534408.jpg\",\"datePublished\":\"2019-05-30T09:12:52+00:00\",\"dateModified\":\"2019-06-01T13:11:16+00:00\",\"author\":{\"@id\":\"https:\/\/www.italiaeconomiaonline.it\/web\/#\/schema\/person\/909a49cce752523b020fbc37d5ab1c31\"},\"description\":\"E' romano per nascita e viterbese per scelta, Alessio Trani, 53 anni, nuovo presidente di Confagricoltura Lazio, eletto ieri sera dal\",\"breadcrumb\":{\"@id\":\"https:\/\/www.italiaeconomiaonline.it\/web\/alessio-trani-e-il-nuovo-presidente-di-confagricoltura-lazio\/#breadcrumb\"},\"inLanguage\":\"it-IT\",\"potentialAction\":[{\"@type\":\"ReadAction\",\"target\":[\"https:\/\/www.italiaeconomiaonline.it\/web\/alessio-trani-e-il-nuovo-presidente-di-confagricoltura-lazio\/\"]}]},{\"@type\":\"ImageObject\",\"inLanguage\":\"it-IT\",\"@id\":\"https:\/\/www.italiaeconomiaonline.it\/web\/alessio-trani-e-il-nuovo-presidente-di-confagricoltura-lazio\/#primaryimage\",\"url\":\"https:\/\/www.italiaeconomiaonline.it\/web\/wp-content\/uploads\/2019\/05\/foto_Trani-e1559207534408.jpg\",\"contentUrl\":\"https:\/\/www.italiaeconomiaonline.it\/web\/wp-content\/uploads\/2019\/05\/foto_Trani-e1559207534408.jpg\",\"width\":2961,\"height\":2430},{\"@type\":\"BreadcrumbList\",\"@id\":\"https:\/\/www.italiaeconomiaonline.it\/web\/alessio-trani-e-il-nuovo-presidente-di-confagricoltura-lazio\/#breadcrumb\",\"itemListElement\":[{\"@type\":\"ListItem\",\"position\":1,\"name\":\"Home\",\"item\":\"https:\/\/www.italiaeconomiaonline.it\/web\/\"},{\"@type\":\"ListItem\",\"position\":2,\"name\":\"Alessio Trani \u00e8 il nuovo presidente di Confagricoltura Lazio\"}]},{\"@type\":\"WebSite\",\"@id\":\"https:\/\/www.italiaeconomiaonline.it\/web\/#website\",\"url\":\"https:\/\/www.italiaeconomiaonline.it\/web\/\",\"name\":\"ItaliaEconomiaOnline\",\"description\":\"Quotidiano Economico Online\",\"potentialAction\":[{\"@type\":\"SearchAction\",\"target\":{\"@type\":\"EntryPoint\",\"urlTemplate\":\"https:\/\/www.italiaeconomiaonline.it\/web\/?s={search_term_string}\"},\"query-input\":\"required name=search_term_string\"}],\"inLanguage\":\"it-IT\"},{\"@type\":\"Person\",\"@id\":\"https:\/\/www.italiaeconomiaonline.it\/web\/#\/schema\/person\/909a49cce752523b020fbc37d5ab1c31\",\"name\":\"ladyitaliaeconomia\",\"image\":{\"@type\":\"ImageObject\",\"inLanguage\":\"it-IT\",\"@id\":\"https:\/\/www.italiaeconomiaonline.it\/web\/#\/schema\/person\/image\/\",\"url\":\"https:\/\/secure.gravatar.com\/avatar\/cedca10ce7416a579b9fa6bce9c0a8f2?s=96&d=mm&r=g\",\"contentUrl\":\"https:\/\/secure.gravatar.com\/avatar\/cedca10ce7416a579b9fa6bce9c0a8f2?s=96&d=mm&r=g\",\"caption\":\"ladyitaliaeconomia\"},\"url\":\"https:\/\/www.italiaeconomiaonline.it\/web\/author\/ladyitaliaeconomia\/\"}]}<\/script>\n<!-- \/ Yoast SEO plugin. -->","yoast_head_json":{"title":"Alessio Trani \u00e8 il nuovo presidente di Confagricoltura Lazio -","description":"E' romano per nascita e viterbese per scelta, Alessio Trani, 53 anni, nuovo presidente di Confagricoltura Lazio, eletto ieri sera dal","robots":{"index":"index","follow":"follow","max-snippet":"max-snippet:-1","max-image-preview":"max-image-preview:large","max-video-preview":"max-video-preview:-1"},"canonical":"https:\/\/www.italiaeconomiaonline.it\/web\/alessio-trani-e-il-nuovo-presidente-di-confagricoltura-lazio\/","og_locale":"it_IT","og_type":"article","og_title":"Alessio Trani \u00e8 il nuovo presidente di Confagricoltura Lazio -","og_description":"E' romano per nascita e viterbese per scelta, Alessio Trani, 53 anni, nuovo presidente di Confagricoltura Lazio, eletto ieri sera dal","og_url":"https:\/\/www.italiaeconomiaonline.it\/web\/alessio-trani-e-il-nuovo-presidente-di-confagricoltura-lazio\/","og_site_name":"ItaliaEconomiaOnline","article_published_time":"2019-05-30T09:12:52+00:00","article_modified_time":"2019-06-01T13:11:16+00:00","og_image":[{"width":2961,"height":2430,"url":"https:\/\/www.italiaeconomiaonline.it\/web\/wp-content\/uploads\/2019\/05\/foto_Trani-e1559207534408.jpg","type":"image\/jpeg"}],"author":"ladyitaliaeconomia","twitter_card":"summary_large_image","twitter_misc":{"Scritto da":"ladyitaliaeconomia","Tempo di lettura stimato":"1 minuto"},"schema":{"@context":"https:\/\/schema.org","@graph":[{"@type":"WebPage","@id":"https:\/\/www.italiaeconomiaonline.it\/web\/alessio-trani-e-il-nuovo-presidente-di-confagricoltura-lazio\/","url":"https:\/\/www.italiaeconomiaonline.it\/web\/alessio-trani-e-il-nuovo-presidente-di-confagricoltura-lazio\/","name":"Alessio Trani \u00e8 il nuovo presidente di Confagricoltura Lazio -","isPartOf":{"@id":"https:\/\/www.italiaeconomiaonline.it\/web\/#website"},"primaryImageOfPage":{"@id":"https:\/\/www.italiaeconomiaonline.it\/web\/alessio-trani-e-il-nuovo-presidente-di-confagricoltura-lazio\/#primaryimage"},"image":{"@id":"https:\/\/www.italiaeconomiaonline.it\/web\/alessio-trani-e-il-nuovo-presidente-di-confagricoltura-lazio\/#primaryimage"},"thumbnailUrl":"https:\/\/www.italiaeconomiaonline.it\/web\/wp-content\/uploads\/2019\/05\/foto_Trani-e1559207534408.jpg","datePublished":"2019-05-30T09:12:52+00:00","dateModified":"2019-06-01T13:11:16+00:00","author":{"@id":"https:\/\/www.italiaeconomiaonline.it\/web\/#\/schema\/person\/909a49cce752523b020fbc37d5ab1c31"},"description":"E' romano per nascita e viterbese per scelta, Alessio Trani, 53 anni, nuovo presidente di Confagricoltura Lazio, eletto ieri sera dal","breadcrumb":{"@id":"https:\/\/www.italiaeconomiaonline.it\/web\/alessio-trani-e-il-nuovo-presidente-di-confagricoltura-lazio\/#breadcrumb"},"inLanguage":"it-IT","potentialAction":[{"@type":"ReadAction","target":["https:\/\/www.italiaeconomiaonline.it\/web\/alessio-trani-e-il-nuovo-presidente-di-confagricoltura-lazio\/"]}]},{"@type":"ImageObject","inLanguage":"it-IT","@id":"https:\/\/www.italiaeconomiaonline.it\/web\/alessio-trani-e-il-nuovo-presidente-di-confagricoltura-lazio\/#primaryimage","url":"https:\/\/www.italiaeconomiaonline.it\/web\/wp-content\/uploads\/2019\/05\/foto_Trani-e1559207534408.jpg","contentUrl":"https:\/\/www.italiaeconomiaonline.it\/web\/wp-content\/uploads\/2019\/05\/foto_Trani-e1559207534408.jpg","width":2961,"height":2430},{"@type":"BreadcrumbList","@id":"https:\/\/www.italiaeconomiaonline.it\/web\/alessio-trani-e-il-nuovo-presidente-di-confagricoltura-lazio\/#breadcrumb","itemListElement":[{"@type":"ListItem","position":1,"name":"Home","item":"https:\/\/www.italiaeconomiaonline.it\/web\/"},{"@type":"ListItem","position":2,"name":"Alessio Trani \u00e8 il nuovo presidente di Confagricoltura Lazio"}]},{"@type":"WebSite","@id":"https:\/\/www.italiaeconomiaonline.it\/web\/#website","url":"https:\/\/www.italiaeconomiaonline.it\/web\/","name":"ItaliaEconomiaOnline","description":"Quotidiano Economico Online","potentialAction":[{"@type":"SearchAction","target":{"@type":"EntryPoint","urlTemplate":"https:\/\/www.italiaeconomiaonline.it\/web\/?s={search_term_string}"},"query-input":"required name=search_term_string"}],"inLanguage":"it-IT"},{"@type":"Person","@id":"https:\/\/www.italiaeconomiaonline.it\/web\/#\/schema\/person\/909a49cce752523b020fbc37d5ab1c31","name":"ladyitaliaeconomia","image":{"@type":"ImageObject","inLanguage":"it-IT","@id":"https:\/\/www.italiaeconomiaonline.it\/web\/#\/schema\/person\/image\/","url":"https:\/\/secure.gravatar.com\/avatar\/cedca10ce7416a579b9fa6bce9c0a8f2?s=96&d=mm&r=g","contentUrl":"https:\/\/secure.gravatar.com\/avatar\/cedca10ce7416a579b9fa6bce9c0a8f2?s=96&d=mm&r=g","caption":"ladyitaliaeconomia"},"url":"https:\/\/www.italiaeconomiaonline.it\/web\/author\/ladyitaliaeconomia\/"}]}},"_links":{"self":[{"href":"https:\/\/www.italiaeconomiaonline.it\/web\/wp-json\/wp\/v2\/posts\/842"}],"collection":[{"href":"https:\/\/www.italiaeconomiaonline.it\/web\/wp-json\/wp\/v2\/posts"}],"about":[{"href":"https:\/\/www.italiaeconomiaonline.it\/web\/wp-json\/wp\/v2\/types\/post"}],"author":[{"embeddable":true,"href":"https:\/\/www.italiaeconomiaonline.it\/web\/wp-json\/wp\/v2\/users\/1"}],"replies":[{"embeddable":true,"href":"https:\/\/www.italiaeconomiaonline.it\/web\/wp-json\/wp\/v2\/comments?post=842"}],"version-history":[{"count":1,"href":"https:\/\/www.italiaeconomiaonline.it\/web\/wp-json\/wp\/v2\/posts\/842\/revisions"}],"predecessor-version":[{"id":844,"href":"https:\/\/www.italiaeconomiaonline.it\/web\/wp-json\/wp\/v2\/posts\/842\/revisions\/844"}],"wp:featuredmedia":[{"embeddable":true,"href":"https:\/\/www.italiaeconomiaonline.it\/web\/wp-json\/wp\/v2\/media\/843"}],"wp:attachment":[{"href":"https:\/\/www.italiaeconomiaonline.it\/web\/wp-json\/wp\/v2\/media?parent=842"}],"wp:term":[{"taxonomy":"category","embeddable":true,"href":"https:\/\/www.italiaeconomiaonline.it\/web\/wp-json\/wp\/v2\/categories?post=842"},{"taxonomy":"post_tag","embeddable":true,"href":"https:\/\/www.italiaeconomiaonline.it\/web\/wp-json\/wp\/v2\/tags?post=842"}],"curies":[{"name":"wp","href":"https:\/\/api.w.org\/{rel}","templated":true}]}}