{"id":847,"date":"2019-06-01T15:15:51","date_gmt":"2019-06-01T13:15:51","guid":{"rendered":"http:\/\/www.italiaeconomiaonline.it\/web\/?p=847"},"modified":"2019-06-01T16:28:09","modified_gmt":"2019-06-01T14:28:09","slug":"deloitte-premia-il-gruppo-ebano-tra-le-best-managed-companies-italiane","status":"publish","type":"post","link":"https:\/\/www.italiaeconomiaonline.it\/web\/deloitte-premia-il-gruppo-ebano-tra-le-best-managed-companies-italiane\/","title":{"rendered":"Deloitte premia il Gruppo Ebano tra le Best Managed Companies italiane"},"content":{"rendered":"<p><span style=\"font-family: garamond, times new roman, serif; font-size: large;\"><span class=\"dropcap dropcap3\">D<\/span>eloitte premia a Milano nella sede di Borsa Italiana il Gruppo Ebano tra le Best Managed Companies italiane. <\/span><\/p>\n<p><span style=\"font-family: garamond, times new roman, serif; font-size: large;\">L&#8217;azienda fondata e presieduta dall&#8217;imprenditore Carlo Robiglio \u00e8 tra i leader in Italia sulla formazione a distanza ed opera anche nell&#8217;editoria, nella comunicazione e nel marketing caratterizzando tutta l&#8217;offerta per il suo approccio innovativo. <\/span><\/p>\n<p><span style=\"font-family: garamond, times new roman, serif; font-size: large;\">Con 8 societ\u00e0 controllate, 15 partnership produttive, pi\u00f9 di 250 dipendenti e collaboratori, una clientela media annuale che ormai supera le seimila unit\u00e0 per il solo business della Formazione a distanza, la holding ha visto lievitare in sei anni i ricavi complessivi dell\u2019800% e ha supportato un piano di crescita per linee interne ed esterne con investimenti nel solo 2018 di 700 mila euro.<\/span><\/p>\n<p><span style=\"font-family: garamond, times new roman, serif; font-size: large;\"><br \/>\nTra i punti di forza c\u2019\u00e8 la controllata Cef Publishing, realt\u00e0 che opera nella progettazione, realizzazione ed erogazione di corsi professionali attraverso modalit\u00e0 Fad (formazione a distanza) ed e-learning, in ambiti come il socio assistenziale, l\u2019animal care, il food, l\u2019estetica e il benessere.<\/span><\/p>\n<p><span style=\"font-family: garamond, times new roman, serif; font-size: large;\"><br \/>\nIl Premio \u201cDeloitte Best Managed Companies\u201d (BMC) \u00e8 il riconoscimento rivolto alle aziende che si sono distinte per strategia, competenze, impegno verso le persone e performance. <\/span><\/p>\n<p><span style=\"font-family: garamond, times new roman, serif; font-size: large;\">Le aziende sono state premiate in Borsa Italiana (Palazzo Mezzanotte, Milano) nell\u2019ambito dell\u2019iniziativa di Deloitte sostenuta da ALTIS Universit\u00e0 Cattolica, da ELITE &#8211; il progetto del London Stock Exchange Group che supporta lo sviluppo e la crescita delle imprese ad alto potenziale &#8211; e da Confindustria.<\/span><\/p>\n<p>&#8220;Questo premio- dichiara Carlo Robiglio- rappresenta, non solo per me, imprenditore di prima generazione, ma per la nostra grande comunit\u00e0 costituita dell\u2019insieme di tutti i suoi collaboratori, una grande soddisfazione e un riconoscimento per un impegno di oltre venticinque anni, fatto di sacrifici e costellato di momento difficili e un nuovo punto di partenza. L\u2019attenzione alla persona e al territorio, ieri come oggi, sono e restano i punti cardine del nostro impegno e il driver competitivo del nostro gruppo&#8221;.<\/p>\n<p>\u201cLa storia di Ebano- spiega Carlo Robiglio- ha radici profonde e ha inizio con l\u2019idea, nata intorno ai primi anni novanta, di dar vita ad una iniziativa imprenditoriale nel mondo dell\u2019editoria e della cultura che potesse, in primo luogo, valorizzare la storia, le tradizioni e i valori di un territorio. La formazione continua insieme agli investimenti in ricerca e innovazione rappresentano i pilastri strategici per la nostra crescita.<\/p>\n<p>Espandiamo il nostro raggio d\u2019azione secondo un modello verticale, sviluppando le competenze acquisite\u201d, continua Robiglio. \u201cCos\u00ec, dopo la realizzazione di corsi di cucina siamo passati al social eating, dalla formazione per addestratori di cani abbiamo ampliato l\u2019attivit\u00e0 alla vendita ecommerce di prodotti pet e alla gestione di un\u2019apposita piattaforma per promuovere modelli di sharing economy per i possessori di animali da compagnia\u201d.<\/p>\n<p>Ebano si offre come interlocutore dell\u2019azienda partner per progettare e gestire a 360 gradi servizi in outsourcing, portando efficienza e profitto all\u2019insieme di attivit\u00e0 che, nella catena del valore di un\u2019impresa, coinvolgono il rapporto con i propri stakeholders.<\/p>\n<p><span style=\"font-family: garamond, times new roman, serif; font-size: large;\"><br \/>\nIl Gruppo Ebano tramite Cef Publishing \u00e8 anche in Elite, il programma internazionale nato in Borsa Italiana nel 2012 in collaborazione con Confindustria e dedicato alle aziende pi\u00f9 ambiziose, con un modello di business solido ed una chiara strategia di crescita ed \u00e8 un&#8217;azienda fortemente impegnata nel sociale e nella sostenibilit\u00e0. <\/span><\/p>\n<p><span style=\"font-family: garamond, times new roman, serif; font-size: large;\">La politica aziendale del Gruppo Ebano, volta a perseguire alti standard in termini\u2028di sostenibilit\u00e0 e impatto sociale, ha permesso, attraverso la partecipata Cef Publishing, di ottenere la Certificazione b Corp\u00ae, rilasciata dalla B Corporation, l\u2019ente non-profit americano.<\/span><\/p>\n","protected":false},"excerpt":{"rendered":"<p>Deloitte premia a Milano nella sede di Borsa Italiana il Gruppo Ebano tra le Best Managed Companies italiane. L&#8217;azienda fondata e presieduta dall&#8217;imprenditore Carlo Robiglio \u00e8 tra i leader in Italia sulla formazione a distanza ed opera anche nell&#8217;editoria, nella comunicazione e nel marketing caratterizzando tutta l&#8217;offerta per il suo approccio innovativo. Con 8 societ\u00e0 [&hellip;]<\/p>\n","protected":false},"author":1,"featured_media":654,"comment_status":"closed","ping_status":"open","sticky":false,"template":"","format":"standard","meta":{"footnotes":""},"categories":[224],"tags":[152,251,377,378,250],"yoast_head":"<!-- This site is optimized with the Yoast SEO plugin v22.2 - https:\/\/yoast.com\/wordpress\/plugins\/seo\/ -->\n<title>Deloitte premia il Gruppo Ebano tra le Best Managed Companies italiane -<\/title>\n<meta name=\"robots\" content=\"index, follow, max-snippet:-1, max-image-preview:large, max-video-preview:-1\" \/>\n<link rel=\"canonical\" href=\"https:\/\/www.italiaeconomiaonline.it\/web\/deloitte-premia-il-gruppo-ebano-tra-le-best-managed-companies-italiane\/\" \/>\n<meta property=\"og:locale\" content=\"it_IT\" \/>\n<meta property=\"og:type\" content=\"article\" \/>\n<meta property=\"og:title\" content=\"Deloitte premia il Gruppo Ebano tra le Best Managed Companies italiane -\" \/>\n<meta property=\"og:description\" content=\"Deloitte premia a Milano nella sede di Borsa Italiana il Gruppo Ebano tra le Best Managed Companies italiane. L&#8217;azienda fondata e presieduta dall&#8217;imprenditore Carlo Robiglio \u00e8 tra i leader in Italia sulla formazione a distanza ed opera anche nell&#8217;editoria, nella comunicazione e nel marketing caratterizzando tutta l&#8217;offerta per il suo approccio innovativo. Con 8 societ\u00e0 [&hellip;]\" \/>\n<meta property=\"og:url\" content=\"https:\/\/www.italiaeconomiaonline.it\/web\/deloitte-premia-il-gruppo-ebano-tra-le-best-managed-companies-italiane\/\" \/>\n<meta property=\"og:site_name\" content=\"ItaliaEconomiaOnline\" \/>\n<meta property=\"article:published_time\" content=\"2019-06-01T13:15:51+00:00\" \/>\n<meta property=\"article:modified_time\" content=\"2019-06-01T14:28:09+00:00\" \/>\n<meta property=\"og:image\" content=\"https:\/\/www.italiaeconomiaonline.it\/web\/wp-content\/uploads\/2019\/05\/Carlo-Robbiglio-a-Connext--1024x682.jpg\" \/>\n\t<meta property=\"og:image:width\" content=\"1024\" \/>\n\t<meta property=\"og:image:height\" content=\"682\" \/>\n\t<meta property=\"og:image:type\" content=\"image\/jpeg\" \/>\n<meta name=\"author\" content=\"ladyitaliaeconomia\" \/>\n<meta name=\"twitter:card\" content=\"summary_large_image\" \/>\n<meta name=\"twitter:label1\" content=\"Scritto da\" \/>\n\t<meta name=\"twitter:data1\" content=\"ladyitaliaeconomia\" \/>\n\t<meta name=\"twitter:label2\" content=\"Tempo di lettura stimato\" \/>\n\t<meta name=\"twitter:data2\" content=\"3 minuti\" \/>\n<script type=\"application\/ld+json\" class=\"yoast-schema-graph\">{\"@context\":\"https:\/\/schema.org\",\"@graph\":[{\"@type\":\"WebPage\",\"@id\":\"https:\/\/www.italiaeconomiaonline.it\/web\/deloitte-premia-il-gruppo-ebano-tra-le-best-managed-companies-italiane\/\",\"url\":\"https:\/\/www.italiaeconomiaonline.it\/web\/deloitte-premia-il-gruppo-ebano-tra-le-best-managed-companies-italiane\/\",\"name\":\"Deloitte premia il Gruppo Ebano tra le Best Managed Companies italiane -\",\"isPartOf\":{\"@id\":\"https:\/\/www.italiaeconomiaonline.it\/web\/#website\"},\"primaryImageOfPage\":{\"@id\":\"https:\/\/www.italiaeconomiaonline.it\/web\/deloitte-premia-il-gruppo-ebano-tra-le-best-managed-companies-italiane\/#primaryimage\"},\"image\":{\"@id\":\"https:\/\/www.italiaeconomiaonline.it\/web\/deloitte-premia-il-gruppo-ebano-tra-le-best-managed-companies-italiane\/#primaryimage\"},\"thumbnailUrl\":\"https:\/\/www.italiaeconomiaonline.it\/web\/wp-content\/uploads\/2019\/05\/Carlo-Robbiglio-a-Connext-.jpg\",\"datePublished\":\"2019-06-01T13:15:51+00:00\",\"dateModified\":\"2019-06-01T14:28:09+00:00\",\"author\":{\"@id\":\"https:\/\/www.italiaeconomiaonline.it\/web\/#\/schema\/person\/909a49cce752523b020fbc37d5ab1c31\"},\"breadcrumb\":{\"@id\":\"https:\/\/www.italiaeconomiaonline.it\/web\/deloitte-premia-il-gruppo-ebano-tra-le-best-managed-companies-italiane\/#breadcrumb\"},\"inLanguage\":\"it-IT\",\"potentialAction\":[{\"@type\":\"ReadAction\",\"target\":[\"https:\/\/www.italiaeconomiaonline.it\/web\/deloitte-premia-il-gruppo-ebano-tra-le-best-managed-companies-italiane\/\"]}]},{\"@type\":\"ImageObject\",\"inLanguage\":\"it-IT\",\"@id\":\"https:\/\/www.italiaeconomiaonline.it\/web\/deloitte-premia-il-gruppo-ebano-tra-le-best-managed-companies-italiane\/#primaryimage\",\"url\":\"https:\/\/www.italiaeconomiaonline.it\/web\/wp-content\/uploads\/2019\/05\/Carlo-Robbiglio-a-Connext-.jpg\",\"contentUrl\":\"https:\/\/www.italiaeconomiaonline.it\/web\/wp-content\/uploads\/2019\/05\/Carlo-Robbiglio-a-Connext-.jpg\",\"width\":4928,\"height\":3280},{\"@type\":\"BreadcrumbList\",\"@id\":\"https:\/\/www.italiaeconomiaonline.it\/web\/deloitte-premia-il-gruppo-ebano-tra-le-best-managed-companies-italiane\/#breadcrumb\",\"itemListElement\":[{\"@type\":\"ListItem\",\"position\":1,\"name\":\"Home\",\"item\":\"https:\/\/www.italiaeconomiaonline.it\/web\/\"},{\"@type\":\"ListItem\",\"position\":2,\"name\":\"Deloitte premia il Gruppo Ebano tra le Best Managed Companies italiane\"}]},{\"@type\":\"WebSite\",\"@id\":\"https:\/\/www.italiaeconomiaonline.it\/web\/#website\",\"url\":\"https:\/\/www.italiaeconomiaonline.it\/web\/\",\"name\":\"ItaliaEconomiaOnline\",\"description\":\"Quotidiano Economico Online\",\"potentialAction\":[{\"@type\":\"SearchAction\",\"target\":{\"@type\":\"EntryPoint\",\"urlTemplate\":\"https:\/\/www.italiaeconomiaonline.it\/web\/?s={search_term_string}\"},\"query-input\":\"required name=search_term_string\"}],\"inLanguage\":\"it-IT\"},{\"@type\":\"Person\",\"@id\":\"https:\/\/www.italiaeconomiaonline.it\/web\/#\/schema\/person\/909a49cce752523b020fbc37d5ab1c31\",\"name\":\"ladyitaliaeconomia\",\"image\":{\"@type\":\"ImageObject\",\"inLanguage\":\"it-IT\",\"@id\":\"https:\/\/www.italiaeconomiaonline.it\/web\/#\/schema\/person\/image\/\",\"url\":\"https:\/\/secure.gravatar.com\/avatar\/cedca10ce7416a579b9fa6bce9c0a8f2?s=96&d=mm&r=g\",\"contentUrl\":\"https:\/\/secure.gravatar.com\/avatar\/cedca10ce7416a579b9fa6bce9c0a8f2?s=96&d=mm&r=g\",\"caption\":\"ladyitaliaeconomia\"},\"url\":\"https:\/\/www.italiaeconomiaonline.it\/web\/author\/ladyitaliaeconomia\/\"}]}<\/script>\n<!-- \/ Yoast SEO plugin. -->","yoast_head_json":{"title":"Deloitte premia il Gruppo Ebano tra le Best Managed Companies italiane -","robots":{"index":"index","follow":"follow","max-snippet":"max-snippet:-1","max-image-preview":"max-image-preview:large","max-video-preview":"max-video-preview:-1"},"canonical":"https:\/\/www.italiaeconomiaonline.it\/web\/deloitte-premia-il-gruppo-ebano-tra-le-best-managed-companies-italiane\/","og_locale":"it_IT","og_type":"article","og_title":"Deloitte premia il Gruppo Ebano tra le Best Managed Companies italiane -","og_description":"Deloitte premia a Milano nella sede di Borsa Italiana il Gruppo Ebano tra le Best Managed Companies italiane. L&#8217;azienda fondata e presieduta dall&#8217;imprenditore Carlo Robiglio \u00e8 tra i leader in Italia sulla formazione a distanza ed opera anche nell&#8217;editoria, nella comunicazione e nel marketing caratterizzando tutta l&#8217;offerta per il suo approccio innovativo. Con 8 societ\u00e0 [&hellip;]","og_url":"https:\/\/www.italiaeconomiaonline.it\/web\/deloitte-premia-il-gruppo-ebano-tra-le-best-managed-companies-italiane\/","og_site_name":"ItaliaEconomiaOnline","article_published_time":"2019-06-01T13:15:51+00:00","article_modified_time":"2019-06-01T14:28:09+00:00","og_image":[{"width":1024,"height":682,"url":"https:\/\/www.italiaeconomiaonline.it\/web\/wp-content\/uploads\/2019\/05\/Carlo-Robbiglio-a-Connext--1024x682.jpg","type":"image\/jpeg"}],"author":"ladyitaliaeconomia","twitter_card":"summary_large_image","twitter_misc":{"Scritto da":"ladyitaliaeconomia","Tempo di lettura stimato":"3 minuti"},"schema":{"@context":"https:\/\/schema.org","@graph":[{"@type":"WebPage","@id":"https:\/\/www.italiaeconomiaonline.it\/web\/deloitte-premia-il-gruppo-ebano-tra-le-best-managed-companies-italiane\/","url":"https:\/\/www.italiaeconomiaonline.it\/web\/deloitte-premia-il-gruppo-ebano-tra-le-best-managed-companies-italiane\/","name":"Deloitte premia il Gruppo Ebano tra le Best Managed Companies italiane -","isPartOf":{"@id":"https:\/\/www.italiaeconomiaonline.it\/web\/#website"},"primaryImageOfPage":{"@id":"https:\/\/www.italiaeconomiaonline.it\/web\/deloitte-premia-il-gruppo-ebano-tra-le-best-managed-companies-italiane\/#primaryimage"},"image":{"@id":"https:\/\/www.italiaeconomiaonline.it\/web\/deloitte-premia-il-gruppo-ebano-tra-le-best-managed-companies-italiane\/#primaryimage"},"thumbnailUrl":"https:\/\/www.italiaeconomiaonline.it\/web\/wp-content\/uploads\/2019\/05\/Carlo-Robbiglio-a-Connext-.jpg","datePublished":"2019-06-01T13:15:51+00:00","dateModified":"2019-06-01T14:28:09+00:00","author":{"@id":"https:\/\/www.italiaeconomiaonline.it\/web\/#\/schema\/person\/909a49cce752523b020fbc37d5ab1c31"},"breadcrumb":{"@id":"https:\/\/www.italiaeconomiaonline.it\/web\/deloitte-premia-il-gruppo-ebano-tra-le-best-managed-companies-italiane\/#breadcrumb"},"inLanguage":"it-IT","potentialAction":[{"@type":"ReadAction","target":["https:\/\/www.italiaeconomiaonline.it\/web\/deloitte-premia-il-gruppo-ebano-tra-le-best-managed-companies-italiane\/"]}]},{"@type":"ImageObject","inLanguage":"it-IT","@id":"https:\/\/www.italiaeconomiaonline.it\/web\/deloitte-premia-il-gruppo-ebano-tra-le-best-managed-companies-italiane\/#primaryimage","url":"https:\/\/www.italiaeconomiaonline.it\/web\/wp-content\/uploads\/2019\/05\/Carlo-Robbiglio-a-Connext-.jpg","contentUrl":"https:\/\/www.italiaeconomiaonline.it\/web\/wp-content\/uploads\/2019\/05\/Carlo-Robbiglio-a-Connext-.jpg","width":4928,"height":3280},{"@type":"BreadcrumbList","@id":"https:\/\/www.italiaeconomiaonline.it\/web\/deloitte-premia-il-gruppo-ebano-tra-le-best-managed-companies-italiane\/#breadcrumb","itemListElement":[{"@type":"ListItem","position":1,"name":"Home","item":"https:\/\/www.italiaeconomiaonline.it\/web\/"},{"@type":"ListItem","position":2,"name":"Deloitte premia il Gruppo Ebano tra le Best Managed Companies italiane"}]},{"@type":"WebSite","@id":"https:\/\/www.italiaeconomiaonline.it\/web\/#website","url":"https:\/\/www.italiaeconomiaonline.it\/web\/","name":"ItaliaEconomiaOnline","description":"Quotidiano Economico Online","potentialAction":[{"@type":"SearchAction","target":{"@type":"EntryPoint","urlTemplate":"https:\/\/www.italiaeconomiaonline.it\/web\/?s={search_term_string}"},"query-input":"required name=search_term_string"}],"inLanguage":"it-IT"},{"@type":"Person","@id":"https:\/\/www.italiaeconomiaonline.it\/web\/#\/schema\/person\/909a49cce752523b020fbc37d5ab1c31","name":"ladyitaliaeconomia","image":{"@type":"ImageObject","inLanguage":"it-IT","@id":"https:\/\/www.italiaeconomiaonline.it\/web\/#\/schema\/person\/image\/","url":"https:\/\/secure.gravatar.com\/avatar\/cedca10ce7416a579b9fa6bce9c0a8f2?s=96&d=mm&r=g","contentUrl":"https:\/\/secure.gravatar.com\/avatar\/cedca10ce7416a579b9fa6bce9c0a8f2?s=96&d=mm&r=g","caption":"ladyitaliaeconomia"},"url":"https:\/\/www.italiaeconomiaonline.it\/web\/author\/ladyitaliaeconomia\/"}]}},"_links":{"self":[{"href":"https:\/\/www.italiaeconomiaonline.it\/web\/wp-json\/wp\/v2\/posts\/847"}],"collection":[{"href":"https:\/\/www.italiaeconomiaonline.it\/web\/wp-json\/wp\/v2\/posts"}],"about":[{"href":"https:\/\/www.italiaeconomiaonline.it\/web\/wp-json\/wp\/v2\/types\/post"}],"author":[{"embeddable":true,"href":"https:\/\/www.italiaeconomiaonline.it\/web\/wp-json\/wp\/v2\/users\/1"}],"replies":[{"embeddable":true,"href":"https:\/\/www.italiaeconomiaonline.it\/web\/wp-json\/wp\/v2\/comments?post=847"}],"version-history":[{"count":2,"href":"https:\/\/www.italiaeconomiaonline.it\/web\/wp-json\/wp\/v2\/posts\/847\/revisions"}],"predecessor-version":[{"id":863,"href":"https:\/\/www.italiaeconomiaonline.it\/web\/wp-json\/wp\/v2\/posts\/847\/revisions\/863"}],"wp:featuredmedia":[{"embeddable":true,"href":"https:\/\/www.italiaeconomiaonline.it\/web\/wp-json\/wp\/v2\/media\/654"}],"wp:attachment":[{"href":"https:\/\/www.italiaeconomiaonline.it\/web\/wp-json\/wp\/v2\/media?parent=847"}],"wp:term":[{"taxonomy":"category","embeddable":true,"href":"https:\/\/www.italiaeconomiaonline.it\/web\/wp-json\/wp\/v2\/categories?post=847"},{"taxonomy":"post_tag","embeddable":true,"href":"https:\/\/www.italiaeconomiaonline.it\/web\/wp-json\/wp\/v2\/tags?post=847"}],"curies":[{"name":"wp","href":"https:\/\/api.w.org\/{rel}","templated":true}]}}