{"id":857,"date":"2019-06-01T16:02:02","date_gmt":"2019-06-01T14:02:02","guid":{"rendered":"http:\/\/www.italiaeconomiaonline.it\/web\/?p=857"},"modified":"2019-06-01T16:04:06","modified_gmt":"2019-06-01T14:04:06","slug":"infortuni-e-malattie-professionali-i-dati-inail-del-primo-quadrimestre-2019","status":"publish","type":"post","link":"https:\/\/www.italiaeconomiaonline.it\/web\/infortuni-e-malattie-professionali-i-dati-inail-del-primo-quadrimestre-2019\/","title":{"rendered":"Infortuni e malattie professionali, i dati Inail del primo quadrimestre 2019"},"content":{"rendered":"<div class=\"content\">\n<p><span class=\"dropcap dropcap3\"> N<\/span>ella sezione \u201cOpen data\u201d del sito Inail sono disponibili i dati analitici delle denunce di infortunio \u2013 nel complesso e con esito mortale \u2013 e di malattia professionale presentate all\u2019Istituto entro il mese di aprile.<\/p>\n<p>Nella stessa sezione sono pubblicate anche le tabelle del \u201cmodello di lettura\u201d con i confronti \u201cdi mese\u201d (aprile 2019 vs aprile 2018) e \u201cdi periodo\u201d (gennaio-aprile 2019 vs gennaio-aprile 2018).<\/p>\n<p>Gli open data pubblicati sono provvisori e il loro confronto richiede cautele, in particolare rispetto all\u2019andamento degli infortuni con esito mortale, soggetto all\u2019effetto distorsivo di \u201cpunte occasionali\u201d e dei tempi di trattazione delle pratiche.<\/p>\n<p>Per quantificare il fenomeno, comprensivo anche dei casi accertati positivamente dall\u2019Istituto, sar\u00e0 quindi necessario attendere il consolidamento dei dati dell\u2019intero 2019, con la conclusione dell\u2019iter amministrativo e sanitario relativo a ogni denuncia.<\/p>\n<p>Nel numero complessivo degli infortuni sono incluse anche le comunicazioni obbligatorie effettuate ai soli fini statistici e informativi da tutti i datori di lavoro e i loro intermediari, compresi i datori di lavoro privati di lavoratori assicurati presso altri enti o con polizze private, degli infortuni che comportano un\u2019assenza dal lavoro di almeno un giorno, escluso quello dell\u2019evento.<\/p>\n<p><strong>DENUNCE DI INFORTUNIO<\/strong><\/p>\n<p>Le denunce di infortunio presentate all\u2019Inail entro lo scorso mese di aprile sono state 210.720, in aumento di circa 4.900 casi (+2,4%) rispetto alle 205.826 del primo quadrimestre del 2018.<\/p>\n<p>I dati rilevati al 30 aprile di ciascun anno evidenziano a livello nazionale un incremento sia dei casi avvenuti in occasione di lavoro, passati da 177.216 a 180.311 (+1,7%), sia di quelli in itinere, occorsi cio\u00e8 nel tragitto di andata e ritorno tra l\u2019abitazione e il posto di lavoro, che hanno fatto registrare un incremento pari al 6,3%, da 28.610 a 30.409.<\/p>\n<p>Ad aprile 2019 il numero degli infortuni sul lavoro denunciati \u00e8 aumentato dell\u20191,2% nella gestione Industria e servizi (dai 153.737 casi del 2018 ai 155.588 del 2019), del 5,8% in Agricoltura (da 9.641 a 10.199) e del 5,9% nel Conto Stato (da 42.448 a 44.933).<\/p>\n<p>L\u2019analisi a livello territoriale evidenzia un aumento delle denunce di infortunio in tutte le ripartizioni geografiche: Nord-Ovest (+2,0%), Nord-Est (+3,2%), Centro (+3,1%), Sud (+0,9%) e Isole (+1,1%).<\/p>\n<p>Tra le regioni che hanno fatto registrare gli incrementi percentuali maggiori spiccano l\u2019Umbria (+8,6%), la provincia autonoma di Bolzano (+5,3%), il Veneto (+4,4%) e la Sardegna (+4,2%),<span class=\"td_btn td_btn_md td_default_btn\"> mentre i decrementi riguardano la Valle d\u2019Aosta (-5,3%), la provincia autonoma di Trento (-4,5%) e, con cali inferiori, Abruzzo, Calabria e Sicilia.<\/span><\/p>\n<p>L\u2019aumento che emerge dal confronto dei primi quadrimestri del 2018 e del 2019 \u00e8 legato sia alla componente maschile, che registra un +2,2% (da 129.998 a 132.811 denunce), sia a quella femminile, con un +2,7% (da 75.828 a 77.909).<\/p>\n<p>L\u2019incremento percentuale \u00e8 stato maggiore per i lavoratori extracomunitari (+6,2%, da 23.695 a 25.167 infortuni denunciati), seguiti da quelli italiani (+1,9%, da 174.449 a 177.766) e comunitari (+1,3%, da 7.681 a 7.784).<\/p>\n<p>Dall\u2019analisi per classi di et\u00e0 emergono aumenti generalizzati in tutte le fasce, con l\u2019unica eccezione di quella centrale, compresa tra i 35 e i 49 anni, che registra una flessione dell\u20191,7%.<\/p>\n<p><strong>CASI MORTALI<\/strong><\/p>\n<p>Le denunce di infortunio sul lavoro con esito mortale presentate all\u2019Istituto entro il mese di aprile sono state 303, 17 in pi\u00f9 rispetto al primo quadrimestre 2018 (+5,9%).<\/p>\n<p>A livello nazionale, i dati rilevati al 30 aprile di ciascun anno evidenziano 14 denunce in pi\u00f9 di casi mortali avvenuti in occasione di lavoro (da 190 a 204) e tre in pi\u00f9 di quelli occorsi in itinere (da 96 a 99).<\/p>\n<p>A livello gestionale, l\u2019Agricoltura ha registrato un aumento di 12 denunce (da 21 a 33) e l\u2019Industria e servizi di nove (da 259 a 268), a fronte di quattro casi in meno nel Conto Stato (da 6 a 2).<\/p>\n<p>Dall\u2019analisi territoriale emerge un aumento dei casi mortali solo al Centro e nel Meridione del Paese: 15 in pi\u00f9 al Centro (da 54 a 69), 17 in pi\u00f9 al Sud (da 47 a 64) e nove in pi\u00f9 nelle Isole (da 21 a 30).<\/p>\n<p>Nel Settentrione si rileva invece una diminuzione sia nel Nord-Est (da 80 a 61) che nel Nord-Ovest (da 84 a 79). A livello regionale, spiccano i 10 casi mortali in pi\u00f9 denunciati in Puglia e Sicilia e gli 11 in meno in Veneto.<\/p>\n<p>L\u2019analisi di genere ha mostrato,\u00a0 tra il primo quadrimestre del 2019 e del 2018, un andamento opposto tra i due sessi: 29 casi mortali in pi\u00f9 per gli uomini (da 248 a 277) e 12 in meno per le donne (da 38 a 26).<\/p>\n<p>In aumento le denunce di infortuni con esito mortale sia dei lavoratori italiani (da 241 a 247), sia di quelli comunitari (da 16 a 24) ed extracomunitari (da 29 a 32). Dall\u2019analisi per classi di et\u00e0 emergono incrementi nella fascia 45-54 anni (+35 casi) e in quella 20-29 anni (+14), a fronte di cali generalizzati nelle altre fasce.<\/p>\n<p>In entrambi i primi quadrimestri del 2018 e del 2019 sono avvenuti sette incidenti \u201cplurimi\u201d, espressione che indica gli eventi che causano la morte di almeno due lavoratori, con 18 vittime tra gennaio e aprile dell\u2019anno scorso e 14 nei primi quattro mesi del 2019. In particolare, i sette incidenti plurimi avvenuti quest\u2019anno \u2013 tre dei quali in Emilia Romagna \u2013 sono stati tutti stradali.<\/p>\n<p><strong>DENUNCE DI MALATTIA PROFESSIONALE<\/strong><\/p>\n<p>Le denunce di malattia professionale protocollate dall\u2019Inail nel primo quadrimestre del 2019 sono state 21.224, 164 in pi\u00f9 rispetto allo stesso periodo del 2018 (+0,8%).<\/p>\n<p>Le patologie denunciate sono aumentate solo nella gestione Industria e servizi, da 16.526 a 16.830 (+1,8%), mentre sono diminuite in Agricoltura, da 4.275 a 4.172 (-2,4%), e nel Conto Stato, da 259 a 222 (-14,3%).<\/p>\n<p>A livello territoriale, l\u2019aumento ha riguardato solo il Centro e il Sud\u00a0 (+1,9% per entrambi) e le Isole (+1,8%). Nel Nord-Est e Nord-Ovest, invece, i cali sono stati pari, rispettivamente, all\u20191,8% e all\u20191,0%.<\/p>\n<p>In ottica di genere si rilevano 212 denunce di malattia professionale in pi\u00f9 per le lavoratrici, da 5.563 a 5.775 (+3,8%), e 48 in meno per i lavoratori, da 15.497 a 15.449 (-0,3%).<\/p>\n<p>In diminuzione anche le denunce dei lavoratori italiani, che sono passate da 19.762 a 19.732 (-0,2%), mentre sono aumentate quelle dei comunitari, da 424 a 514 (+21,2%), e dei lavoratori extracomunitari, da 874 a 978 (+11,9%).<\/p>\n<p>Le patologie del sistema osteo-muscolare e del tessuto connettivo (11.658 casi), del sistema nervoso (2.102, con una prevalenza della sindrome del tunnel carpale) e dell\u2019orecchio (1.382) continuano a rappresentare le prime tre malattie professionali denunciate, seguite dalle patologie del sistema respiratorio (811) e dai tumori (792).<\/p>\n<\/div>\n","protected":false},"excerpt":{"rendered":"<p>Nella sezione \u201cOpen data\u201d del sito Inail sono disponibili i dati analitici delle denunce di infortunio \u2013 nel complesso e con esito mortale \u2013 e di malattia professionale presentate all\u2019Istituto entro il mese di aprile. Nella stessa sezione sono pubblicate anche le tabelle del \u201cmodello di lettura\u201d con i confronti \u201cdi mese\u201d (aprile 2019 vs [&hellip;]<\/p>\n","protected":false},"author":1,"featured_media":371,"comment_status":"closed","ping_status":"open","sticky":false,"template":"","format":"standard","meta":{"footnotes":""},"categories":[28],"tags":[146,258,260],"yoast_head":"<!-- This site is optimized with the Yoast SEO plugin v22.2 - https:\/\/yoast.com\/wordpress\/plugins\/seo\/ -->\n<title>Infortuni e malattie professionali, i dati Inail del primo quadrimestre 2019 -<\/title>\n<meta name=\"robots\" content=\"index, follow, max-snippet:-1, max-image-preview:large, max-video-preview:-1\" \/>\n<link rel=\"canonical\" href=\"https:\/\/www.italiaeconomiaonline.it\/web\/infortuni-e-malattie-professionali-i-dati-inail-del-primo-quadrimestre-2019\/\" \/>\n<meta property=\"og:locale\" content=\"it_IT\" \/>\n<meta property=\"og:type\" content=\"article\" \/>\n<meta property=\"og:title\" content=\"Infortuni e malattie professionali, i dati Inail del primo quadrimestre 2019 -\" \/>\n<meta property=\"og:description\" content=\"Nella sezione \u201cOpen data\u201d del sito Inail sono disponibili i dati analitici delle denunce di infortunio \u2013 nel complesso e con esito mortale \u2013 e di malattia professionale presentate all\u2019Istituto entro il mese di aprile. Nella stessa sezione sono pubblicate anche le tabelle del \u201cmodello di lettura\u201d con i confronti \u201cdi mese\u201d (aprile 2019 vs [&hellip;]\" \/>\n<meta property=\"og:url\" content=\"https:\/\/www.italiaeconomiaonline.it\/web\/infortuni-e-malattie-professionali-i-dati-inail-del-primo-quadrimestre-2019\/\" \/>\n<meta property=\"og:site_name\" content=\"ItaliaEconomiaOnline\" \/>\n<meta property=\"article:published_time\" content=\"2019-06-01T14:02:02+00:00\" \/>\n<meta property=\"article:modified_time\" content=\"2019-06-01T14:04:06+00:00\" \/>\n<meta property=\"og:image\" content=\"https:\/\/www.italiaeconomiaonline.it\/web\/wp-content\/uploads\/2019\/01\/sicurezza-sul-lavoro.jpg\" \/>\n\t<meta property=\"og:image:width\" content=\"510\" \/>\n\t<meta property=\"og:image:height\" content=\"340\" \/>\n\t<meta property=\"og:image:type\" content=\"image\/jpeg\" \/>\n<meta name=\"author\" content=\"ladyitaliaeconomia\" \/>\n<meta name=\"twitter:card\" content=\"summary_large_image\" \/>\n<meta name=\"twitter:label1\" content=\"Scritto da\" \/>\n\t<meta name=\"twitter:data1\" content=\"ladyitaliaeconomia\" \/>\n\t<meta name=\"twitter:label2\" content=\"Tempo di lettura stimato\" \/>\n\t<meta name=\"twitter:data2\" content=\"5 minuti\" \/>\n<script type=\"application\/ld+json\" class=\"yoast-schema-graph\">{\"@context\":\"https:\/\/schema.org\",\"@graph\":[{\"@type\":\"WebPage\",\"@id\":\"https:\/\/www.italiaeconomiaonline.it\/web\/infortuni-e-malattie-professionali-i-dati-inail-del-primo-quadrimestre-2019\/\",\"url\":\"https:\/\/www.italiaeconomiaonline.it\/web\/infortuni-e-malattie-professionali-i-dati-inail-del-primo-quadrimestre-2019\/\",\"name\":\"Infortuni e malattie professionali, i dati Inail del primo quadrimestre 2019 -\",\"isPartOf\":{\"@id\":\"https:\/\/www.italiaeconomiaonline.it\/web\/#website\"},\"primaryImageOfPage\":{\"@id\":\"https:\/\/www.italiaeconomiaonline.it\/web\/infortuni-e-malattie-professionali-i-dati-inail-del-primo-quadrimestre-2019\/#primaryimage\"},\"image\":{\"@id\":\"https:\/\/www.italiaeconomiaonline.it\/web\/infortuni-e-malattie-professionali-i-dati-inail-del-primo-quadrimestre-2019\/#primaryimage\"},\"thumbnailUrl\":\"https:\/\/www.italiaeconomiaonline.it\/web\/wp-content\/uploads\/2019\/01\/sicurezza-sul-lavoro.jpg\",\"datePublished\":\"2019-06-01T14:02:02+00:00\",\"dateModified\":\"2019-06-01T14:04:06+00:00\",\"author\":{\"@id\":\"https:\/\/www.italiaeconomiaonline.it\/web\/#\/schema\/person\/909a49cce752523b020fbc37d5ab1c31\"},\"breadcrumb\":{\"@id\":\"https:\/\/www.italiaeconomiaonline.it\/web\/infortuni-e-malattie-professionali-i-dati-inail-del-primo-quadrimestre-2019\/#breadcrumb\"},\"inLanguage\":\"it-IT\",\"potentialAction\":[{\"@type\":\"ReadAction\",\"target\":[\"https:\/\/www.italiaeconomiaonline.it\/web\/infortuni-e-malattie-professionali-i-dati-inail-del-primo-quadrimestre-2019\/\"]}]},{\"@type\":\"ImageObject\",\"inLanguage\":\"it-IT\",\"@id\":\"https:\/\/www.italiaeconomiaonline.it\/web\/infortuni-e-malattie-professionali-i-dati-inail-del-primo-quadrimestre-2019\/#primaryimage\",\"url\":\"https:\/\/www.italiaeconomiaonline.it\/web\/wp-content\/uploads\/2019\/01\/sicurezza-sul-lavoro.jpg\",\"contentUrl\":\"https:\/\/www.italiaeconomiaonline.it\/web\/wp-content\/uploads\/2019\/01\/sicurezza-sul-lavoro.jpg\",\"width\":510,\"height\":340},{\"@type\":\"BreadcrumbList\",\"@id\":\"https:\/\/www.italiaeconomiaonline.it\/web\/infortuni-e-malattie-professionali-i-dati-inail-del-primo-quadrimestre-2019\/#breadcrumb\",\"itemListElement\":[{\"@type\":\"ListItem\",\"position\":1,\"name\":\"Home\",\"item\":\"https:\/\/www.italiaeconomiaonline.it\/web\/\"},{\"@type\":\"ListItem\",\"position\":2,\"name\":\"Infortuni e malattie professionali, i dati Inail del primo quadrimestre 2019\"}]},{\"@type\":\"WebSite\",\"@id\":\"https:\/\/www.italiaeconomiaonline.it\/web\/#website\",\"url\":\"https:\/\/www.italiaeconomiaonline.it\/web\/\",\"name\":\"ItaliaEconomiaOnline\",\"description\":\"Quotidiano Economico Online\",\"potentialAction\":[{\"@type\":\"SearchAction\",\"target\":{\"@type\":\"EntryPoint\",\"urlTemplate\":\"https:\/\/www.italiaeconomiaonline.it\/web\/?s={search_term_string}\"},\"query-input\":\"required name=search_term_string\"}],\"inLanguage\":\"it-IT\"},{\"@type\":\"Person\",\"@id\":\"https:\/\/www.italiaeconomiaonline.it\/web\/#\/schema\/person\/909a49cce752523b020fbc37d5ab1c31\",\"name\":\"ladyitaliaeconomia\",\"image\":{\"@type\":\"ImageObject\",\"inLanguage\":\"it-IT\",\"@id\":\"https:\/\/www.italiaeconomiaonline.it\/web\/#\/schema\/person\/image\/\",\"url\":\"https:\/\/secure.gravatar.com\/avatar\/cedca10ce7416a579b9fa6bce9c0a8f2?s=96&d=mm&r=g\",\"contentUrl\":\"https:\/\/secure.gravatar.com\/avatar\/cedca10ce7416a579b9fa6bce9c0a8f2?s=96&d=mm&r=g\",\"caption\":\"ladyitaliaeconomia\"},\"url\":\"https:\/\/www.italiaeconomiaonline.it\/web\/author\/ladyitaliaeconomia\/\"}]}<\/script>\n<!-- \/ Yoast SEO plugin. -->","yoast_head_json":{"title":"Infortuni e malattie professionali, i dati Inail del primo quadrimestre 2019 -","robots":{"index":"index","follow":"follow","max-snippet":"max-snippet:-1","max-image-preview":"max-image-preview:large","max-video-preview":"max-video-preview:-1"},"canonical":"https:\/\/www.italiaeconomiaonline.it\/web\/infortuni-e-malattie-professionali-i-dati-inail-del-primo-quadrimestre-2019\/","og_locale":"it_IT","og_type":"article","og_title":"Infortuni e malattie professionali, i dati Inail del primo quadrimestre 2019 -","og_description":"Nella sezione \u201cOpen data\u201d del sito Inail sono disponibili i dati analitici delle denunce di infortunio \u2013 nel complesso e con esito mortale \u2013 e di malattia professionale presentate all\u2019Istituto entro il mese di aprile. Nella stessa sezione sono pubblicate anche le tabelle del \u201cmodello di lettura\u201d con i confronti \u201cdi mese\u201d (aprile 2019 vs [&hellip;]","og_url":"https:\/\/www.italiaeconomiaonline.it\/web\/infortuni-e-malattie-professionali-i-dati-inail-del-primo-quadrimestre-2019\/","og_site_name":"ItaliaEconomiaOnline","article_published_time":"2019-06-01T14:02:02+00:00","article_modified_time":"2019-06-01T14:04:06+00:00","og_image":[{"width":510,"height":340,"url":"https:\/\/www.italiaeconomiaonline.it\/web\/wp-content\/uploads\/2019\/01\/sicurezza-sul-lavoro.jpg","type":"image\/jpeg"}],"author":"ladyitaliaeconomia","twitter_card":"summary_large_image","twitter_misc":{"Scritto da":"ladyitaliaeconomia","Tempo di lettura stimato":"5 minuti"},"schema":{"@context":"https:\/\/schema.org","@graph":[{"@type":"WebPage","@id":"https:\/\/www.italiaeconomiaonline.it\/web\/infortuni-e-malattie-professionali-i-dati-inail-del-primo-quadrimestre-2019\/","url":"https:\/\/www.italiaeconomiaonline.it\/web\/infortuni-e-malattie-professionali-i-dati-inail-del-primo-quadrimestre-2019\/","name":"Infortuni e malattie professionali, i dati Inail del primo quadrimestre 2019 -","isPartOf":{"@id":"https:\/\/www.italiaeconomiaonline.it\/web\/#website"},"primaryImageOfPage":{"@id":"https:\/\/www.italiaeconomiaonline.it\/web\/infortuni-e-malattie-professionali-i-dati-inail-del-primo-quadrimestre-2019\/#primaryimage"},"image":{"@id":"https:\/\/www.italiaeconomiaonline.it\/web\/infortuni-e-malattie-professionali-i-dati-inail-del-primo-quadrimestre-2019\/#primaryimage"},"thumbnailUrl":"https:\/\/www.italiaeconomiaonline.it\/web\/wp-content\/uploads\/2019\/01\/sicurezza-sul-lavoro.jpg","datePublished":"2019-06-01T14:02:02+00:00","dateModified":"2019-06-01T14:04:06+00:00","author":{"@id":"https:\/\/www.italiaeconomiaonline.it\/web\/#\/schema\/person\/909a49cce752523b020fbc37d5ab1c31"},"breadcrumb":{"@id":"https:\/\/www.italiaeconomiaonline.it\/web\/infortuni-e-malattie-professionali-i-dati-inail-del-primo-quadrimestre-2019\/#breadcrumb"},"inLanguage":"it-IT","potentialAction":[{"@type":"ReadAction","target":["https:\/\/www.italiaeconomiaonline.it\/web\/infortuni-e-malattie-professionali-i-dati-inail-del-primo-quadrimestre-2019\/"]}]},{"@type":"ImageObject","inLanguage":"it-IT","@id":"https:\/\/www.italiaeconomiaonline.it\/web\/infortuni-e-malattie-professionali-i-dati-inail-del-primo-quadrimestre-2019\/#primaryimage","url":"https:\/\/www.italiaeconomiaonline.it\/web\/wp-content\/uploads\/2019\/01\/sicurezza-sul-lavoro.jpg","contentUrl":"https:\/\/www.italiaeconomiaonline.it\/web\/wp-content\/uploads\/2019\/01\/sicurezza-sul-lavoro.jpg","width":510,"height":340},{"@type":"BreadcrumbList","@id":"https:\/\/www.italiaeconomiaonline.it\/web\/infortuni-e-malattie-professionali-i-dati-inail-del-primo-quadrimestre-2019\/#breadcrumb","itemListElement":[{"@type":"ListItem","position":1,"name":"Home","item":"https:\/\/www.italiaeconomiaonline.it\/web\/"},{"@type":"ListItem","position":2,"name":"Infortuni e malattie professionali, i dati Inail del primo quadrimestre 2019"}]},{"@type":"WebSite","@id":"https:\/\/www.italiaeconomiaonline.it\/web\/#website","url":"https:\/\/www.italiaeconomiaonline.it\/web\/","name":"ItaliaEconomiaOnline","description":"Quotidiano Economico Online","potentialAction":[{"@type":"SearchAction","target":{"@type":"EntryPoint","urlTemplate":"https:\/\/www.italiaeconomiaonline.it\/web\/?s={search_term_string}"},"query-input":"required name=search_term_string"}],"inLanguage":"it-IT"},{"@type":"Person","@id":"https:\/\/www.italiaeconomiaonline.it\/web\/#\/schema\/person\/909a49cce752523b020fbc37d5ab1c31","name":"ladyitaliaeconomia","image":{"@type":"ImageObject","inLanguage":"it-IT","@id":"https:\/\/www.italiaeconomiaonline.it\/web\/#\/schema\/person\/image\/","url":"https:\/\/secure.gravatar.com\/avatar\/cedca10ce7416a579b9fa6bce9c0a8f2?s=96&d=mm&r=g","contentUrl":"https:\/\/secure.gravatar.com\/avatar\/cedca10ce7416a579b9fa6bce9c0a8f2?s=96&d=mm&r=g","caption":"ladyitaliaeconomia"},"url":"https:\/\/www.italiaeconomiaonline.it\/web\/author\/ladyitaliaeconomia\/"}]}},"_links":{"self":[{"href":"https:\/\/www.italiaeconomiaonline.it\/web\/wp-json\/wp\/v2\/posts\/857"}],"collection":[{"href":"https:\/\/www.italiaeconomiaonline.it\/web\/wp-json\/wp\/v2\/posts"}],"about":[{"href":"https:\/\/www.italiaeconomiaonline.it\/web\/wp-json\/wp\/v2\/types\/post"}],"author":[{"embeddable":true,"href":"https:\/\/www.italiaeconomiaonline.it\/web\/wp-json\/wp\/v2\/users\/1"}],"replies":[{"embeddable":true,"href":"https:\/\/www.italiaeconomiaonline.it\/web\/wp-json\/wp\/v2\/comments?post=857"}],"version-history":[{"count":3,"href":"https:\/\/www.italiaeconomiaonline.it\/web\/wp-json\/wp\/v2\/posts\/857\/revisions"}],"predecessor-version":[{"id":860,"href":"https:\/\/www.italiaeconomiaonline.it\/web\/wp-json\/wp\/v2\/posts\/857\/revisions\/860"}],"wp:featuredmedia":[{"embeddable":true,"href":"https:\/\/www.italiaeconomiaonline.it\/web\/wp-json\/wp\/v2\/media\/371"}],"wp:attachment":[{"href":"https:\/\/www.italiaeconomiaonline.it\/web\/wp-json\/wp\/v2\/media?parent=857"}],"wp:term":[{"taxonomy":"category","embeddable":true,"href":"https:\/\/www.italiaeconomiaonline.it\/web\/wp-json\/wp\/v2\/categories?post=857"},{"taxonomy":"post_tag","embeddable":true,"href":"https:\/\/www.italiaeconomiaonline.it\/web\/wp-json\/wp\/v2\/tags?post=857"}],"curies":[{"name":"wp","href":"https:\/\/api.w.org\/{rel}","templated":true}]}}