{"id":881,"date":"2019-06-04T16:06:44","date_gmt":"2019-06-04T14:06:44","guid":{"rendered":"http:\/\/www.italiaeconomiaonline.it\/web\/?p=881"},"modified":"2019-06-04T16:48:11","modified_gmt":"2019-06-04T14:48:11","slug":"ferrarini-con-sapori-ditalia-e-partner-della-festavico","status":"publish","type":"post","link":"https:\/\/www.italiaeconomiaonline.it\/web\/ferrarini-con-sapori-ditalia-e-partner-della-festavico\/","title":{"rendered":"Ferrarini con Sapori d\u2019Italia \u00e8 partner della Festavico"},"content":{"rendered":"<p><span class=\"dropcap dropcap3\">D<\/span>a ieri Ferrarini \u00e8 protagonista a Vico Equense (Napoli) della FESTAVICO, la manifestazione che unisce enogastronomia e solidariet\u00e0 ideata dallo chef due stelle Michelin Gennaro Esposito della Torre del Saracino di Seiano a cui partecipano alcuni tra i pi\u00f9 importanti Chef italiani.<br \/>\nLa manifestazione come da tradizione si \u00e8 aperta il 2 giugno con la popolare Repubblica del Cibo organizzata in occasione della Festa della Repubblica e ha richiamato per le strade migliaia di appassionati, turisti e curiosi sulle tracce degli chef chiamati a cucinare nelle piazze, nelle strade, nelle botteghe del centro di Vico Equense.<\/p>\n<p>Questa sera Ferrarini sar\u00e0 poi protagonista della Cena delle Stelle a cui parteciperanno, invece, chef pluristellati tra i pi\u00f9 importanti del panorama nazionale ed internazionale. Come da tradizione, l\u2019incasso delle tre giornate sar\u00e0 interamente devoluto ai progetti presentati dalle Onlus selezionate per partecipare all\u2019evento.<\/p>\n<p>\u201cCon la tappa in Costiera Sorrentina per FESTAVICO- dichiara la presidente dell\u2019azienda Lisa Ferrarini-continua il nostro viaggio nel paese con \u201cSapori d\u2019Italia\u201d, la campagna che sta portando i prodotti Ferrarini a percorrere tutto il territorio italiano alla scoperta dei luoghi, dei prodotti, della cucina e delle botteghe.<\/p>\n<p>Le \u201cbotteghe\u201d di fiducia sono i cuori pulsanti di ogni citt\u00e0, di ogni paese e valorizzano l\u2019economia locale, cosi come fanno i grandi Chef con ristoranti che ormai sono diventati simboli dei territori, come Gennaro Esposito con la Torre del Saracino di Seiano.<\/p>\n<p>E in quest\u2019ottica rientra l\u2019incontro di Ferrarini con l\u2019eccellenza di grandi Chef che, come le migliori gastronomie e botteghe, fanno della selezione, della cura degli ingredienti e della capacit\u00e0 di assemblarli un simbolo del Made in Italy, riconosciuto in tutto il mondo.\u201d<\/p>\n<p>Fondata a Reggio Emilia nel 1956, l&#8217;azienda \u00e8 ormai una tra le pi\u00f9 importanti realt\u00e0 europee nel settore agroalimentare e propone in tutto il mondo, oltre al suo prosciutto cotto, i prodotti tipici dell&#8217;italianit\u00e0: dal prosciutto di Parma alle diverse specialit\u00e0 di salumeria, accompagnate dai prodotti dell&#8217;azienda agricola Ferrarini, dalla quale l&#8217;attivit\u00e0 imprenditoriale ha preso avvio, come il Parmigiano Reggiano Dop, i vini e l&#8217;aceto balsamico di Modena IGP e il Tradizionale di Reggio Emilia Dop.<\/p>\n<p>L\u2019area della produzione agricola, delle Fattorie Ferrarini si \u00e8 notevolmente sviluppata nel tempo e rappresenta <a class=\"matchTooltip\">oggi<\/a> un importante supporto all\u2019attivit\u00e0 industriale. La produzione del \u201cParmigiano Reggiano DOP\u201d vanta il presidio da parte di Ferrarini dell\u2019intera filiera \u2013 il foraggio, le bovine da latte, la lavorazione e la stagionatura \u2013 oltre che importanti riconoscimenti (prima azienda certificata del comprensorio del Parmigiano Reggiano).<\/p>\n<p>&nbsp;<\/p>\n","protected":false},"excerpt":{"rendered":"<p>Da ieri Ferrarini \u00e8 protagonista a Vico Equense (Napoli) della FESTAVICO, la manifestazione che unisce enogastronomia e solidariet\u00e0 ideata dallo chef due stelle Michelin Gennaro Esposito della Torre del Saracino di Seiano a cui partecipano alcuni tra i pi\u00f9 importanti Chef italiani. La manifestazione come da tradizione si \u00e8 aperta il 2 giugno con la [&hellip;]<\/p>\n","protected":false},"author":1,"featured_media":882,"comment_status":"closed","ping_status":"open","sticky":false,"template":"","format":"standard","meta":{"footnotes":""},"categories":[224],"tags":[385,383,384],"yoast_head":"<!-- This site is optimized with the Yoast SEO plugin v22.2 - https:\/\/yoast.com\/wordpress\/plugins\/seo\/ -->\n<title>Ferrarini con Sapori d\u2019Italia \u00e8 partner della Festavico -<\/title>\n<meta name=\"description\" content=\"Da ieri Ferrarini \u00e8 protagonista a Vico Equense (Napoli) della FESTAVICO, la manifestazione che unisce enogastronomia e solidariet\u00e0\" \/>\n<meta name=\"robots\" content=\"index, follow, max-snippet:-1, max-image-preview:large, max-video-preview:-1\" \/>\n<link rel=\"canonical\" href=\"https:\/\/www.italiaeconomiaonline.it\/web\/ferrarini-con-sapori-ditalia-e-partner-della-festavico\/\" \/>\n<meta property=\"og:locale\" content=\"it_IT\" \/>\n<meta property=\"og:type\" content=\"article\" \/>\n<meta property=\"og:title\" content=\"Ferrarini con Sapori d\u2019Italia \u00e8 partner della Festavico -\" \/>\n<meta property=\"og:description\" content=\"Da ieri Ferrarini \u00e8 protagonista a Vico Equense (Napoli) della FESTAVICO, la manifestazione che unisce enogastronomia e solidariet\u00e0\" \/>\n<meta property=\"og:url\" content=\"https:\/\/www.italiaeconomiaonline.it\/web\/ferrarini-con-sapori-ditalia-e-partner-della-festavico\/\" \/>\n<meta property=\"og:site_name\" content=\"ItaliaEconomiaOnline\" \/>\n<meta property=\"article:published_time\" content=\"2019-06-04T14:06:44+00:00\" \/>\n<meta property=\"article:modified_time\" content=\"2019-06-04T14:48:11+00:00\" \/>\n<meta property=\"og:image\" content=\"https:\/\/www.italiaeconomiaonline.it\/web\/wp-content\/uploads\/2019\/06\/Lisa-Ferrarini-1024x683.jpg\" \/>\n\t<meta property=\"og:image:width\" content=\"1024\" \/>\n\t<meta property=\"og:image:height\" content=\"683\" \/>\n\t<meta property=\"og:image:type\" content=\"image\/jpeg\" \/>\n<meta name=\"author\" content=\"ladyitaliaeconomia\" \/>\n<meta name=\"twitter:card\" content=\"summary_large_image\" \/>\n<meta name=\"twitter:label1\" content=\"Scritto da\" \/>\n\t<meta name=\"twitter:data1\" content=\"ladyitaliaeconomia\" \/>\n\t<meta name=\"twitter:label2\" content=\"Tempo di lettura stimato\" \/>\n\t<meta name=\"twitter:data2\" content=\"2 minuti\" \/>\n<script type=\"application\/ld+json\" class=\"yoast-schema-graph\">{\"@context\":\"https:\/\/schema.org\",\"@graph\":[{\"@type\":\"WebPage\",\"@id\":\"https:\/\/www.italiaeconomiaonline.it\/web\/ferrarini-con-sapori-ditalia-e-partner-della-festavico\/\",\"url\":\"https:\/\/www.italiaeconomiaonline.it\/web\/ferrarini-con-sapori-ditalia-e-partner-della-festavico\/\",\"name\":\"Ferrarini con Sapori d\u2019Italia \u00e8 partner della Festavico -\",\"isPartOf\":{\"@id\":\"https:\/\/www.italiaeconomiaonline.it\/web\/#website\"},\"primaryImageOfPage\":{\"@id\":\"https:\/\/www.italiaeconomiaonline.it\/web\/ferrarini-con-sapori-ditalia-e-partner-della-festavico\/#primaryimage\"},\"image\":{\"@id\":\"https:\/\/www.italiaeconomiaonline.it\/web\/ferrarini-con-sapori-ditalia-e-partner-della-festavico\/#primaryimage\"},\"thumbnailUrl\":\"https:\/\/www.italiaeconomiaonline.it\/web\/wp-content\/uploads\/2019\/06\/Lisa-Ferrarini.jpg\",\"datePublished\":\"2019-06-04T14:06:44+00:00\",\"dateModified\":\"2019-06-04T14:48:11+00:00\",\"author\":{\"@id\":\"https:\/\/www.italiaeconomiaonline.it\/web\/#\/schema\/person\/909a49cce752523b020fbc37d5ab1c31\"},\"description\":\"Da ieri Ferrarini \u00e8 protagonista a Vico Equense (Napoli) della FESTAVICO, la manifestazione che unisce enogastronomia e solidariet\u00e0\",\"breadcrumb\":{\"@id\":\"https:\/\/www.italiaeconomiaonline.it\/web\/ferrarini-con-sapori-ditalia-e-partner-della-festavico\/#breadcrumb\"},\"inLanguage\":\"it-IT\",\"potentialAction\":[{\"@type\":\"ReadAction\",\"target\":[\"https:\/\/www.italiaeconomiaonline.it\/web\/ferrarini-con-sapori-ditalia-e-partner-della-festavico\/\"]}]},{\"@type\":\"ImageObject\",\"inLanguage\":\"it-IT\",\"@id\":\"https:\/\/www.italiaeconomiaonline.it\/web\/ferrarini-con-sapori-ditalia-e-partner-della-festavico\/#primaryimage\",\"url\":\"https:\/\/www.italiaeconomiaonline.it\/web\/wp-content\/uploads\/2019\/06\/Lisa-Ferrarini.jpg\",\"contentUrl\":\"https:\/\/www.italiaeconomiaonline.it\/web\/wp-content\/uploads\/2019\/06\/Lisa-Ferrarini.jpg\",\"width\":7360,\"height\":4912,\"caption\":\"Lisa Ferrarini\"},{\"@type\":\"BreadcrumbList\",\"@id\":\"https:\/\/www.italiaeconomiaonline.it\/web\/ferrarini-con-sapori-ditalia-e-partner-della-festavico\/#breadcrumb\",\"itemListElement\":[{\"@type\":\"ListItem\",\"position\":1,\"name\":\"Home\",\"item\":\"https:\/\/www.italiaeconomiaonline.it\/web\/\"},{\"@type\":\"ListItem\",\"position\":2,\"name\":\"Ferrarini con Sapori d\u2019Italia \u00e8 partner della Festavico\"}]},{\"@type\":\"WebSite\",\"@id\":\"https:\/\/www.italiaeconomiaonline.it\/web\/#website\",\"url\":\"https:\/\/www.italiaeconomiaonline.it\/web\/\",\"name\":\"ItaliaEconomiaOnline\",\"description\":\"Quotidiano Economico Online\",\"potentialAction\":[{\"@type\":\"SearchAction\",\"target\":{\"@type\":\"EntryPoint\",\"urlTemplate\":\"https:\/\/www.italiaeconomiaonline.it\/web\/?s={search_term_string}\"},\"query-input\":\"required name=search_term_string\"}],\"inLanguage\":\"it-IT\"},{\"@type\":\"Person\",\"@id\":\"https:\/\/www.italiaeconomiaonline.it\/web\/#\/schema\/person\/909a49cce752523b020fbc37d5ab1c31\",\"name\":\"ladyitaliaeconomia\",\"image\":{\"@type\":\"ImageObject\",\"inLanguage\":\"it-IT\",\"@id\":\"https:\/\/www.italiaeconomiaonline.it\/web\/#\/schema\/person\/image\/\",\"url\":\"https:\/\/secure.gravatar.com\/avatar\/cedca10ce7416a579b9fa6bce9c0a8f2?s=96&d=mm&r=g\",\"contentUrl\":\"https:\/\/secure.gravatar.com\/avatar\/cedca10ce7416a579b9fa6bce9c0a8f2?s=96&d=mm&r=g\",\"caption\":\"ladyitaliaeconomia\"},\"url\":\"https:\/\/www.italiaeconomiaonline.it\/web\/author\/ladyitaliaeconomia\/\"}]}<\/script>\n<!-- \/ Yoast SEO plugin. -->","yoast_head_json":{"title":"Ferrarini con Sapori d\u2019Italia \u00e8 partner della Festavico -","description":"Da ieri Ferrarini \u00e8 protagonista a Vico Equense (Napoli) della FESTAVICO, la manifestazione che unisce enogastronomia e solidariet\u00e0","robots":{"index":"index","follow":"follow","max-snippet":"max-snippet:-1","max-image-preview":"max-image-preview:large","max-video-preview":"max-video-preview:-1"},"canonical":"https:\/\/www.italiaeconomiaonline.it\/web\/ferrarini-con-sapori-ditalia-e-partner-della-festavico\/","og_locale":"it_IT","og_type":"article","og_title":"Ferrarini con Sapori d\u2019Italia \u00e8 partner della Festavico -","og_description":"Da ieri Ferrarini \u00e8 protagonista a Vico Equense (Napoli) della FESTAVICO, la manifestazione che unisce enogastronomia e solidariet\u00e0","og_url":"https:\/\/www.italiaeconomiaonline.it\/web\/ferrarini-con-sapori-ditalia-e-partner-della-festavico\/","og_site_name":"ItaliaEconomiaOnline","article_published_time":"2019-06-04T14:06:44+00:00","article_modified_time":"2019-06-04T14:48:11+00:00","og_image":[{"width":1024,"height":683,"url":"https:\/\/www.italiaeconomiaonline.it\/web\/wp-content\/uploads\/2019\/06\/Lisa-Ferrarini-1024x683.jpg","type":"image\/jpeg"}],"author":"ladyitaliaeconomia","twitter_card":"summary_large_image","twitter_misc":{"Scritto da":"ladyitaliaeconomia","Tempo di lettura stimato":"2 minuti"},"schema":{"@context":"https:\/\/schema.org","@graph":[{"@type":"WebPage","@id":"https:\/\/www.italiaeconomiaonline.it\/web\/ferrarini-con-sapori-ditalia-e-partner-della-festavico\/","url":"https:\/\/www.italiaeconomiaonline.it\/web\/ferrarini-con-sapori-ditalia-e-partner-della-festavico\/","name":"Ferrarini con Sapori d\u2019Italia \u00e8 partner della Festavico -","isPartOf":{"@id":"https:\/\/www.italiaeconomiaonline.it\/web\/#website"},"primaryImageOfPage":{"@id":"https:\/\/www.italiaeconomiaonline.it\/web\/ferrarini-con-sapori-ditalia-e-partner-della-festavico\/#primaryimage"},"image":{"@id":"https:\/\/www.italiaeconomiaonline.it\/web\/ferrarini-con-sapori-ditalia-e-partner-della-festavico\/#primaryimage"},"thumbnailUrl":"https:\/\/www.italiaeconomiaonline.it\/web\/wp-content\/uploads\/2019\/06\/Lisa-Ferrarini.jpg","datePublished":"2019-06-04T14:06:44+00:00","dateModified":"2019-06-04T14:48:11+00:00","author":{"@id":"https:\/\/www.italiaeconomiaonline.it\/web\/#\/schema\/person\/909a49cce752523b020fbc37d5ab1c31"},"description":"Da ieri Ferrarini \u00e8 protagonista a Vico Equense (Napoli) della FESTAVICO, la manifestazione che unisce enogastronomia e solidariet\u00e0","breadcrumb":{"@id":"https:\/\/www.italiaeconomiaonline.it\/web\/ferrarini-con-sapori-ditalia-e-partner-della-festavico\/#breadcrumb"},"inLanguage":"it-IT","potentialAction":[{"@type":"ReadAction","target":["https:\/\/www.italiaeconomiaonline.it\/web\/ferrarini-con-sapori-ditalia-e-partner-della-festavico\/"]}]},{"@type":"ImageObject","inLanguage":"it-IT","@id":"https:\/\/www.italiaeconomiaonline.it\/web\/ferrarini-con-sapori-ditalia-e-partner-della-festavico\/#primaryimage","url":"https:\/\/www.italiaeconomiaonline.it\/web\/wp-content\/uploads\/2019\/06\/Lisa-Ferrarini.jpg","contentUrl":"https:\/\/www.italiaeconomiaonline.it\/web\/wp-content\/uploads\/2019\/06\/Lisa-Ferrarini.jpg","width":7360,"height":4912,"caption":"Lisa Ferrarini"},{"@type":"BreadcrumbList","@id":"https:\/\/www.italiaeconomiaonline.it\/web\/ferrarini-con-sapori-ditalia-e-partner-della-festavico\/#breadcrumb","itemListElement":[{"@type":"ListItem","position":1,"name":"Home","item":"https:\/\/www.italiaeconomiaonline.it\/web\/"},{"@type":"ListItem","position":2,"name":"Ferrarini con Sapori d\u2019Italia \u00e8 partner della Festavico"}]},{"@type":"WebSite","@id":"https:\/\/www.italiaeconomiaonline.it\/web\/#website","url":"https:\/\/www.italiaeconomiaonline.it\/web\/","name":"ItaliaEconomiaOnline","description":"Quotidiano Economico Online","potentialAction":[{"@type":"SearchAction","target":{"@type":"EntryPoint","urlTemplate":"https:\/\/www.italiaeconomiaonline.it\/web\/?s={search_term_string}"},"query-input":"required name=search_term_string"}],"inLanguage":"it-IT"},{"@type":"Person","@id":"https:\/\/www.italiaeconomiaonline.it\/web\/#\/schema\/person\/909a49cce752523b020fbc37d5ab1c31","name":"ladyitaliaeconomia","image":{"@type":"ImageObject","inLanguage":"it-IT","@id":"https:\/\/www.italiaeconomiaonline.it\/web\/#\/schema\/person\/image\/","url":"https:\/\/secure.gravatar.com\/avatar\/cedca10ce7416a579b9fa6bce9c0a8f2?s=96&d=mm&r=g","contentUrl":"https:\/\/secure.gravatar.com\/avatar\/cedca10ce7416a579b9fa6bce9c0a8f2?s=96&d=mm&r=g","caption":"ladyitaliaeconomia"},"url":"https:\/\/www.italiaeconomiaonline.it\/web\/author\/ladyitaliaeconomia\/"}]}},"_links":{"self":[{"href":"https:\/\/www.italiaeconomiaonline.it\/web\/wp-json\/wp\/v2\/posts\/881"}],"collection":[{"href":"https:\/\/www.italiaeconomiaonline.it\/web\/wp-json\/wp\/v2\/posts"}],"about":[{"href":"https:\/\/www.italiaeconomiaonline.it\/web\/wp-json\/wp\/v2\/types\/post"}],"author":[{"embeddable":true,"href":"https:\/\/www.italiaeconomiaonline.it\/web\/wp-json\/wp\/v2\/users\/1"}],"replies":[{"embeddable":true,"href":"https:\/\/www.italiaeconomiaonline.it\/web\/wp-json\/wp\/v2\/comments?post=881"}],"version-history":[{"count":4,"href":"https:\/\/www.italiaeconomiaonline.it\/web\/wp-json\/wp\/v2\/posts\/881\/revisions"}],"predecessor-version":[{"id":886,"href":"https:\/\/www.italiaeconomiaonline.it\/web\/wp-json\/wp\/v2\/posts\/881\/revisions\/886"}],"wp:featuredmedia":[{"embeddable":true,"href":"https:\/\/www.italiaeconomiaonline.it\/web\/wp-json\/wp\/v2\/media\/882"}],"wp:attachment":[{"href":"https:\/\/www.italiaeconomiaonline.it\/web\/wp-json\/wp\/v2\/media?parent=881"}],"wp:term":[{"taxonomy":"category","embeddable":true,"href":"https:\/\/www.italiaeconomiaonline.it\/web\/wp-json\/wp\/v2\/categories?post=881"},{"taxonomy":"post_tag","embeddable":true,"href":"https:\/\/www.italiaeconomiaonline.it\/web\/wp-json\/wp\/v2\/tags?post=881"}],"curies":[{"name":"wp","href":"https:\/\/api.w.org\/{rel}","templated":true}]}}