{"id":890,"date":"2019-06-05T21:27:32","date_gmt":"2019-06-05T19:27:32","guid":{"rendered":"http:\/\/www.italiaeconomiaonline.it\/web\/?p=890"},"modified":"2019-06-05T21:27:32","modified_gmt":"2019-06-05T19:27:32","slug":"istat-confesercenti-italia-frena-ancora-pesano-incertezza-e-stallo-elettorale","status":"publish","type":"post","link":"https:\/\/www.italiaeconomiaonline.it\/web\/istat-confesercenti-italia-frena-ancora-pesano-incertezza-e-stallo-elettorale\/","title":{"rendered":"Istat, Confesercenti: Italia frena ancora, pesano incertezza e stallo elettorale"},"content":{"rendered":"<p><span class=\"dropcap dropcap3\">C<\/span>os\u00ec l\u2019Ufficio Economico Confesercenti commenta la nota mensile di andamento dell\u2019economia di Istat.<\/p>\n<p>L\u2019Italia frena ancora. La nota mensile sull\u2019andamento dell\u2019economia italiana, ribadisce che nel primo trimestre di quest\u2019anno la nostra economia, pur collocandosi in area positiva, sta di nuovo stentando, con un Pil che \u00e8 cresciuto dello 0,1% invece che di 0,2% come ipotizzato nelle anticipazioni di inizio d\u2019anno.<\/p>\n<p>E anche il turismo subisce una frenata: il maltempo di maggio ha seriamente compromesso l\u2019avvio della stagione.<\/p>\n<p>Tra pioggia e freddo, stimiamo per il mese un calo di 1,7 milioni di presenze rispetto allo scorso anno, \u2018cancellando\u2019 circa 200 milioni di euro di fatturato.<\/p>\n<p>Sebbene a maggio l\u2019indice di fiducia di consumatori sia tornato a salire dopo tre mesi di calo, il miglioramento del clima non \u00e8 sufficiente a per definire prospettive pi\u00f9 serene, che, come si vede, contrastano con i dati di realt\u00e0 delle dinamiche economiche reali.<\/p>\n<p>Anche i consumi delle famiglie, che pure dovrebbero trovare un supporto in numerose misure recenti che giocano a vantaggio dei redditi delle famiglie, non danno segni di chiara ripresa e anzi rallentano, in particolare per la riduzione di acquisti di beni durevoli e semidurevoli.<\/p>\n<p>A prolungare la permanenza di un clima di incertezza \u00e8 anche il momento di stallo generato dalla lunga parentesi elettorale (peraltro non conclusa ancora) che sta vivendo l\u2019azione governativa. Pesa, in particolare, l\u2019incertezza sul versante di provvedimenti che rilancino effettivamente l\u2019economia, tra promesse elettorali ed il rischio di una procedura di infrazione a livello comunitario.<\/p>\n<p>La priorit\u00e0, ora, \u00e8 uscire dalla stagnazione e dall\u2019incertezza. Bisogna spingere sull\u2019acceleratore della crescita, senza contare troppo sugli effetti positivi \u2013 ancora da confermare \u2013 di Reddito di Cittadinanza e Quota 100. Meglio bloccare subito l\u2019aumento IVA e puntare con forza sul lavoro, con la detassazione degli aumenti salariali: un modo per fa ripartire la contrattazione, l\u2019occupazione e quindi i consumi, principale volano del nostro Pil.<\/p>\n","protected":false},"excerpt":{"rendered":"<p>Cos\u00ec l\u2019Ufficio Economico Confesercenti commenta la nota mensile di andamento dell\u2019economia di Istat. L\u2019Italia frena ancora. La nota mensile sull\u2019andamento dell\u2019economia italiana, ribadisce che nel primo trimestre di quest\u2019anno la nostra economia, pur collocandosi in area positiva, sta di nuovo stentando, con un Pil che \u00e8 cresciuto dello 0,1% invece che di 0,2% come ipotizzato [&hellip;]<\/p>\n","protected":false},"author":1,"featured_media":22,"comment_status":"closed","ping_status":"open","sticky":false,"template":"","format":"standard","meta":{"footnotes":""},"categories":[56],"tags":[185,102,269],"yoast_head":"<!-- This site is optimized with the Yoast SEO plugin v22.2 - https:\/\/yoast.com\/wordpress\/plugins\/seo\/ -->\n<title>Istat, Confesercenti: Italia frena ancora, pesano incertezza e stallo elettorale -<\/title>\n<meta name=\"robots\" content=\"index, follow, max-snippet:-1, max-image-preview:large, max-video-preview:-1\" \/>\n<link rel=\"canonical\" href=\"https:\/\/www.italiaeconomiaonline.it\/web\/istat-confesercenti-italia-frena-ancora-pesano-incertezza-e-stallo-elettorale\/\" \/>\n<meta property=\"og:locale\" content=\"it_IT\" \/>\n<meta property=\"og:type\" content=\"article\" \/>\n<meta property=\"og:title\" content=\"Istat, Confesercenti: Italia frena ancora, pesano incertezza e stallo elettorale -\" \/>\n<meta property=\"og:description\" content=\"Cos\u00ec l\u2019Ufficio Economico Confesercenti commenta la nota mensile di andamento dell\u2019economia di Istat. L\u2019Italia frena ancora. La nota mensile sull\u2019andamento dell\u2019economia italiana, ribadisce che nel primo trimestre di quest\u2019anno la nostra economia, pur collocandosi in area positiva, sta di nuovo stentando, con un Pil che \u00e8 cresciuto dello 0,1% invece che di 0,2% come ipotizzato [&hellip;]\" \/>\n<meta property=\"og:url\" content=\"https:\/\/www.italiaeconomiaonline.it\/web\/istat-confesercenti-italia-frena-ancora-pesano-incertezza-e-stallo-elettorale\/\" \/>\n<meta property=\"og:site_name\" content=\"ItaliaEconomiaOnline\" \/>\n<meta property=\"article:published_time\" content=\"2019-06-05T19:27:32+00:00\" \/>\n<meta property=\"og:image\" content=\"https:\/\/www.italiaeconomiaonline.it\/web\/wp-content\/uploads\/2018\/07\/p3.jpg\" \/>\n\t<meta property=\"og:image:width\" content=\"1068\" \/>\n\t<meta property=\"og:image:height\" content=\"712\" \/>\n\t<meta property=\"og:image:type\" content=\"image\/jpeg\" \/>\n<meta name=\"author\" content=\"ladyitaliaeconomia\" \/>\n<meta name=\"twitter:card\" content=\"summary_large_image\" \/>\n<meta name=\"twitter:label1\" content=\"Scritto da\" \/>\n\t<meta name=\"twitter:data1\" content=\"ladyitaliaeconomia\" \/>\n\t<meta name=\"twitter:label2\" content=\"Tempo di lettura stimato\" \/>\n\t<meta name=\"twitter:data2\" content=\"2 minuti\" \/>\n<script type=\"application\/ld+json\" class=\"yoast-schema-graph\">{\"@context\":\"https:\/\/schema.org\",\"@graph\":[{\"@type\":\"WebPage\",\"@id\":\"https:\/\/www.italiaeconomiaonline.it\/web\/istat-confesercenti-italia-frena-ancora-pesano-incertezza-e-stallo-elettorale\/\",\"url\":\"https:\/\/www.italiaeconomiaonline.it\/web\/istat-confesercenti-italia-frena-ancora-pesano-incertezza-e-stallo-elettorale\/\",\"name\":\"Istat, Confesercenti: Italia frena ancora, pesano incertezza e stallo elettorale -\",\"isPartOf\":{\"@id\":\"https:\/\/www.italiaeconomiaonline.it\/web\/#website\"},\"primaryImageOfPage\":{\"@id\":\"https:\/\/www.italiaeconomiaonline.it\/web\/istat-confesercenti-italia-frena-ancora-pesano-incertezza-e-stallo-elettorale\/#primaryimage\"},\"image\":{\"@id\":\"https:\/\/www.italiaeconomiaonline.it\/web\/istat-confesercenti-italia-frena-ancora-pesano-incertezza-e-stallo-elettorale\/#primaryimage\"},\"thumbnailUrl\":\"https:\/\/www.italiaeconomiaonline.it\/web\/wp-content\/uploads\/2018\/07\/p3.jpg\",\"datePublished\":\"2019-06-05T19:27:32+00:00\",\"dateModified\":\"2019-06-05T19:27:32+00:00\",\"author\":{\"@id\":\"https:\/\/www.italiaeconomiaonline.it\/web\/#\/schema\/person\/909a49cce752523b020fbc37d5ab1c31\"},\"breadcrumb\":{\"@id\":\"https:\/\/www.italiaeconomiaonline.it\/web\/istat-confesercenti-italia-frena-ancora-pesano-incertezza-e-stallo-elettorale\/#breadcrumb\"},\"inLanguage\":\"it-IT\",\"potentialAction\":[{\"@type\":\"ReadAction\",\"target\":[\"https:\/\/www.italiaeconomiaonline.it\/web\/istat-confesercenti-italia-frena-ancora-pesano-incertezza-e-stallo-elettorale\/\"]}]},{\"@type\":\"ImageObject\",\"inLanguage\":\"it-IT\",\"@id\":\"https:\/\/www.italiaeconomiaonline.it\/web\/istat-confesercenti-italia-frena-ancora-pesano-incertezza-e-stallo-elettorale\/#primaryimage\",\"url\":\"https:\/\/www.italiaeconomiaonline.it\/web\/wp-content\/uploads\/2018\/07\/p3.jpg\",\"contentUrl\":\"https:\/\/www.italiaeconomiaonline.it\/web\/wp-content\/uploads\/2018\/07\/p3.jpg\",\"width\":1068,\"height\":712},{\"@type\":\"BreadcrumbList\",\"@id\":\"https:\/\/www.italiaeconomiaonline.it\/web\/istat-confesercenti-italia-frena-ancora-pesano-incertezza-e-stallo-elettorale\/#breadcrumb\",\"itemListElement\":[{\"@type\":\"ListItem\",\"position\":1,\"name\":\"Home\",\"item\":\"https:\/\/www.italiaeconomiaonline.it\/web\/\"},{\"@type\":\"ListItem\",\"position\":2,\"name\":\"Istat, Confesercenti: Italia frena ancora, pesano incertezza e stallo elettorale\"}]},{\"@type\":\"WebSite\",\"@id\":\"https:\/\/www.italiaeconomiaonline.it\/web\/#website\",\"url\":\"https:\/\/www.italiaeconomiaonline.it\/web\/\",\"name\":\"ItaliaEconomiaOnline\",\"description\":\"Quotidiano Economico Online\",\"potentialAction\":[{\"@type\":\"SearchAction\",\"target\":{\"@type\":\"EntryPoint\",\"urlTemplate\":\"https:\/\/www.italiaeconomiaonline.it\/web\/?s={search_term_string}\"},\"query-input\":\"required name=search_term_string\"}],\"inLanguage\":\"it-IT\"},{\"@type\":\"Person\",\"@id\":\"https:\/\/www.italiaeconomiaonline.it\/web\/#\/schema\/person\/909a49cce752523b020fbc37d5ab1c31\",\"name\":\"ladyitaliaeconomia\",\"image\":{\"@type\":\"ImageObject\",\"inLanguage\":\"it-IT\",\"@id\":\"https:\/\/www.italiaeconomiaonline.it\/web\/#\/schema\/person\/image\/\",\"url\":\"https:\/\/secure.gravatar.com\/avatar\/cedca10ce7416a579b9fa6bce9c0a8f2?s=96&d=mm&r=g\",\"contentUrl\":\"https:\/\/secure.gravatar.com\/avatar\/cedca10ce7416a579b9fa6bce9c0a8f2?s=96&d=mm&r=g\",\"caption\":\"ladyitaliaeconomia\"},\"url\":\"https:\/\/www.italiaeconomiaonline.it\/web\/author\/ladyitaliaeconomia\/\"}]}<\/script>\n<!-- \/ Yoast SEO plugin. -->","yoast_head_json":{"title":"Istat, Confesercenti: Italia frena ancora, pesano incertezza e stallo elettorale -","robots":{"index":"index","follow":"follow","max-snippet":"max-snippet:-1","max-image-preview":"max-image-preview:large","max-video-preview":"max-video-preview:-1"},"canonical":"https:\/\/www.italiaeconomiaonline.it\/web\/istat-confesercenti-italia-frena-ancora-pesano-incertezza-e-stallo-elettorale\/","og_locale":"it_IT","og_type":"article","og_title":"Istat, Confesercenti: Italia frena ancora, pesano incertezza e stallo elettorale -","og_description":"Cos\u00ec l\u2019Ufficio Economico Confesercenti commenta la nota mensile di andamento dell\u2019economia di Istat. L\u2019Italia frena ancora. La nota mensile sull\u2019andamento dell\u2019economia italiana, ribadisce che nel primo trimestre di quest\u2019anno la nostra economia, pur collocandosi in area positiva, sta di nuovo stentando, con un Pil che \u00e8 cresciuto dello 0,1% invece che di 0,2% come ipotizzato [&hellip;]","og_url":"https:\/\/www.italiaeconomiaonline.it\/web\/istat-confesercenti-italia-frena-ancora-pesano-incertezza-e-stallo-elettorale\/","og_site_name":"ItaliaEconomiaOnline","article_published_time":"2019-06-05T19:27:32+00:00","og_image":[{"width":1068,"height":712,"url":"https:\/\/www.italiaeconomiaonline.it\/web\/wp-content\/uploads\/2018\/07\/p3.jpg","type":"image\/jpeg"}],"author":"ladyitaliaeconomia","twitter_card":"summary_large_image","twitter_misc":{"Scritto da":"ladyitaliaeconomia","Tempo di lettura stimato":"2 minuti"},"schema":{"@context":"https:\/\/schema.org","@graph":[{"@type":"WebPage","@id":"https:\/\/www.italiaeconomiaonline.it\/web\/istat-confesercenti-italia-frena-ancora-pesano-incertezza-e-stallo-elettorale\/","url":"https:\/\/www.italiaeconomiaonline.it\/web\/istat-confesercenti-italia-frena-ancora-pesano-incertezza-e-stallo-elettorale\/","name":"Istat, Confesercenti: Italia frena ancora, pesano incertezza e stallo elettorale -","isPartOf":{"@id":"https:\/\/www.italiaeconomiaonline.it\/web\/#website"},"primaryImageOfPage":{"@id":"https:\/\/www.italiaeconomiaonline.it\/web\/istat-confesercenti-italia-frena-ancora-pesano-incertezza-e-stallo-elettorale\/#primaryimage"},"image":{"@id":"https:\/\/www.italiaeconomiaonline.it\/web\/istat-confesercenti-italia-frena-ancora-pesano-incertezza-e-stallo-elettorale\/#primaryimage"},"thumbnailUrl":"https:\/\/www.italiaeconomiaonline.it\/web\/wp-content\/uploads\/2018\/07\/p3.jpg","datePublished":"2019-06-05T19:27:32+00:00","dateModified":"2019-06-05T19:27:32+00:00","author":{"@id":"https:\/\/www.italiaeconomiaonline.it\/web\/#\/schema\/person\/909a49cce752523b020fbc37d5ab1c31"},"breadcrumb":{"@id":"https:\/\/www.italiaeconomiaonline.it\/web\/istat-confesercenti-italia-frena-ancora-pesano-incertezza-e-stallo-elettorale\/#breadcrumb"},"inLanguage":"it-IT","potentialAction":[{"@type":"ReadAction","target":["https:\/\/www.italiaeconomiaonline.it\/web\/istat-confesercenti-italia-frena-ancora-pesano-incertezza-e-stallo-elettorale\/"]}]},{"@type":"ImageObject","inLanguage":"it-IT","@id":"https:\/\/www.italiaeconomiaonline.it\/web\/istat-confesercenti-italia-frena-ancora-pesano-incertezza-e-stallo-elettorale\/#primaryimage","url":"https:\/\/www.italiaeconomiaonline.it\/web\/wp-content\/uploads\/2018\/07\/p3.jpg","contentUrl":"https:\/\/www.italiaeconomiaonline.it\/web\/wp-content\/uploads\/2018\/07\/p3.jpg","width":1068,"height":712},{"@type":"BreadcrumbList","@id":"https:\/\/www.italiaeconomiaonline.it\/web\/istat-confesercenti-italia-frena-ancora-pesano-incertezza-e-stallo-elettorale\/#breadcrumb","itemListElement":[{"@type":"ListItem","position":1,"name":"Home","item":"https:\/\/www.italiaeconomiaonline.it\/web\/"},{"@type":"ListItem","position":2,"name":"Istat, Confesercenti: Italia frena ancora, pesano incertezza e stallo elettorale"}]},{"@type":"WebSite","@id":"https:\/\/www.italiaeconomiaonline.it\/web\/#website","url":"https:\/\/www.italiaeconomiaonline.it\/web\/","name":"ItaliaEconomiaOnline","description":"Quotidiano Economico Online","potentialAction":[{"@type":"SearchAction","target":{"@type":"EntryPoint","urlTemplate":"https:\/\/www.italiaeconomiaonline.it\/web\/?s={search_term_string}"},"query-input":"required name=search_term_string"}],"inLanguage":"it-IT"},{"@type":"Person","@id":"https:\/\/www.italiaeconomiaonline.it\/web\/#\/schema\/person\/909a49cce752523b020fbc37d5ab1c31","name":"ladyitaliaeconomia","image":{"@type":"ImageObject","inLanguage":"it-IT","@id":"https:\/\/www.italiaeconomiaonline.it\/web\/#\/schema\/person\/image\/","url":"https:\/\/secure.gravatar.com\/avatar\/cedca10ce7416a579b9fa6bce9c0a8f2?s=96&d=mm&r=g","contentUrl":"https:\/\/secure.gravatar.com\/avatar\/cedca10ce7416a579b9fa6bce9c0a8f2?s=96&d=mm&r=g","caption":"ladyitaliaeconomia"},"url":"https:\/\/www.italiaeconomiaonline.it\/web\/author\/ladyitaliaeconomia\/"}]}},"_links":{"self":[{"href":"https:\/\/www.italiaeconomiaonline.it\/web\/wp-json\/wp\/v2\/posts\/890"}],"collection":[{"href":"https:\/\/www.italiaeconomiaonline.it\/web\/wp-json\/wp\/v2\/posts"}],"about":[{"href":"https:\/\/www.italiaeconomiaonline.it\/web\/wp-json\/wp\/v2\/types\/post"}],"author":[{"embeddable":true,"href":"https:\/\/www.italiaeconomiaonline.it\/web\/wp-json\/wp\/v2\/users\/1"}],"replies":[{"embeddable":true,"href":"https:\/\/www.italiaeconomiaonline.it\/web\/wp-json\/wp\/v2\/comments?post=890"}],"version-history":[{"count":1,"href":"https:\/\/www.italiaeconomiaonline.it\/web\/wp-json\/wp\/v2\/posts\/890\/revisions"}],"predecessor-version":[{"id":891,"href":"https:\/\/www.italiaeconomiaonline.it\/web\/wp-json\/wp\/v2\/posts\/890\/revisions\/891"}],"wp:featuredmedia":[{"embeddable":true,"href":"https:\/\/www.italiaeconomiaonline.it\/web\/wp-json\/wp\/v2\/media\/22"}],"wp:attachment":[{"href":"https:\/\/www.italiaeconomiaonline.it\/web\/wp-json\/wp\/v2\/media?parent=890"}],"wp:term":[{"taxonomy":"category","embeddable":true,"href":"https:\/\/www.italiaeconomiaonline.it\/web\/wp-json\/wp\/v2\/categories?post=890"},{"taxonomy":"post_tag","embeddable":true,"href":"https:\/\/www.italiaeconomiaonline.it\/web\/wp-json\/wp\/v2\/tags?post=890"}],"curies":[{"name":"wp","href":"https:\/\/api.w.org\/{rel}","templated":true}]}}