{"id":968,"date":"2019-06-13T12:36:46","date_gmt":"2019-06-13T10:36:46","guid":{"rendered":"http:\/\/www.italiaeconomiaonline.it\/web\/?p=968"},"modified":"2019-06-13T12:36:46","modified_gmt":"2019-06-13T10:36:46","slug":"lavoro-istat-25-mila-occupati-nel-primo-trimestre","status":"publish","type":"post","link":"https:\/\/www.italiaeconomiaonline.it\/web\/lavoro-istat-25-mila-occupati-nel-primo-trimestre\/","title":{"rendered":"Lavoro, Istat: +25 mila occupati nel primo trimestre"},"content":{"rendered":"<p><span class=\"dropcap dropcap3\">N<\/span>el primo trimestre 2019 si registra un lieve aumento dell\u2019occupazione rispetto al trimestre precedente (+0,1%), in un contesto di calo della disoccupazione e dell\u2019inattivit\u00e0.<\/p>\n<p>Queste dinamiche congiunturali del mercato del lavoro riflettono il lieve aumento dei livelli di attivit\u00e0 economica rilevato nello stesso periodo, in cui si registra una variazione positiva del Pil (+0,1%) dopo due trimestri di calo.<\/p>\n<p>Con riferimento all\u2019input di lavoro, si osserva una crescita delle ore lavorate sia su base congiunturale (+0,7%) sia in termini tendenziali (+1,5%), ampiamente superiore a quella del Pil.<\/p>\n<p>Dal lato dell\u2019offerta di lavoro, dopo due cali consecutivi, nel primo trimestre del 2019 il numero di persone occupate torna a crescere, seppure lievemente, in termini congiunturali (+25 mila, +0,1%), a seguito dell\u2019aumento dei dipendenti permanenti e degli indipendenti che ha pi\u00f9 che compensato la riduzione dei dipendenti a termine.<\/p>\n<p>Il tasso di occupazione sale al 58,7% (+0,1 punti). Nei dati mensili pi\u00f9 recenti (aprile 2019), al netto della stagionalit\u00e0, il tasso di occupazione e il numero di occupati rimangono invariati rispetto a marzo 2018, a sintesi del calo degli indipendenti e della crescita dei dipendenti soprattutto a termine.<\/p>\n<p>Nell\u2019andamento tendenziale si riscontra una crescita di 144 mila occupati (+0,6% in un anno), dovuta sia ai dipendenti sia agli indipendenti (+92 mila e +52 mila, rispettivamente); l\u2019incidenza dei dipendenti a termine sul totale dei dipendenti raggiunge il 16,0% (+0,3 punti in un anno).<\/p>\n<p>Prosegue l\u2019incremento degli occupati a tempo pieno e, soprattutto, a tempo parziale; l\u2019incidenza del part time involontario \u00e8 stimata al 64,1% dei lavoratori a tempo parziale (-0,1 punti).<\/p>\n<p>Alla crescita dell\u2019occupazione soprattutto nel Nord e nel Centro (+1,4% e +0,3%, rispettivamente) si contrappone, per il secondo trimestre consecutivo, il calo nel Mezzogiorno (-0,6%).<\/p>\n<p>Nel confronto tendenziale, per l\u2019ottavo trimestre consecutivo, si riduce il numero di disoccupati (-138 mila in un anno, -4,6%) che interessa entrambi i generi, le diverse aree territoriali e tutte le classi di et\u00e0, a eccezione degli over50. Per il secondo trimestre consecutivo diminuiscono gli inattivi di 15-64 anni (-130 mila in un anno, -1,0%).<\/p>\n<p>Il tasso di disoccupazione diminuisce sia rispetto al trimestre precedente sia in confronto a un anno prima; tale andamento si associa alla stabilit\u00e0 congiunturale e al calo tendenziale del tasso di inattivit\u00e0 delle persone con 15-64 anni. Diversamente, nei dati mensili di aprile 2019 i tassi di disoccupazione e di inattivit\u00e0 rimangono invariati in confronto a marzo 2019.<\/p>\n<p>Analizzando i dati di flusso \u2013 a distanza di 12 mesi \u2013 si stima una diminuzione della permanenza nell\u2019occupazione, soprattutto nelle regioni meridionali e in generale tra le persone di 55-64 anni che principalmente transitano verso l\u2019inattivit\u00e0. Tra i dipendenti a termine, pur riducendosi la permanenza nell\u2019occupazione, aumentano in maniera cospicua le transizioni verso il tempo indeterminato.<\/p>\n<p>Dal lato delle imprese, prosegue la crescita della domanda di lavoro, con un aumento delle posizioni lavorative dipendenti dello 0,5% sul trimestre precedente e dell\u20191,7% su base annua, sintesi della crescita sia dell\u2019industria sia dei servizi.<\/p>\n<p>L\u2019aumento delle posizioni lavorative \u00e8 associato a una crescita delle ore lavorate per dipendente pari allo 0,4% su base congiunturale e allo 0,5% su base annua.<\/p>\n<p>Il ricorso alla cassa integrazione registra una variazione ancora negativa ma di minore entit\u00e0. Il tasso dei posti vacanti rimane invariato su base congiunturale mentre cresce di 0,1 punti percentuali su base annua.<\/p>\n<p>Il costo del lavoro cresce dell\u20191,2% rispetto al trimestre precedente e del 3,4% rispetto allo stesso trimestre dell\u2019anno precedente, sintesi di un aumento delle retribuzioni (+0,9% su base congiunturale e +2,3% su base annua) e degli oneri sociali (+2,2% su base congiunturale e +6,0% su base annua).<\/p>\n","protected":false},"excerpt":{"rendered":"<p>Nel primo trimestre 2019 si registra un lieve aumento dell\u2019occupazione rispetto al trimestre precedente (+0,1%), in un contesto di calo della disoccupazione e dell\u2019inattivit\u00e0. Queste dinamiche congiunturali del mercato del lavoro riflettono il lieve aumento dei livelli di attivit\u00e0 economica rilevato nello stesso periodo, in cui si registra una variazione positiva del Pil (+0,1%) dopo [&hellip;]<\/p>\n","protected":false},"author":1,"featured_media":453,"comment_status":"closed","ping_status":"open","sticky":false,"template":"","format":"standard","meta":{"footnotes":""},"categories":[28],"tags":[102,88],"yoast_head":"<!-- This site is optimized with the Yoast SEO plugin v22.2 - https:\/\/yoast.com\/wordpress\/plugins\/seo\/ -->\n<title>Lavoro, Istat: +25 mila occupati nel primo trimestre -<\/title>\n<meta name=\"description\" content=\"el primo trimestre 2019 si registra un lieve aumento dell\u2019occupazione rispetto al trimestre precedente (+0,1%), in un contesto di calo della disoccupazione e dell\u2019inattivit\u00e0.\" \/>\n<meta name=\"robots\" content=\"index, follow, max-snippet:-1, max-image-preview:large, max-video-preview:-1\" \/>\n<link rel=\"canonical\" href=\"https:\/\/www.italiaeconomiaonline.it\/web\/lavoro-istat-25-mila-occupati-nel-primo-trimestre\/\" \/>\n<meta property=\"og:locale\" content=\"it_IT\" \/>\n<meta property=\"og:type\" content=\"article\" \/>\n<meta property=\"og:title\" content=\"Lavoro, Istat: +25 mila occupati nel primo trimestre -\" \/>\n<meta property=\"og:description\" content=\"el primo trimestre 2019 si registra un lieve aumento dell\u2019occupazione rispetto al trimestre precedente (+0,1%), in un contesto di calo della disoccupazione e dell\u2019inattivit\u00e0.\" \/>\n<meta property=\"og:url\" content=\"https:\/\/www.italiaeconomiaonline.it\/web\/lavoro-istat-25-mila-occupati-nel-primo-trimestre\/\" \/>\n<meta property=\"og:site_name\" content=\"ItaliaEconomiaOnline\" \/>\n<meta property=\"article:published_time\" content=\"2019-06-13T10:36:46+00:00\" \/>\n<meta property=\"og:image\" content=\"https:\/\/www.italiaeconomiaonline.it\/web\/wp-content\/uploads\/2019\/04\/lavoro.jpg\" \/>\n\t<meta property=\"og:image:width\" content=\"960\" \/>\n\t<meta property=\"og:image:height\" content=\"640\" \/>\n\t<meta property=\"og:image:type\" content=\"image\/jpeg\" \/>\n<meta name=\"author\" content=\"ladyitaliaeconomia\" \/>\n<meta name=\"twitter:card\" content=\"summary_large_image\" \/>\n<meta name=\"twitter:label1\" content=\"Scritto da\" \/>\n\t<meta name=\"twitter:data1\" content=\"ladyitaliaeconomia\" \/>\n\t<meta name=\"twitter:label2\" content=\"Tempo di lettura stimato\" \/>\n\t<meta name=\"twitter:data2\" content=\"3 minuti\" \/>\n<script type=\"application\/ld+json\" class=\"yoast-schema-graph\">{\"@context\":\"https:\/\/schema.org\",\"@graph\":[{\"@type\":\"WebPage\",\"@id\":\"https:\/\/www.italiaeconomiaonline.it\/web\/lavoro-istat-25-mila-occupati-nel-primo-trimestre\/\",\"url\":\"https:\/\/www.italiaeconomiaonline.it\/web\/lavoro-istat-25-mila-occupati-nel-primo-trimestre\/\",\"name\":\"Lavoro, Istat: +25 mila occupati nel primo trimestre -\",\"isPartOf\":{\"@id\":\"https:\/\/www.italiaeconomiaonline.it\/web\/#website\"},\"primaryImageOfPage\":{\"@id\":\"https:\/\/www.italiaeconomiaonline.it\/web\/lavoro-istat-25-mila-occupati-nel-primo-trimestre\/#primaryimage\"},\"image\":{\"@id\":\"https:\/\/www.italiaeconomiaonline.it\/web\/lavoro-istat-25-mila-occupati-nel-primo-trimestre\/#primaryimage\"},\"thumbnailUrl\":\"https:\/\/www.italiaeconomiaonline.it\/web\/wp-content\/uploads\/2019\/04\/lavoro.jpg\",\"datePublished\":\"2019-06-13T10:36:46+00:00\",\"dateModified\":\"2019-06-13T10:36:46+00:00\",\"author\":{\"@id\":\"https:\/\/www.italiaeconomiaonline.it\/web\/#\/schema\/person\/909a49cce752523b020fbc37d5ab1c31\"},\"description\":\"el primo trimestre 2019 si registra un lieve aumento dell\u2019occupazione rispetto al trimestre precedente (+0,1%), in un contesto di calo della disoccupazione e dell\u2019inattivit\u00e0.\",\"breadcrumb\":{\"@id\":\"https:\/\/www.italiaeconomiaonline.it\/web\/lavoro-istat-25-mila-occupati-nel-primo-trimestre\/#breadcrumb\"},\"inLanguage\":\"it-IT\",\"potentialAction\":[{\"@type\":\"ReadAction\",\"target\":[\"https:\/\/www.italiaeconomiaonline.it\/web\/lavoro-istat-25-mila-occupati-nel-primo-trimestre\/\"]}]},{\"@type\":\"ImageObject\",\"inLanguage\":\"it-IT\",\"@id\":\"https:\/\/www.italiaeconomiaonline.it\/web\/lavoro-istat-25-mila-occupati-nel-primo-trimestre\/#primaryimage\",\"url\":\"https:\/\/www.italiaeconomiaonline.it\/web\/wp-content\/uploads\/2019\/04\/lavoro.jpg\",\"contentUrl\":\"https:\/\/www.italiaeconomiaonline.it\/web\/wp-content\/uploads\/2019\/04\/lavoro.jpg\",\"width\":960,\"height\":640},{\"@type\":\"BreadcrumbList\",\"@id\":\"https:\/\/www.italiaeconomiaonline.it\/web\/lavoro-istat-25-mila-occupati-nel-primo-trimestre\/#breadcrumb\",\"itemListElement\":[{\"@type\":\"ListItem\",\"position\":1,\"name\":\"Home\",\"item\":\"https:\/\/www.italiaeconomiaonline.it\/web\/\"},{\"@type\":\"ListItem\",\"position\":2,\"name\":\"Lavoro, Istat: +25 mila occupati nel primo trimestre\"}]},{\"@type\":\"WebSite\",\"@id\":\"https:\/\/www.italiaeconomiaonline.it\/web\/#website\",\"url\":\"https:\/\/www.italiaeconomiaonline.it\/web\/\",\"name\":\"ItaliaEconomiaOnline\",\"description\":\"Quotidiano Economico Online\",\"potentialAction\":[{\"@type\":\"SearchAction\",\"target\":{\"@type\":\"EntryPoint\",\"urlTemplate\":\"https:\/\/www.italiaeconomiaonline.it\/web\/?s={search_term_string}\"},\"query-input\":\"required name=search_term_string\"}],\"inLanguage\":\"it-IT\"},{\"@type\":\"Person\",\"@id\":\"https:\/\/www.italiaeconomiaonline.it\/web\/#\/schema\/person\/909a49cce752523b020fbc37d5ab1c31\",\"name\":\"ladyitaliaeconomia\",\"image\":{\"@type\":\"ImageObject\",\"inLanguage\":\"it-IT\",\"@id\":\"https:\/\/www.italiaeconomiaonline.it\/web\/#\/schema\/person\/image\/\",\"url\":\"https:\/\/secure.gravatar.com\/avatar\/cedca10ce7416a579b9fa6bce9c0a8f2?s=96&d=mm&r=g\",\"contentUrl\":\"https:\/\/secure.gravatar.com\/avatar\/cedca10ce7416a579b9fa6bce9c0a8f2?s=96&d=mm&r=g\",\"caption\":\"ladyitaliaeconomia\"},\"url\":\"https:\/\/www.italiaeconomiaonline.it\/web\/author\/ladyitaliaeconomia\/\"}]}<\/script>\n<!-- \/ Yoast SEO plugin. -->","yoast_head_json":{"title":"Lavoro, Istat: +25 mila occupati nel primo trimestre -","description":"el primo trimestre 2019 si registra un lieve aumento dell\u2019occupazione rispetto al trimestre precedente (+0,1%), in un contesto di calo della disoccupazione e dell\u2019inattivit\u00e0.","robots":{"index":"index","follow":"follow","max-snippet":"max-snippet:-1","max-image-preview":"max-image-preview:large","max-video-preview":"max-video-preview:-1"},"canonical":"https:\/\/www.italiaeconomiaonline.it\/web\/lavoro-istat-25-mila-occupati-nel-primo-trimestre\/","og_locale":"it_IT","og_type":"article","og_title":"Lavoro, Istat: +25 mila occupati nel primo trimestre -","og_description":"el primo trimestre 2019 si registra un lieve aumento dell\u2019occupazione rispetto al trimestre precedente (+0,1%), in un contesto di calo della disoccupazione e dell\u2019inattivit\u00e0.","og_url":"https:\/\/www.italiaeconomiaonline.it\/web\/lavoro-istat-25-mila-occupati-nel-primo-trimestre\/","og_site_name":"ItaliaEconomiaOnline","article_published_time":"2019-06-13T10:36:46+00:00","og_image":[{"width":960,"height":640,"url":"https:\/\/www.italiaeconomiaonline.it\/web\/wp-content\/uploads\/2019\/04\/lavoro.jpg","type":"image\/jpeg"}],"author":"ladyitaliaeconomia","twitter_card":"summary_large_image","twitter_misc":{"Scritto da":"ladyitaliaeconomia","Tempo di lettura stimato":"3 minuti"},"schema":{"@context":"https:\/\/schema.org","@graph":[{"@type":"WebPage","@id":"https:\/\/www.italiaeconomiaonline.it\/web\/lavoro-istat-25-mila-occupati-nel-primo-trimestre\/","url":"https:\/\/www.italiaeconomiaonline.it\/web\/lavoro-istat-25-mila-occupati-nel-primo-trimestre\/","name":"Lavoro, Istat: +25 mila occupati nel primo trimestre -","isPartOf":{"@id":"https:\/\/www.italiaeconomiaonline.it\/web\/#website"},"primaryImageOfPage":{"@id":"https:\/\/www.italiaeconomiaonline.it\/web\/lavoro-istat-25-mila-occupati-nel-primo-trimestre\/#primaryimage"},"image":{"@id":"https:\/\/www.italiaeconomiaonline.it\/web\/lavoro-istat-25-mila-occupati-nel-primo-trimestre\/#primaryimage"},"thumbnailUrl":"https:\/\/www.italiaeconomiaonline.it\/web\/wp-content\/uploads\/2019\/04\/lavoro.jpg","datePublished":"2019-06-13T10:36:46+00:00","dateModified":"2019-06-13T10:36:46+00:00","author":{"@id":"https:\/\/www.italiaeconomiaonline.it\/web\/#\/schema\/person\/909a49cce752523b020fbc37d5ab1c31"},"description":"el primo trimestre 2019 si registra un lieve aumento dell\u2019occupazione rispetto al trimestre precedente (+0,1%), in un contesto di calo della disoccupazione e dell\u2019inattivit\u00e0.","breadcrumb":{"@id":"https:\/\/www.italiaeconomiaonline.it\/web\/lavoro-istat-25-mila-occupati-nel-primo-trimestre\/#breadcrumb"},"inLanguage":"it-IT","potentialAction":[{"@type":"ReadAction","target":["https:\/\/www.italiaeconomiaonline.it\/web\/lavoro-istat-25-mila-occupati-nel-primo-trimestre\/"]}]},{"@type":"ImageObject","inLanguage":"it-IT","@id":"https:\/\/www.italiaeconomiaonline.it\/web\/lavoro-istat-25-mila-occupati-nel-primo-trimestre\/#primaryimage","url":"https:\/\/www.italiaeconomiaonline.it\/web\/wp-content\/uploads\/2019\/04\/lavoro.jpg","contentUrl":"https:\/\/www.italiaeconomiaonline.it\/web\/wp-content\/uploads\/2019\/04\/lavoro.jpg","width":960,"height":640},{"@type":"BreadcrumbList","@id":"https:\/\/www.italiaeconomiaonline.it\/web\/lavoro-istat-25-mila-occupati-nel-primo-trimestre\/#breadcrumb","itemListElement":[{"@type":"ListItem","position":1,"name":"Home","item":"https:\/\/www.italiaeconomiaonline.it\/web\/"},{"@type":"ListItem","position":2,"name":"Lavoro, Istat: +25 mila occupati nel primo trimestre"}]},{"@type":"WebSite","@id":"https:\/\/www.italiaeconomiaonline.it\/web\/#website","url":"https:\/\/www.italiaeconomiaonline.it\/web\/","name":"ItaliaEconomiaOnline","description":"Quotidiano Economico Online","potentialAction":[{"@type":"SearchAction","target":{"@type":"EntryPoint","urlTemplate":"https:\/\/www.italiaeconomiaonline.it\/web\/?s={search_term_string}"},"query-input":"required name=search_term_string"}],"inLanguage":"it-IT"},{"@type":"Person","@id":"https:\/\/www.italiaeconomiaonline.it\/web\/#\/schema\/person\/909a49cce752523b020fbc37d5ab1c31","name":"ladyitaliaeconomia","image":{"@type":"ImageObject","inLanguage":"it-IT","@id":"https:\/\/www.italiaeconomiaonline.it\/web\/#\/schema\/person\/image\/","url":"https:\/\/secure.gravatar.com\/avatar\/cedca10ce7416a579b9fa6bce9c0a8f2?s=96&d=mm&r=g","contentUrl":"https:\/\/secure.gravatar.com\/avatar\/cedca10ce7416a579b9fa6bce9c0a8f2?s=96&d=mm&r=g","caption":"ladyitaliaeconomia"},"url":"https:\/\/www.italiaeconomiaonline.it\/web\/author\/ladyitaliaeconomia\/"}]}},"_links":{"self":[{"href":"https:\/\/www.italiaeconomiaonline.it\/web\/wp-json\/wp\/v2\/posts\/968"}],"collection":[{"href":"https:\/\/www.italiaeconomiaonline.it\/web\/wp-json\/wp\/v2\/posts"}],"about":[{"href":"https:\/\/www.italiaeconomiaonline.it\/web\/wp-json\/wp\/v2\/types\/post"}],"author":[{"embeddable":true,"href":"https:\/\/www.italiaeconomiaonline.it\/web\/wp-json\/wp\/v2\/users\/1"}],"replies":[{"embeddable":true,"href":"https:\/\/www.italiaeconomiaonline.it\/web\/wp-json\/wp\/v2\/comments?post=968"}],"version-history":[{"count":1,"href":"https:\/\/www.italiaeconomiaonline.it\/web\/wp-json\/wp\/v2\/posts\/968\/revisions"}],"predecessor-version":[{"id":970,"href":"https:\/\/www.italiaeconomiaonline.it\/web\/wp-json\/wp\/v2\/posts\/968\/revisions\/970"}],"wp:featuredmedia":[{"embeddable":true,"href":"https:\/\/www.italiaeconomiaonline.it\/web\/wp-json\/wp\/v2\/media\/453"}],"wp:attachment":[{"href":"https:\/\/www.italiaeconomiaonline.it\/web\/wp-json\/wp\/v2\/media?parent=968"}],"wp:term":[{"taxonomy":"category","embeddable":true,"href":"https:\/\/www.italiaeconomiaonline.it\/web\/wp-json\/wp\/v2\/categories?post=968"},{"taxonomy":"post_tag","embeddable":true,"href":"https:\/\/www.italiaeconomiaonline.it\/web\/wp-json\/wp\/v2\/tags?post=968"}],"curies":[{"name":"wp","href":"https:\/\/api.w.org\/{rel}","templated":true}]}}