{"id":985,"date":"2019-06-14T11:32:33","date_gmt":"2019-06-14T09:32:33","guid":{"rendered":"http:\/\/www.italiaeconomiaonline.it\/web\/?p=985"},"modified":"2019-06-14T11:32:33","modified_gmt":"2019-06-14T09:32:33","slug":"caso-whirlpool-lazienda-ha-annunciato-che-non-si-disimpegnera-da-napoli","status":"publish","type":"post","link":"https:\/\/www.italiaeconomiaonline.it\/web\/caso-whirlpool-lazienda-ha-annunciato-che-non-si-disimpegnera-da-napoli\/","title":{"rendered":"Caso Whirlpool: l&#8217;azienda ha annunciato che non si disimpegner\u00e0 da Napoli"},"content":{"rendered":"<p><span class=\"dropcap dropcap3\">S<\/span>i \u00e8 tenuto al MiSE il secondo incontro del tavolo <strong>Whirlpool<\/strong>, presieduto dal Ministro <strong>Di Maio<\/strong>, a cui hanno partecipato l\u2019azienda,\u00a0le Regioni\u00a0coinvolte e i rappresentanti sindacali.<\/p>\n<p>Nel corso dell&#8217;incontro il Ministro <strong>Di Maio<\/strong> ha dichiarato:<em> &#8220;In questa settimana ho chiesto con forza a Whirlpool di non abbandonare il sito di Napoli, altrimenti non avremmo potuto proseguire la discussione. <\/em><\/p>\n<p><em>L\u2019azienda oggi al tavolo ha annunciato per la prima volta che non si disimpegner\u00e0 pi\u00f9 dallo stabilimento. Questa \u00e8 la base su cui costruire un dialogo. Ci aspettiamo risposte entro la settimana prossima&#8221;.<\/em><\/p>\n","protected":false},"excerpt":{"rendered":"<p>Si \u00e8 tenuto al MiSE il secondo incontro del tavolo Whirlpool, presieduto dal Ministro Di Maio, a cui hanno partecipato l\u2019azienda,\u00a0le Regioni\u00a0coinvolte e i rappresentanti sindacali. Nel corso dell&#8217;incontro il Ministro Di Maio ha dichiarato: &#8220;In questa settimana ho chiesto con forza a Whirlpool di non abbandonare il sito di Napoli, altrimenti non avremmo potuto [&hellip;]<\/p>\n","protected":false},"author":1,"featured_media":986,"comment_status":"closed","ping_status":"open","sticky":false,"template":"","format":"standard","meta":{"footnotes":""},"categories":[56],"tags":[416,417],"yoast_head":"<!-- This site is optimized with the Yoast SEO plugin v22.2 - https:\/\/yoast.com\/wordpress\/plugins\/seo\/ -->\n<title>Caso Whirlpool: l&#039;azienda ha annunciato che non si disimpegner\u00e0 da Napoli -<\/title>\n<meta name=\"robots\" content=\"index, follow, max-snippet:-1, max-image-preview:large, max-video-preview:-1\" \/>\n<link rel=\"canonical\" href=\"https:\/\/www.italiaeconomiaonline.it\/web\/caso-whirlpool-lazienda-ha-annunciato-che-non-si-disimpegnera-da-napoli\/\" \/>\n<meta property=\"og:locale\" content=\"it_IT\" \/>\n<meta property=\"og:type\" content=\"article\" \/>\n<meta property=\"og:title\" content=\"Caso Whirlpool: l&#039;azienda ha annunciato che non si disimpegner\u00e0 da Napoli -\" \/>\n<meta property=\"og:description\" content=\"Si \u00e8 tenuto al MiSE il secondo incontro del tavolo Whirlpool, presieduto dal Ministro Di Maio, a cui hanno partecipato l\u2019azienda,\u00a0le Regioni\u00a0coinvolte e i rappresentanti sindacali. Nel corso dell&#8217;incontro il Ministro Di Maio ha dichiarato: &#8220;In questa settimana ho chiesto con forza a Whirlpool di non abbandonare il sito di Napoli, altrimenti non avremmo potuto [&hellip;]\" \/>\n<meta property=\"og:url\" content=\"https:\/\/www.italiaeconomiaonline.it\/web\/caso-whirlpool-lazienda-ha-annunciato-che-non-si-disimpegnera-da-napoli\/\" \/>\n<meta property=\"og:site_name\" content=\"ItaliaEconomiaOnline\" \/>\n<meta property=\"article:published_time\" content=\"2019-06-14T09:32:33+00:00\" \/>\n<meta property=\"og:image\" content=\"https:\/\/www.italiaeconomiaonline.it\/web\/wp-content\/uploads\/2019\/06\/luigidimaio-e1560504740557.jpg\" \/>\n\t<meta property=\"og:image:width\" content=\"792\" \/>\n\t<meta property=\"og:image:height\" content=\"439\" \/>\n\t<meta property=\"og:image:type\" content=\"image\/jpeg\" \/>\n<meta name=\"author\" content=\"ladyitaliaeconomia\" \/>\n<meta name=\"twitter:card\" content=\"summary_large_image\" \/>\n<meta name=\"twitter:label1\" content=\"Scritto da\" \/>\n\t<meta name=\"twitter:data1\" content=\"ladyitaliaeconomia\" \/>\n<script type=\"application\/ld+json\" class=\"yoast-schema-graph\">{\"@context\":\"https:\/\/schema.org\",\"@graph\":[{\"@type\":\"WebPage\",\"@id\":\"https:\/\/www.italiaeconomiaonline.it\/web\/caso-whirlpool-lazienda-ha-annunciato-che-non-si-disimpegnera-da-napoli\/\",\"url\":\"https:\/\/www.italiaeconomiaonline.it\/web\/caso-whirlpool-lazienda-ha-annunciato-che-non-si-disimpegnera-da-napoli\/\",\"name\":\"Caso Whirlpool: l'azienda ha annunciato che non si disimpegner\u00e0 da Napoli -\",\"isPartOf\":{\"@id\":\"https:\/\/www.italiaeconomiaonline.it\/web\/#website\"},\"primaryImageOfPage\":{\"@id\":\"https:\/\/www.italiaeconomiaonline.it\/web\/caso-whirlpool-lazienda-ha-annunciato-che-non-si-disimpegnera-da-napoli\/#primaryimage\"},\"image\":{\"@id\":\"https:\/\/www.italiaeconomiaonline.it\/web\/caso-whirlpool-lazienda-ha-annunciato-che-non-si-disimpegnera-da-napoli\/#primaryimage\"},\"thumbnailUrl\":\"https:\/\/www.italiaeconomiaonline.it\/web\/wp-content\/uploads\/2019\/06\/luigidimaio-e1560504740557.jpg\",\"datePublished\":\"2019-06-14T09:32:33+00:00\",\"dateModified\":\"2019-06-14T09:32:33+00:00\",\"author\":{\"@id\":\"https:\/\/www.italiaeconomiaonline.it\/web\/#\/schema\/person\/909a49cce752523b020fbc37d5ab1c31\"},\"breadcrumb\":{\"@id\":\"https:\/\/www.italiaeconomiaonline.it\/web\/caso-whirlpool-lazienda-ha-annunciato-che-non-si-disimpegnera-da-napoli\/#breadcrumb\"},\"inLanguage\":\"it-IT\",\"potentialAction\":[{\"@type\":\"ReadAction\",\"target\":[\"https:\/\/www.italiaeconomiaonline.it\/web\/caso-whirlpool-lazienda-ha-annunciato-che-non-si-disimpegnera-da-napoli\/\"]}]},{\"@type\":\"ImageObject\",\"inLanguage\":\"it-IT\",\"@id\":\"https:\/\/www.italiaeconomiaonline.it\/web\/caso-whirlpool-lazienda-ha-annunciato-che-non-si-disimpegnera-da-napoli\/#primaryimage\",\"url\":\"https:\/\/www.italiaeconomiaonline.it\/web\/wp-content\/uploads\/2019\/06\/luigidimaio-e1560504740557.jpg\",\"contentUrl\":\"https:\/\/www.italiaeconomiaonline.it\/web\/wp-content\/uploads\/2019\/06\/luigidimaio-e1560504740557.jpg\",\"width\":792,\"height\":439},{\"@type\":\"BreadcrumbList\",\"@id\":\"https:\/\/www.italiaeconomiaonline.it\/web\/caso-whirlpool-lazienda-ha-annunciato-che-non-si-disimpegnera-da-napoli\/#breadcrumb\",\"itemListElement\":[{\"@type\":\"ListItem\",\"position\":1,\"name\":\"Home\",\"item\":\"https:\/\/www.italiaeconomiaonline.it\/web\/\"},{\"@type\":\"ListItem\",\"position\":2,\"name\":\"Caso Whirlpool: l&#8217;azienda ha annunciato che non si disimpegner\u00e0 da Napoli\"}]},{\"@type\":\"WebSite\",\"@id\":\"https:\/\/www.italiaeconomiaonline.it\/web\/#website\",\"url\":\"https:\/\/www.italiaeconomiaonline.it\/web\/\",\"name\":\"ItaliaEconomiaOnline\",\"description\":\"Quotidiano Economico Online\",\"potentialAction\":[{\"@type\":\"SearchAction\",\"target\":{\"@type\":\"EntryPoint\",\"urlTemplate\":\"https:\/\/www.italiaeconomiaonline.it\/web\/?s={search_term_string}\"},\"query-input\":\"required name=search_term_string\"}],\"inLanguage\":\"it-IT\"},{\"@type\":\"Person\",\"@id\":\"https:\/\/www.italiaeconomiaonline.it\/web\/#\/schema\/person\/909a49cce752523b020fbc37d5ab1c31\",\"name\":\"ladyitaliaeconomia\",\"image\":{\"@type\":\"ImageObject\",\"inLanguage\":\"it-IT\",\"@id\":\"https:\/\/www.italiaeconomiaonline.it\/web\/#\/schema\/person\/image\/\",\"url\":\"https:\/\/secure.gravatar.com\/avatar\/cedca10ce7416a579b9fa6bce9c0a8f2?s=96&d=mm&r=g\",\"contentUrl\":\"https:\/\/secure.gravatar.com\/avatar\/cedca10ce7416a579b9fa6bce9c0a8f2?s=96&d=mm&r=g\",\"caption\":\"ladyitaliaeconomia\"},\"url\":\"https:\/\/www.italiaeconomiaonline.it\/web\/author\/ladyitaliaeconomia\/\"}]}<\/script>\n<!-- \/ Yoast SEO plugin. -->","yoast_head_json":{"title":"Caso Whirlpool: l'azienda ha annunciato che non si disimpegner\u00e0 da Napoli -","robots":{"index":"index","follow":"follow","max-snippet":"max-snippet:-1","max-image-preview":"max-image-preview:large","max-video-preview":"max-video-preview:-1"},"canonical":"https:\/\/www.italiaeconomiaonline.it\/web\/caso-whirlpool-lazienda-ha-annunciato-che-non-si-disimpegnera-da-napoli\/","og_locale":"it_IT","og_type":"article","og_title":"Caso Whirlpool: l'azienda ha annunciato che non si disimpegner\u00e0 da Napoli -","og_description":"Si \u00e8 tenuto al MiSE il secondo incontro del tavolo Whirlpool, presieduto dal Ministro Di Maio, a cui hanno partecipato l\u2019azienda,\u00a0le Regioni\u00a0coinvolte e i rappresentanti sindacali. Nel corso dell&#8217;incontro il Ministro Di Maio ha dichiarato: &#8220;In questa settimana ho chiesto con forza a Whirlpool di non abbandonare il sito di Napoli, altrimenti non avremmo potuto [&hellip;]","og_url":"https:\/\/www.italiaeconomiaonline.it\/web\/caso-whirlpool-lazienda-ha-annunciato-che-non-si-disimpegnera-da-napoli\/","og_site_name":"ItaliaEconomiaOnline","article_published_time":"2019-06-14T09:32:33+00:00","og_image":[{"width":792,"height":439,"url":"https:\/\/www.italiaeconomiaonline.it\/web\/wp-content\/uploads\/2019\/06\/luigidimaio-e1560504740557.jpg","type":"image\/jpeg"}],"author":"ladyitaliaeconomia","twitter_card":"summary_large_image","twitter_misc":{"Scritto da":"ladyitaliaeconomia"},"schema":{"@context":"https:\/\/schema.org","@graph":[{"@type":"WebPage","@id":"https:\/\/www.italiaeconomiaonline.it\/web\/caso-whirlpool-lazienda-ha-annunciato-che-non-si-disimpegnera-da-napoli\/","url":"https:\/\/www.italiaeconomiaonline.it\/web\/caso-whirlpool-lazienda-ha-annunciato-che-non-si-disimpegnera-da-napoli\/","name":"Caso Whirlpool: l'azienda ha annunciato che non si disimpegner\u00e0 da Napoli -","isPartOf":{"@id":"https:\/\/www.italiaeconomiaonline.it\/web\/#website"},"primaryImageOfPage":{"@id":"https:\/\/www.italiaeconomiaonline.it\/web\/caso-whirlpool-lazienda-ha-annunciato-che-non-si-disimpegnera-da-napoli\/#primaryimage"},"image":{"@id":"https:\/\/www.italiaeconomiaonline.it\/web\/caso-whirlpool-lazienda-ha-annunciato-che-non-si-disimpegnera-da-napoli\/#primaryimage"},"thumbnailUrl":"https:\/\/www.italiaeconomiaonline.it\/web\/wp-content\/uploads\/2019\/06\/luigidimaio-e1560504740557.jpg","datePublished":"2019-06-14T09:32:33+00:00","dateModified":"2019-06-14T09:32:33+00:00","author":{"@id":"https:\/\/www.italiaeconomiaonline.it\/web\/#\/schema\/person\/909a49cce752523b020fbc37d5ab1c31"},"breadcrumb":{"@id":"https:\/\/www.italiaeconomiaonline.it\/web\/caso-whirlpool-lazienda-ha-annunciato-che-non-si-disimpegnera-da-napoli\/#breadcrumb"},"inLanguage":"it-IT","potentialAction":[{"@type":"ReadAction","target":["https:\/\/www.italiaeconomiaonline.it\/web\/caso-whirlpool-lazienda-ha-annunciato-che-non-si-disimpegnera-da-napoli\/"]}]},{"@type":"ImageObject","inLanguage":"it-IT","@id":"https:\/\/www.italiaeconomiaonline.it\/web\/caso-whirlpool-lazienda-ha-annunciato-che-non-si-disimpegnera-da-napoli\/#primaryimage","url":"https:\/\/www.italiaeconomiaonline.it\/web\/wp-content\/uploads\/2019\/06\/luigidimaio-e1560504740557.jpg","contentUrl":"https:\/\/www.italiaeconomiaonline.it\/web\/wp-content\/uploads\/2019\/06\/luigidimaio-e1560504740557.jpg","width":792,"height":439},{"@type":"BreadcrumbList","@id":"https:\/\/www.italiaeconomiaonline.it\/web\/caso-whirlpool-lazienda-ha-annunciato-che-non-si-disimpegnera-da-napoli\/#breadcrumb","itemListElement":[{"@type":"ListItem","position":1,"name":"Home","item":"https:\/\/www.italiaeconomiaonline.it\/web\/"},{"@type":"ListItem","position":2,"name":"Caso Whirlpool: l&#8217;azienda ha annunciato che non si disimpegner\u00e0 da Napoli"}]},{"@type":"WebSite","@id":"https:\/\/www.italiaeconomiaonline.it\/web\/#website","url":"https:\/\/www.italiaeconomiaonline.it\/web\/","name":"ItaliaEconomiaOnline","description":"Quotidiano Economico Online","potentialAction":[{"@type":"SearchAction","target":{"@type":"EntryPoint","urlTemplate":"https:\/\/www.italiaeconomiaonline.it\/web\/?s={search_term_string}"},"query-input":"required name=search_term_string"}],"inLanguage":"it-IT"},{"@type":"Person","@id":"https:\/\/www.italiaeconomiaonline.it\/web\/#\/schema\/person\/909a49cce752523b020fbc37d5ab1c31","name":"ladyitaliaeconomia","image":{"@type":"ImageObject","inLanguage":"it-IT","@id":"https:\/\/www.italiaeconomiaonline.it\/web\/#\/schema\/person\/image\/","url":"https:\/\/secure.gravatar.com\/avatar\/cedca10ce7416a579b9fa6bce9c0a8f2?s=96&d=mm&r=g","contentUrl":"https:\/\/secure.gravatar.com\/avatar\/cedca10ce7416a579b9fa6bce9c0a8f2?s=96&d=mm&r=g","caption":"ladyitaliaeconomia"},"url":"https:\/\/www.italiaeconomiaonline.it\/web\/author\/ladyitaliaeconomia\/"}]}},"_links":{"self":[{"href":"https:\/\/www.italiaeconomiaonline.it\/web\/wp-json\/wp\/v2\/posts\/985"}],"collection":[{"href":"https:\/\/www.italiaeconomiaonline.it\/web\/wp-json\/wp\/v2\/posts"}],"about":[{"href":"https:\/\/www.italiaeconomiaonline.it\/web\/wp-json\/wp\/v2\/types\/post"}],"author":[{"embeddable":true,"href":"https:\/\/www.italiaeconomiaonline.it\/web\/wp-json\/wp\/v2\/users\/1"}],"replies":[{"embeddable":true,"href":"https:\/\/www.italiaeconomiaonline.it\/web\/wp-json\/wp\/v2\/comments?post=985"}],"version-history":[{"count":1,"href":"https:\/\/www.italiaeconomiaonline.it\/web\/wp-json\/wp\/v2\/posts\/985\/revisions"}],"predecessor-version":[{"id":987,"href":"https:\/\/www.italiaeconomiaonline.it\/web\/wp-json\/wp\/v2\/posts\/985\/revisions\/987"}],"wp:featuredmedia":[{"embeddable":true,"href":"https:\/\/www.italiaeconomiaonline.it\/web\/wp-json\/wp\/v2\/media\/986"}],"wp:attachment":[{"href":"https:\/\/www.italiaeconomiaonline.it\/web\/wp-json\/wp\/v2\/media?parent=985"}],"wp:term":[{"taxonomy":"category","embeddable":true,"href":"https:\/\/www.italiaeconomiaonline.it\/web\/wp-json\/wp\/v2\/categories?post=985"},{"taxonomy":"post_tag","embeddable":true,"href":"https:\/\/www.italiaeconomiaonline.it\/web\/wp-json\/wp\/v2\/tags?post=985"}],"curies":[{"name":"wp","href":"https:\/\/api.w.org\/{rel}","templated":true}]}}